{"id":362446,"date":"2025-09-03T04:52:09","date_gmt":"2025-09-03T04:52:09","guid":{"rendered":"https:\/\/www.europesays.com\/fr\/362446\/"},"modified":"2025-09-03T04:52:09","modified_gmt":"2025-09-03T04:52:09","slug":"virales-sur-tiktok-les-peluches-labubu-se-vendent-comme-des-petits-pains-a-paris","status":"publish","type":"post","link":"https:\/\/www.europesays.com\/fr\/362446\/","title":{"rendered":"virales sur TikTok, les peluches Labubu se vendent comme des petits pains \u00e0 Paris"},"content":{"rendered":"<p>            Par<br \/>\n        <strong><br \/>\n            <a href=\"https:\/\/actu.fr\/auteur\/ines-cussac-actu-fr\" title=\"Consulter tous les articles de In\u00e8s Cussac\" target=\"_blank\" rel=\"noopener\">In\u00e8s Cussac<\/a><br \/>\n        <\/strong><\/p>\n<p>        Publi\u00e9 le<\/p>\n<p>            3 sept. 2025 \u00e0 6h12        <\/p>\n<p>\u00ab\u2009C\u2019\u00e9tait mieux avant, quand les gens ne connaissaient pas <a href=\"https:\/\/actu.fr\/grand-est\/strasbourg_67482\/labubu-dans-cette-boutique-a-strasbourg-on-vend-ces-peluches-qui-cartonnent-on-recoit-10-appels-par-jour_62818632.html\" target=\"_blank\" rel=\"noopener\">les Labubu<\/a>\u2009!\u2009\u00bb veut sourire Audrey. La trentenaire patiente depuis une vingtaine de minutes sous la pluie pour entrer dans le magasin <strong>Pop Mart<\/strong>, avenue de l\u2019Op\u00e9ra \u00e0 <a href=\"https:\/\/actu.fr\/ile-de-france\/paris_75056\" target=\"_blank\" rel=\"noopener\">Paris<\/a> (1er). En ce d\u00e9but de mois de septembre\u00a02025, elle n\u2019est pas la seule \u00e0 vouloir se procurer une nouvelle figurine de l\u2019enseigne chinoise sp\u00e9cialiste des <strong>\u00ab\u2009art toys\u2009\u00bb<\/strong>. <br \/>Audrey a connu ces petites \u0153uvres d\u2019art il y a cinq ans lors d\u2019un voyage en Asie. Derri\u00e8re elle en revanche, les autres personnes qui composent la file d\u2019attente ont d\u00e9couvert la marque sur les <a href=\"https:\/\/actu.fr\/tag\/reseaux-sociaux\" target=\"_blank\" rel=\"noopener\">r\u00e9seaux sociaux<\/a>. <a href=\"https:\/\/actu.fr\/societe\/est-ce-la-folie-des-labubu-des-dizaines-de-milliers-de-fausses-peluches-saisies-par-les-douanes_63103645.html\" target=\"_blank\" rel=\"noopener\">Les peluches Labubu,<\/a> surtout, sont devenues virales.<\/p>\n<p>\u00ab\u2009Dans peu de temps \u00e7a fera flop\u2009\u00bb<\/p>\n<p class=\" wall-content\">Depuis plusieurs mois, toutes les boutiques parisiennes de la marque sont d\u00e9valis\u00e9es \u00e0 chaque r\u00e9assort. La recette du succ\u00e8s se compose d\u2019un ensemble d\u2019\u00e9l\u00e9ments. D\u2019abord, l\u2019effet de mode lanc\u00e9 par Lisa, membre du <a href=\"https:\/\/actu.fr\/ile-de-france\/noisy-le-grand_93051\/pour-le-tournage-de-son-dernier-clip-la-star-de-k-pop-rose-a-choisi-cette-ville-de-seine-saint-denis_62257802.html\" target=\"_blank\" rel=\"noopener\">groupe de K-pop Blackpink<\/a>. Ensuite, l\u2019addiction provoqu\u00e9e par l\u2019achat \u00e0 l\u2019aveugle des produits. Comme les <a href=\"https:\/\/actu.fr\/ile-de-france\/vincennes_94080\/val-de-marne-dans-leur-boutique-de-jouets-ils-font-fait-rever-petits-et-grands-depuis-des-generations_62030142.html\" target=\"_blank\" rel=\"noopener\">Sonny Angel<\/a> en leur temps, les figurines sont propos\u00e9es dans <strong>des bo\u00eetes myst\u00e8res<\/strong>. Enfin, la vente s\u00e9lective permet d\u2019impulser la raret\u00e9. \u00ab\u2009C\u2019est un peu comme les paires de Sneakers il y a quelques ann\u00e9es\u2009: c\u2019est une tendance aujourd\u2019hui et puis dans peu de temps \u00e7a fera flop\u2009\u00bb, analyse Quentin, 24 ans, venu accompagn\u00e9 de ses deux amies. \u00ab\u00a0On les voit plus sur TikTok que dans la rue\u00a0\u00bb, abonde l\u2019une d\u2019elles, L\u00e9a. <strong>Le jeune homme a \u00e9t\u00e9 tir\u00e9 au sort<\/strong> lors d\u2019un jeu lanc\u00e9 sur les r\u00e9seaux sociaux lui permettant d\u2019acheter une peluche d\u2019une collection particuli\u00e8re.<\/p>\n<p class=\" wall-content\">\u00c0 un cheveu d\u2019entrer dans la boutique apr\u00e8s une demi-heure d\u2019attente, B\u00e9atrice et Manon, leurs valises \u00e0 la main, savaient ce qui les attendait. \u00ab\u2009C\u2019est un passage oblig\u00e9 en venant \u00e0 Paris parce qu\u2019<strong>il n\u2019y a pas de magasin \u00e0 Marseille<\/strong>\u2009\u00bb, regrette l\u2019une soutenue par l\u2019autre\u2009: \u00ab\u2009On avait pr\u00e9vu d\u2019y aller donc on le fait, m\u00eame s\u2019il faut attendre sous la pluie.\u2009\u00bb<\/p>\n<p class=\" wall-content\">De son c\u00f4t\u00e9, Beno\u00eet a \u00e9galement \u00e9t\u00e9 tir\u00e9 au sort et lui non plus ne vient pas de Paris. Il profite de son passage \u00e9clair dans la capitale pour acheter une figurine \u00e0 sa compagne \u00ab\u2009qui aime <strong>la culture kawa\u00ef<\/strong>, japonaise\u2009\u00bb. Patient, il appr\u00e9cie \u00ab\u2009ne pas \u00eatre press\u00e9 dans la boutique\u2009\u00bb, malgr\u00e9 l\u2019affluence ext\u00e9rieure. Il se r\u00e9jouit toutefois d\u2019apprendre qu\u2019un magasin de 1\u2009377 m\u00b2 ouvrira ses portes boulevard Haussmann prochainement. \u00ab\u2009\u00c7a permettra de faire entrer plus de monde d\u2019un coup\u2009\u00bb, s\u2019enchante-t-il.<\/p>\n<p class=\" wall-content\">Personnalisez votre actualit\u00e9 en ajoutant vos villes et m\u00e9dias en favori avec <a href=\"https:\/\/moncompte.actu.fr\" title=\"D\u00e9couvez Mon Actu\" rel=\"nofollow noopener\" data-trk=\"{&quot;cta&quot;:{&quot;action&quot;:&quot;https:\\\/\\\/moncompte.actu.fr&quot;,&quot;category&quot;:&quot;mon compte&quot;,&quot;from&quot;:&quot;article footer&quot;,&quot;name&quot;:&quot;Mon actu&quot;,&quot;type&quot;:&quot;cta&quot;}}\" target=\"_blank\">Mon Actu<\/a>.<\/p>\n","protected":false},"excerpt":{"rendered":"Par In\u00e8s Cussac Publi\u00e9 le 3 sept. 2025 \u00e0 6h12 \u00ab\u2009C\u2019\u00e9tait mieux avant, quand les gens ne connaissaient&hellip;\n","protected":false},"author":2,"featured_media":362447,"comment_status":"","ping_status":"","sticky":false,"template":"","format":"standard","meta":{"footnotes":""},"categories":[1888],"tags":[1111,1928,11,1927,215,1777,674,1011,27,12,1926,626,1925,25,938,104,2439],"class_list":{"0":"post-362446","1":"post","2":"type-post","3":"status-publish","4":"format-standard","5":"has-post-thumbnail","7":"category-paris","8":"tag-actu","9":"tag-actu-paris","10":"tag-actualites","11":"tag-actualites-paris","12":"tag-commerce","13":"tag-eu","14":"tag-europe","15":"tag-fr","16":"tag-france","17":"tag-news","18":"tag-news-paris","19":"tag-paris","20":"tag-paris-news","21":"tag-republique-francaise","22":"tag-reseaux-sociaux","23":"tag-societe","24":"tag-tiktok"},"share_on_mastodon":{"url":"https:\/\/pubeurope.com\/@fr\/115138575918392898","error":""},"_links":{"self":[{"href":"https:\/\/www.europesays.com\/fr\/wp-json\/wp\/v2\/posts\/362446","targetHints":{"allow":["GET"]}}],"collection":[{"href":"https:\/\/www.europesays.com\/fr\/wp-json\/wp\/v2\/posts"}],"about":[{"href":"https:\/\/www.europesays.com\/fr\/wp-json\/wp\/v2\/types\/post"}],"author":[{"embeddable":true,"href":"https:\/\/www.europesays.com\/fr\/wp-json\/wp\/v2\/users\/2"}],"replies":[{"embeddable":true,"href":"https:\/\/www.europesays.com\/fr\/wp-json\/wp\/v2\/comments?post=362446"}],"version-history":[{"count":0,"href":"https:\/\/www.europesays.com\/fr\/wp-json\/wp\/v2\/posts\/362446\/revisions"}],"wp:featuredmedia":[{"embeddable":true,"href":"https:\/\/www.europesays.com\/fr\/wp-json\/wp\/v2\/media\/362447"}],"wp:attachment":[{"href":"https:\/\/www.europesays.com\/fr\/wp-json\/wp\/v2\/media?parent=362446"}],"wp:term":[{"taxonomy":"category","embeddable":true,"href":"https:\/\/www.europesays.com\/fr\/wp-json\/wp\/v2\/categories?post=362446"},{"taxonomy":"post_tag","embeddable":true,"href":"https:\/\/www.europesays.com\/fr\/wp-json\/wp\/v2\/tags?post=362446"}],"curies":[{"name":"wp","href":"https:\/\/api.w.org\/{rel}","templated":true}]}}