{"id":362454,"date":"2025-09-03T04:57:12","date_gmt":"2025-09-03T04:57:12","guid":{"rendered":"https:\/\/www.europesays.com\/fr\/362454\/"},"modified":"2025-09-03T04:57:12","modified_gmt":"2025-09-03T04:57:12","slug":"lukraine-nacceptera-jamais-loccupation-russe-au-nom-de-pltn-zaporizhzhia","status":"publish","type":"post","link":"https:\/\/www.europesays.com\/fr\/362454\/","title":{"rendered":"L&rsquo;Ukraine n&rsquo;acceptera jamais l&rsquo;occupation russe au nom de PltN Zaporizhzhia"},"content":{"rendered":"<p>AKARTA &#8211; L\u2019Ukraine n\u2019acceptera jamais de l\u00e9galiser l\u2019occupation russe du centre de d\u00e9tention de Zaporojzhia, le retrait imm\u00e9diat des troupes russes \u00e9tant le seul moyen d\u2019y assurer la s\u00e9curit\u00e9, a annonc\u00e9 mardi le minist\u00e8re ukrainien des Affaires \u00e9trang\u00e8res.<\/p>\n<p>r\u00e9nal. La d\u00e9claration du minist\u00e8re ne fait pas directement r\u00e9f\u00e9rence \u00e0 la d\u00e9claration du chef du Kremlin Vladimir Poutine lors d\u2019une visite en Chine selon laquelle Moscou est pr\u00eat \u00e0 coop\u00e9rer avec les \u00c9tats-Unis sur le PLTN, qui a \u00e9t\u00e9 occup\u00e9 dans les premi\u00e8res semaines apr\u00e8s l\u2019invasion de l\u2019Ukraine par Moscou en f\u00e9vrier 2022.<\/p>\n<p>gapotrophe (PLTN) de proporojia est et restera une partie int\u00e9grante du territoire souverain de l\u2019Ukraine \u00bb, a d\u00e9clar\u00e9 le minist\u00e8re, cit\u00e9 par Reuters le 3 septembre.<\/p>\n<p>ronyme : \u201cToute tentative de la Russie de remettre en question ce fait est l\u00e9galement nul et politique inutile\u201d a poursuivi le minist\u00e8re.<\/p>\n<p>ronyme. \u00ab La seule fa\u00e7on de r\u00e9tablir la s\u00e9curit\u00e9 nucl\u00e9aire est le retrait imm\u00e9diat et complet du personnel militaire et d\u2019autres membres du personnel de la centrale nucl\u00e9aire de Ziporojzhia \u00bb, a-t-il d\u00e9clar\u00e9.<\/p>\n<p>The English, Chinese, Japanese, Arabic, and French versions are automatically generated by the AI. So there may still be inaccuracies in translating, please always see Indonesian as our main language.<br \/>\n                                    (system supported by DigitalSiber.id)<\/p>\n","protected":false},"excerpt":{"rendered":"AKARTA &#8211; L\u2019Ukraine n\u2019acceptera jamais de l\u00e9galiser l\u2019occupation russe du centre de d\u00e9tention de Zaporojzhia, le retrait imm\u00e9diat&hellip;\n","protected":false},"author":2,"featured_media":362455,"comment_status":"","ping_status":"","sticky":false,"template":"","format":"standard","meta":{"footnotes":""},"categories":[1591],"tags":[11,1887,12,49752,49750,8013,49751,1885,1886,132,23289],"class_list":{"0":"post-362454","1":"post","2":"type-post","3":"status-publish","4":"format-standard","5":"has-post-thumbnail","7":"category-russie","8":"tag-actualites","9":"tag-federation-de-russie","10":"tag-news","11":"tag-pltn-prasorizhzhia","12":"tag-ronyme","13":"tag-russe","14":"tag-russe-et-ukrainienne","15":"tag-russia","16":"tag-russian-federation","17":"tag-russie","18":"tag-ukrainienne"},"share_on_mastodon":{"url":"https:\/\/pubeurope.com\/@fr\/115138595646691483","error":""},"_links":{"self":[{"href":"https:\/\/www.europesays.com\/fr\/wp-json\/wp\/v2\/posts\/362454","targetHints":{"allow":["GET"]}}],"collection":[{"href":"https:\/\/www.europesays.com\/fr\/wp-json\/wp\/v2\/posts"}],"about":[{"href":"https:\/\/www.europesays.com\/fr\/wp-json\/wp\/v2\/types\/post"}],"author":[{"embeddable":true,"href":"https:\/\/www.europesays.com\/fr\/wp-json\/wp\/v2\/users\/2"}],"replies":[{"embeddable":true,"href":"https:\/\/www.europesays.com\/fr\/wp-json\/wp\/v2\/comments?post=362454"}],"version-history":[{"count":0,"href":"https:\/\/www.europesays.com\/fr\/wp-json\/wp\/v2\/posts\/362454\/revisions"}],"wp:featuredmedia":[{"embeddable":true,"href":"https:\/\/www.europesays.com\/fr\/wp-json\/wp\/v2\/media\/362455"}],"wp:attachment":[{"href":"https:\/\/www.europesays.com\/fr\/wp-json\/wp\/v2\/media?parent=362454"}],"wp:term":[{"taxonomy":"category","embeddable":true,"href":"https:\/\/www.europesays.com\/fr\/wp-json\/wp\/v2\/categories?post=362454"},{"taxonomy":"post_tag","embeddable":true,"href":"https:\/\/www.europesays.com\/fr\/wp-json\/wp\/v2\/tags?post=362454"}],"curies":[{"name":"wp","href":"https:\/\/api.w.org\/{rel}","templated":true}]}}