{"id":362459,"date":"2025-09-03T05:00:13","date_gmt":"2025-09-03T05:00:13","guid":{"rendered":"https:\/\/www.europesays.com\/fr\/362459\/"},"modified":"2025-09-03T05:00:13","modified_gmt":"2025-09-03T05:00:13","slug":"les-britanniques-destabilises-par-lete-le-plus-chaud-jamais-enregistre","status":"publish","type":"post","link":"https:\/\/www.europesays.com\/fr\/362459\/","title":{"rendered":"les Britanniques d\u00e9stabilis\u00e9s par l&rsquo;\u00e9t\u00e9 le plus chaud jamais enregistr\u00e9"},"content":{"rendered":"<p class=\"article-p mdl\"><strong>L&rsquo;\u00e9t\u00e9 2025 est l&rsquo;\u00e9t\u00e9 le plus chaud jamais enregistr\u00e9 au Royaume-Uni.<\/strong> Sachant que\u00a0l&rsquo;agence m\u00e9t\u00e9orologique anglaise, le Met Office, rel\u00e8ve les temp\u00e9ratures depuis 1884, donc plus de 140 ans.\u00a0Un ph\u00e9nom\u00e8ne qui se r\u00e9p\u00e8te puisque les cinq \u00e9t\u00e9s les plus chauds ont tous eu lieu apr\u00e8s 2000.<\/p>\n<p class=\"article-p mdl\">Et cela perturbent les Britanniques, peu habitu\u00e9s \u00e0 une telle m\u00e9t\u00e9o. Presque la moiti\u00e9 d\u2019entre eux (<strong>47%) ont eu des probl\u00e8mes pour dormir cet \u00e9t\u00e9,<\/strong> selon un sondage de l&rsquo;association Citizens Advice. Un tiers d\u00e9clare avoir eu du mal \u00e0 maintenir son logement au frais. Il faut dire qu\u2019ils n\u2019ont pas \u00e9t\u00e9 con\u00e7us pour supporter de telles temp\u00e9ratures. Il y a eu <strong>4 vagues de chaleur<\/strong> cet \u00e9t\u00e9 dans le pays.<\/p>\n<p class=\"article-p mdl\">Cons\u00e9quences : l&rsquo;\u00e9tat de s\u00e9cheresse a \u00e9t\u00e9 d\u00e9clar\u00e9e dans cinq r\u00e9gions d&rsquo;Angleterre. Pr\u00e8s de Manchester, <strong>les<\/strong> <strong>vestiges d\u2019un ancien village <\/strong>d\u00e9truit lors de la construction d&rsquo;un r\u00e9servoir d\u2019eau <strong>sont r\u00e9apparus c<\/strong>ar le r\u00e9servoir est quasi \u00e0 sec.<\/p>\n<p class=\"article-p mdl\">En\u00a0\u00c9cosse,<strong> les distilleries de whisky <\/strong>qui puisent dans les cours d\u2019eau, l\u2019eau n\u00e9cessaire \u00e0 sa fabrication doivent<strong> limiter leur pr\u00e9l\u00e8vement. <\/strong>Quant au nombre d\u2019incendies, il n\u2019a jamais \u00e9t\u00e9 aussi important en Angleterre et au Pays de Galles avec plus de <strong>850 feux depuis le d\u00e9but de l&rsquo;ann\u00e9e,<\/strong> un record.<\/p>\n<p>    La r\u00e9daction vous recommande<\/p>\n<p class=\"s-newsletter__title\">\n                L\u2019actualit\u00e9 par la r\u00e9daction de RTL dans votre bo\u00eete mail.\n            <\/p>\n<p class=\"s-newsletter__subtitle\">\n                Gr\u00e2ce \u00e0 votre compte RTL abonnez-vous \u00e0 la newsletter RTL info pour suivre toute l&rsquo;actualit\u00e9 au quotidien\n            <\/p>\n<p>\n                                    Lire la suite\n                                <\/p>\n","protected":false},"excerpt":{"rendered":"L&rsquo;\u00e9t\u00e9 2025 est l&rsquo;\u00e9t\u00e9 le plus chaud jamais enregistr\u00e9 au Royaume-Uni. Sachant que\u00a0l&rsquo;agence m\u00e9t\u00e9orologique anglaise, le Met Office,&hellip;\n","protected":false},"author":2,"featured_media":362460,"comment_status":"","ping_status":"","sticky":false,"template":"","format":"standard","meta":{"footnotes":""},"categories":[1588],"tags":[11,4708,6609,1777,674,107,12,12044,362,473,1853,1851,1850,1852],"class_list":{"0":"post-362459","1":"post","2":"type-post","3":"status-publish","4":"format-standard","5":"has-post-thumbnail","7":"category-royaume-uni","8":"tag-actualites","9":"tag-angleterre","10":"tag-ecosse","11":"tag-eu","12":"tag-europe","13":"tag-fil-info","14":"tag-news","15":"tag-pays-de-galles","16":"tag-replay","17":"tag-royaume-uni","18":"tag-royaume-uni-de-grande-bretagne-et-dirlande-du-nord","19":"tag-uk","20":"tag-united-kingdom","21":"tag-united-kingdom-of-great-britain-and-northern-ireland"},"share_on_mastodon":{"url":"https:\/\/pubeurope.com\/@fr\/115138607561822171","error":""},"_links":{"self":[{"href":"https:\/\/www.europesays.com\/fr\/wp-json\/wp\/v2\/posts\/362459","targetHints":{"allow":["GET"]}}],"collection":[{"href":"https:\/\/www.europesays.com\/fr\/wp-json\/wp\/v2\/posts"}],"about":[{"href":"https:\/\/www.europesays.com\/fr\/wp-json\/wp\/v2\/types\/post"}],"author":[{"embeddable":true,"href":"https:\/\/www.europesays.com\/fr\/wp-json\/wp\/v2\/users\/2"}],"replies":[{"embeddable":true,"href":"https:\/\/www.europesays.com\/fr\/wp-json\/wp\/v2\/comments?post=362459"}],"version-history":[{"count":0,"href":"https:\/\/www.europesays.com\/fr\/wp-json\/wp\/v2\/posts\/362459\/revisions"}],"wp:featuredmedia":[{"embeddable":true,"href":"https:\/\/www.europesays.com\/fr\/wp-json\/wp\/v2\/media\/362460"}],"wp:attachment":[{"href":"https:\/\/www.europesays.com\/fr\/wp-json\/wp\/v2\/media?parent=362459"}],"wp:term":[{"taxonomy":"category","embeddable":true,"href":"https:\/\/www.europesays.com\/fr\/wp-json\/wp\/v2\/categories?post=362459"},{"taxonomy":"post_tag","embeddable":true,"href":"https:\/\/www.europesays.com\/fr\/wp-json\/wp\/v2\/tags?post=362459"}],"curies":[{"name":"wp","href":"https:\/\/api.w.org\/{rel}","templated":true}]}}