{"id":362461,"date":"2025-09-03T05:01:10","date_gmt":"2025-09-03T05:01:10","guid":{"rendered":"https:\/\/www.europesays.com\/fr\/362461\/"},"modified":"2025-09-03T05:01:10","modified_gmt":"2025-09-03T05:01:10","slug":"pronostic-slovaquie-allemagne-coupe-du-monde","status":"publish","type":"post","link":"https:\/\/www.europesays.com\/fr\/362461\/","title":{"rendered":"Pronostic Slovaquie Allemagne &#8211; Coupe du Monde"},"content":{"rendered":"<p class=\"text-xs leading-5 text-gray-400 mb-2\">\n                        Publi\u00e9 le 02\/09\/2025 13:45<br \/>\n                        \u00a0par<br \/>\n                                                            <a href=\"https:\/\/www.sportytrader.com\/auteur\/steeven-occhipinti-1\/\" rel=\"nofollow noopener\" target=\"_blank\">Steeven Occhipinti<\/a><\/p>\n<p>                                                                                                            dans<br \/>\n                                <a data-trans=\"tips.published.competition %competition%\" href=\"https:\/\/www.sportytrader.com\/pronostics\/football\/monde\/coupe-monde-football\/\" rel=\"nofollow noopener\" target=\"_blank\"><br \/>\n                                    Pronostic Coupe du Monde<br \/>\n                                <\/a><\/p>\n<p style=\"text-align: justify;\">Dans la zone Europe, le groupe A des qualifications de la Coupe du Monde 2026 donne son coup d&rsquo;envoi ! C&rsquo;est ce jeudi \u00e0 20h45 que la Slovaquie et l&rsquo;Allemagne vont lancer les hostilit\u00e9s au\u00a0Teheln\u00e9 pole de Bratislava. Les Slovaques ont une r\u00e9elle chance de disputer les barrages dans cette poule de 4 nations. Ils vont cependant d\u00e9fier le grand favori de ce groupe pour leur entr\u00e9e en lice. L&rsquo;\u00e9quipe entra\u00een\u00e9e par\u00a0Francesco Calzona n&rsquo;a pas fait le plein de confiance, puisqu&rsquo;elle est tomb\u00e9e lors de ses 2 pr\u00e9c\u00e9dentes affiches amicales, face \u00e0 la Gr\u00e8ce (4-1) et face \u00e0 l&rsquo;Isra\u00ebl (1-0). Ce sera encore plus difficile ce jeudi.<\/p>\n<p style=\"text-align: justify;\">L&rsquo;Allemagne est tomb\u00e9e de haut lors du dernier Final Four de la Ligue des Nations. Pays h\u00f4te, la Mannschaft s&rsquo;attendait \u00e0 briller et \u00e0 aller chercher le sacre devant ses fans. Elle a toutefois d\u00fb se contenter d&rsquo;une 4e place, apr\u00e8s ses d\u00e9faites face au Portugal (1-2) et face \u00e0 la France (0-2). Les hommes de Julian Nagelsmann ont bien l&rsquo;intention de se reprendre pour cette nouvelle \u00e9ch\u00e9ance tr\u00e8s importante. Ils voudront sortir le grand jeu et aller chercher une premi\u00e8re victoire dans ces qualifications. Le s\u00e9lectionneur allemand pourra compter sur ses cadres que sont Antonio R\u00fcdiger, Joshua Kimmich ou encore Florian Wirtz.<\/p>\n","protected":false},"excerpt":{"rendered":"Publi\u00e9 le 02\/09\/2025 13:45 \u00a0par Steeven Occhipinti dans Pronostic Coupe du Monde Dans la zone Europe, le groupe&hellip;\n","protected":false},"author":2,"featured_media":362462,"comment_status":"","ping_status":"","sticky":false,"template":"","format":"standard","meta":{"footnotes":""},"categories":[1587],"tags":[11,672,1804,451,1805,1803,1777,674,1801,12,1817,1821,1802,10845],"class_list":{"0":"post-362461","1":"post","2":"type-post","3":"status-publish","4":"format-standard","5":"has-post-thumbnail","7":"category-allemagne","8":"tag-actualites","9":"tag-allemagne","10":"tag-bundesrepublik-deutschland","11":"tag-coupe-du-monde","12":"tag-de","13":"tag-deutschland","14":"tag-eu","15":"tag-europe","16":"tag-germany","17":"tag-news","18":"tag-pronostic","19":"tag-pronostics","20":"tag-republique-federale-dallemagne","21":"tag-slovaquie"},"share_on_mastodon":{"url":"https:\/\/pubeurope.com\/@fr\/115138611469208753","error":""},"_links":{"self":[{"href":"https:\/\/www.europesays.com\/fr\/wp-json\/wp\/v2\/posts\/362461","targetHints":{"allow":["GET"]}}],"collection":[{"href":"https:\/\/www.europesays.com\/fr\/wp-json\/wp\/v2\/posts"}],"about":[{"href":"https:\/\/www.europesays.com\/fr\/wp-json\/wp\/v2\/types\/post"}],"author":[{"embeddable":true,"href":"https:\/\/www.europesays.com\/fr\/wp-json\/wp\/v2\/users\/2"}],"replies":[{"embeddable":true,"href":"https:\/\/www.europesays.com\/fr\/wp-json\/wp\/v2\/comments?post=362461"}],"version-history":[{"count":0,"href":"https:\/\/www.europesays.com\/fr\/wp-json\/wp\/v2\/posts\/362461\/revisions"}],"wp:featuredmedia":[{"embeddable":true,"href":"https:\/\/www.europesays.com\/fr\/wp-json\/wp\/v2\/media\/362462"}],"wp:attachment":[{"href":"https:\/\/www.europesays.com\/fr\/wp-json\/wp\/v2\/media?parent=362461"}],"wp:term":[{"taxonomy":"category","embeddable":true,"href":"https:\/\/www.europesays.com\/fr\/wp-json\/wp\/v2\/categories?post=362461"},{"taxonomy":"post_tag","embeddable":true,"href":"https:\/\/www.europesays.com\/fr\/wp-json\/wp\/v2\/tags?post=362461"}],"curies":[{"name":"wp","href":"https:\/\/api.w.org\/{rel}","templated":true}]}}