{"id":362470,"date":"2025-09-03T05:06:10","date_gmt":"2025-09-03T05:06:10","guid":{"rendered":"https:\/\/www.europesays.com\/fr\/362470\/"},"modified":"2025-09-03T05:06:10","modified_gmt":"2025-09-03T05:06:10","slug":"3-septembre-1975-france-islande-un-geyser-nomme-guillou","status":"publish","type":"post","link":"https:\/\/www.europesays.com\/fr\/362470\/","title":{"rendered":"3 septembre 1975 : France-Islande, un geyser nomm\u00e9 Guillou"},"content":{"rendered":"<p>Apr\u00e8s trois rencontres sans en remporter une seule, il ne reste plus qu\u2019une chance infime \u00e0 l\u2019\u00e9quipe de France de se qualifier pour les quarts de finale de la Coupe d\u2019Europe des Nations 1976. Les hommes de \u0218tefan Kov\u00e1cs abordent la deuxi\u00e8me partie des \u00e9liminatoires avec l\u2019obligation de remporter leurs trois prochains matchs, \u00e0 commencer celui contre l\u2019Islande qu\u2019ils re\u00e7oivent \u00e0 Nantes le 3 septembre 1975.<\/p>\n<p>Retour \u00e0 Nantes<\/p>\n<p>Trois mois plus t\u00f4t, cette m\u00eame s\u00e9lection islandaise avait jou\u00e9 un bien mauvais tour aux Tricolores en les tenant en \u00e9chec (0-0) sur leur terrain pel\u00e9 du Laugardalsv\u00f6llur \u00e0 Reykjavik. Les footballeurs islandais font alors partie des nations plut\u00f4t faibles du continent europ\u00e9en. La premi\u00e8re fois que l\u2019\u00e9quipe de France les a affront\u00e9s, c\u2019\u00e9tait d\u00e9j\u00e0 \u00e0 Nantes en 1957 et les hommes d\u2019Albert Batteux leur avaient coll\u00e9 un 8-0 (record \u00e9gal\u00e9 pour les Fran\u00e7ais) avant de leur faire subir un sort comparable sur leur \u00eele (5-1). Vingt ans plus tard, les choses ont un peu \u00e9volu\u00e9, m\u00eame si l\u2019on ignore si le 0-0 d\u2019avril 1975 r\u00e9sulte d\u2019un progr\u00e8s des hommes du Nord ou du d\u00e9clin de la s\u00e9lection fran\u00e7aise. La s\u00e9lection islandaise qui d\u00e9barque \u00e0 Nantes ne compte que trois professionnels dans ses rangs\u00a0: le capitaine et d\u00e9fenseur J\u00f3hannes E\u00f0valdsson, qui joue au Celtic Glasgow, et les attaquants Gu\u00f0geir Leifsson (Charleroi) et \u00c1sgeir Sigurvinsson  (Standard de Li\u00e8ge), tous deux \u00e9voluant dans le championnat belge<\/p>\n<p>\u0218tefan Kov\u00e1cs, en tout cas, prend l\u2019affaire au s\u00e9rieux. Comme il en a l\u2019habitude d\u00e9sormais, il lance le rassemblement par un match des Tricolores face \u00e0 une \u00e9quipe de club, cens\u00e9 \u00eatre plus difficile surtout si l\u2019adversaire est de valeur. Il parvient ainsi \u00e0 faire venir le Real Madrid au Parc des Princes le <a href=\"https:\/\/www.chroniquesbleues.fr\/france-real-madrid-1975\" class=\"spip_in\" rel=\"nofollow noopener\" target=\"_blank\">19 ao\u00fbt 1975<\/a>, ce qui attire quelque 37.000 spectateurs et permet aux Fran\u00e7ais d\u2019obtenir une belle victoire (3-1) face \u00e0 une \u00e9quipe qui, il est vrai, n\u2019avait pas encore d\u00e9but\u00e9 sa saison. Ce match contre le Real a \u00e9t\u00e9 l\u2019occasion de voir d\u00e9buter deux ailiers prometteurs, le St\u00e9phanois Dominique Rocheteau \u00e0 droite et le Marseillais Albert Emon \u00e0 gauche.<\/p>\n<p>A Nantes, deux semaines plus tard, \u0218tefan Kov\u00e1cs reconduit \u00e0 peu pr\u00e8s la m\u00eame \u00e9quipe avec les deux ailiers autour du Ni\u00e7ois Marc Molitor en attaque. Derri\u00e8re, il conserve la m\u00eame d\u00e9fense autour de sa garde noire, Marius Tr\u00e9sor et Jean-Pierre Adams, avec sur les c\u00f4t\u00e9s l\u2019inamovible Fran\u00e7ois Bracci et le fougueux Raymond Domenech, dont c\u2019est la deuxi\u00e8me s\u00e9lection, deux ans et demi apr\u00e8s la premi\u00e8re.<\/p>\n<p>Cinq Ni\u00e7ois pour un seul Vert<\/p>\n<p>Le technicien roumain reconduit son milieu de terrain f\u00e9tiche Huck-Michel-Guillou, auquel il avait tent\u00e9, contre le Real, de greffer Jean-Michel Larqu\u00e9, sans y trouver les am\u00e9liorations envisag\u00e9es. Le capitaine de l\u2019ASSE \u00e9tant forfait, Rocheteau est le seul St\u00e9phanois pr\u00e9sent sur la pelouse, ce qui ne manque pas de faire grincer quelques dents, notamment ceux qui estiment que le s\u00e9lectionneur devrait s\u2019appuyer sur l\u2019exp\u00e9rience que les hommes de Robert Herbin ont acquis en Coupe d\u2019Europe.<\/p>\n<p>Le s\u00e9lectionneur manifeste une pr\u00e9f\u00e9rence pour les deux co-leaders du championnat, Nice et Marseille. Avec Dominique Baratelli dans les buts, cela fait pas moins de cinq Aiglons align\u00e9s parmi les Coqs, ainsi que trois Marseillais. On note toutefois l\u2019absence de Georges Bereta, une premi\u00e8re depuis trois ans. Son brassard est confi\u00e9 au r\u00e9gional de l\u2019\u00e9tape Henri Michel.<\/p>\n<p>L\u2019\u00e9quipe de France se pr\u00e9pare \u00e0 la Baule avant de gagner le stade Marcel-Saupin o\u00f9 l\u2019attendent quelque 15.000 spectateurs. La FFF n\u2019en esp\u00e9rait pas plus, raison pour laquelle elle a choisi le stade nantais, ce qui n\u2019est pas pour d\u00e9plaire \u00e0 Henri Michel, grand ma\u00eetre des lieux. La France n\u2019avait pas jou\u00e9 en province depuis presque quatre ans, et un France-Bulgarie disput\u00e9 en novembre 1971\u2026 \u00e0 Nantes.<\/p>\n<p>Le d\u00e9but de match est compliqu\u00e9. Les Fran\u00e7ais, dans leur traditionnelle tenue bleu-blanc-rouge, sont bouscul\u00e9s par les gaillards d\u2019en face, tout de blanc v\u00eatus. Les hommes de Kov\u00e1cs ne parviennent pas \u00e0 s\u2019approcher du but gard\u00e9 par le valeureux \u00c1rni Stef\u00e1nsson. Rocheteau tente bien un tir lointain du gauche, mais il ne surprend pas le gardien islandais.<\/p>\n<p>Guillou brise la glace<\/p>\n<p>L\u2019\u00e9quipe de France s\u2019en remet alors \u00e0 son ma\u00eetre \u00e0 jouer, Jean-Marc Guillou. Le Ni\u00e7ois re\u00e7oit un ballon de son co\u00e9quipier Huck. Il s\u2019avance vers la surface, s\u2019appuie sur Henri Michel pour un une-deux parfait. Le num\u00e9ro 10 fran\u00e7ais entre dans la surface, \u00e9vite les d\u00e9fenseurs venus \u00e0 sa rencontre et glisse le ballon dans la cage.<\/p>\n<p>Les Fran\u00e7ais ont ouvert le score (1-0) et semblent avoir trouv\u00e9 la cl\u00e9 pour d\u00e9border la d\u00e9fense islandaise. A peine le premier but c\u00e9l\u00e9br\u00e9 qu\u2019Henri Michel adresse un centre parfait que Marc Molitor, seul devant le gardien, ne parvient pas \u00e0 contr\u00f4ler. L\u2019attaquant ni\u00e7ois est dans un mauvais jour. Il manquera plusieurs occasions. Jean-No\u00ebl Huck tente \u00e9galement de faire le break, mais ses frappes manquent le cadre ou sont repouss\u00e9es par le gardien.<\/p>\n<p>A la pause, \u0218tefan Kov\u00e1cs d\u00e9cide de faire sortir le malheureux Marc Molitor, qui met sans le savoir fin \u00e0 sa carri\u00e8re internationale. Le Ni\u00e7ois est remplac\u00e9 par l\u2019Angevin Marc Berdoll, toujours convoqu\u00e9 alors que son club, le SCO Angers, \u00e9volue en deuxi\u00e8me division. Les Fran\u00e7ais reprennent timidement la partie alors que les Islandais se payent leur premi\u00e8re v\u00e9ritable occasion, quand un centre-tir tendu oblige Baratelli \u00e0 d\u00e9vier le ballon en corner.<\/p>\n<p>Apr\u00e8s l\u2019heure de jeu, Huck adresse un centre a\u00e9rien \u00e0 Rocheteau qui lutte avec le gardien pour reprendre de la t\u00eate. Alors que les deux hommes sont au sol, Rocheteau pousse discr\u00e8tement le ballon du bras pour le faire rouler derri\u00e8re la ligne. Mais l\u2019arbitre luxembourgeois Albert Victor a tout vu.<\/p>\n<p>Le moral des Fran\u00e7ais<\/p>\n<p>Plus le temps passe, moins les Fran\u00e7ais se cr\u00e9ent d\u2019occasions et plus ils s\u2019exposent \u00e0 une \u00e9galisation islandaise. La situation, une nouvelle fois, va \u00eatre d\u00e9bloqu\u00e9e par Jean-Marc Guillou. A l\u2019entr\u00e9e du dernier quart d\u2019heure, le Ni\u00e7ois combine avec Emon, s\u2019avance vers la surface islandaise et, au niveau de l\u2019arc de cercle, d\u00e9clenche une frappe du droit qu\u2019il loge dans la lucarne de Stef\u00e1nsson. \u0218tefan Kov\u00e1cs a souvent reproch\u00e9 \u00e0 Guillou de ne pas marquer assez de buts. Ce doubl\u00e9 inattendu le comble de joie. Le joueur ni\u00e7ois rappelle en quelque sorte que c\u2019est lui le r\u00e9gional de l\u2019\u00e9tape, puisqu\u2019il est n\u00e9 et a grandi dans la r\u00e9gion nantaise.<\/p>\n<p>Comme en premi\u00e8re mi-temps, l\u2019\u00e9quipe de France ragaillardie par la r\u00e9ussite de son meneur de jeu retrouve l\u2019inspiration et se cr\u00e9e de nouvelles occasions. Cela permet de faire briller le gardien islandais mais aussi aux montants de trembler. Il faut toutefois attendre la 87e minute pour voir l\u2019\u00e9quipe de France concr\u00e9tiser enfin sa domination. Sur un centre de Rocheteau, un d\u00e9fenseur islandais manque son d\u00e9gagement, ce dont profite le rempla\u00e7ant Berdoll, qui fait \u00e0 son tour trembler les filets.<\/p>\n<p>Les Fran\u00e7ais trouvent le temps de se cr\u00e9er de nouvelles occasions mais le score en restera finalement \u00e0 3-0. Au coup de sifflet de l\u2019arbitre, Jean-No\u00ebl Huck glisse le ballon du match sous son maillot. Bien que la rencontre n\u2019ait pas \u00e9t\u00e9 vraiment aboutie, le r\u00e9sultat permet aux Tricolores de conserver un peu d\u2019espoir pour la suite de l\u2019\u00e9preuve. Ils recevront d\u2019ailleurs un t\u00e9l\u00e9gramme enthousiaste du Premier Ministre Jacques Chirac, soucieux du moral des Fran\u00e7ais en ces temps devenus incertains apr\u00e8s les chocs p\u00e9troliers.<\/p>\n<\/p>\n<p>\u00a0<\/p>\n<p>Nantes, stade Marcel-Saupin, le mercredi 3 septembre 1975<br class=\"autobr\"\/><br \/>\nFrance bat Islande 3-0<br class=\"autobr\"\/><br \/>\nButs\u00a0: Guillou (20\u2019),  Guillou (74\u2019),  Berdoll (87\u2019).<br class=\"autobr\"\/><br \/>\nFRANCE\u00a0: Baratelli &#8211; Domenech, Adams, Tr\u00e9sor, Bracci &#8211; Huck, Michel (cap.), Guillou &#8211; Rocheteau, Molitor (46\u2019 Berdoll), Emon. S\u00e9lectionneur\u00a0: \u0218tefan Kov\u00e1cs.<br class=\"autobr\"\/><br \/>\nISLANDE\u00a0: Stef\u00e1nsson &#8211; O.Sigurvinsson, P\u00e9tursson, M.Geirsson, E\u00f0valdsson (cap.) &#8211; Torfason, Hilmarsson (61\u2019 K.\u00de\u00f3r\u00f0arson), Leifsson &#8211; A.Sigurvinsson, T.\u00de\u00f3r\u00f0arson, Hallgr\u00edmsson (75\u2019 E.Geirsson). S\u00e9lectionneur\u00a0: Tony Knapp.<br class=\"autobr\"\/><br \/>\nArbitre\u00a0: Albert Victor (Luxembourg)<br class=\"autobr\"\/><br \/>\n14 217 spectateurs.<br class=\"autobr\"\/>\n<\/p>\n<tr class=\"row_first\">Joueur\u00c2gePosteS\u00e9lectionsClub<\/tr>\n<tr class=\"row_odd odd\">\n<td headers=\"id5e98_c0\">Dominique Baratelli<\/td>\n<td headers=\"id5e98_c1\">27 ans<\/td>\n<td headers=\"id5e98_c2\">Gardien<\/td>\n<td headers=\"id5e98_c3\">10\/21<\/td>\n<td headers=\"id5e98_c4\">OGC Nice<\/td>\n<\/tr>\n<tr class=\"row_even even\">\n<td headers=\"id5e98_c0\">Raymond Domenech<\/td>\n<td headers=\"id5e98_c1\">23 ans<\/td>\n<td headers=\"id5e98_c2\">D\u00e9fenseur<\/td>\n<td headers=\"id5e98_c3\">2\/8<\/td>\n<td headers=\"id5e98_c4\">Olympique Lyonnais<\/td>\n<\/tr>\n<tr class=\"row_odd odd\">\n<td headers=\"id5e98_c0\">Jean-Pierre Adams<\/td>\n<td headers=\"id5e98_c1\">27 ans<\/td>\n<td headers=\"id5e98_c2\">D\u00e9fenseur<\/td>\n<td headers=\"id5e98_c3\">20\/22<\/td>\n<td headers=\"id5e98_c4\">OGC Nice<\/td>\n<\/tr>\n<tr class=\"row_even even\">\n<td headers=\"id5e98_c0\">Marius Tr\u00e9sor<\/td>\n<td headers=\"id5e98_c1\">25 ans<\/td>\n<td headers=\"id5e98_c2\">D\u00e9fenseur<\/td>\n<td headers=\"id5e98_c3\">23\/65<\/td>\n<td headers=\"id5e98_c4\">Olympique Marseille<\/td>\n<\/tr>\n<tr class=\"row_odd odd\">\n<td headers=\"id5e98_c0\">Fran\u00e7ois Bracci<\/td>\n<td headers=\"id5e98_c1\">23 ans<\/td>\n<td headers=\"id5e98_c2\">D\u00e9fenseur<\/td>\n<td headers=\"id5e98_c3\">11\/18<\/td>\n<td headers=\"id5e98_c4\">Olympique Marseille<\/td>\n<\/tr>\n<tr class=\"row_even even\">\n<td headers=\"id5e98_c0\">Jean-No\u00ebl Huck<\/td>\n<td headers=\"id5e98_c1\">26 ans<\/td>\n<td headers=\"id5e98_c2\">Milieu<\/td>\n<td headers=\"id5e98_c3\">16\/17<\/td>\n<td headers=\"id5e98_c4\">OGC Nice<\/td>\n<\/tr>\n<tr class=\"row_odd odd\">\n<td headers=\"id5e98_c0\">Henri Michel (cap)<\/td>\n<td headers=\"id5e98_c1\">27 ans<\/td>\n<td headers=\"id5e98_c2\">Milieu<\/td>\n<td headers=\"id5e98_c3\">44\/58<\/td>\n<td headers=\"id5e98_c4\">FC Nantes<\/td>\n<\/tr>\n<tr class=\"row_even even\">\n<td headers=\"id5e98_c0\">Jean-Marc Guillou<\/td>\n<td headers=\"id5e98_c1\">29 ans<\/td>\n<td headers=\"id5e98_c2\">Milieu<\/td>\n<td headers=\"id5e98_c3\">10\/19<\/td>\n<td headers=\"id5e98_c4\">OGC Nice<\/td>\n<\/tr>\n<tr class=\"row_odd odd\">\n<td headers=\"id5e98_c0\">Dominique Rocheteau<\/td>\n<td headers=\"id5e98_c1\">20 ans<\/td>\n<td headers=\"id5e98_c2\">Attaquant<\/td>\n<td headers=\"id5e98_c3\">1\/49<\/td>\n<td headers=\"id5e98_c4\">AS Saint-Etienne<\/td>\n<\/tr>\n<tr class=\"row_even even\">\n<td headers=\"id5e98_c0\">Marc Molitor (45\u2019) &gt;<\/td>\n<td headers=\"id5e98_c1\">26 ans<\/td>\n<td headers=\"id5e98_c2\">Attaquant<\/td>\n<td headers=\"id5e98_c3\">10\/10<\/td>\n<td headers=\"id5e98_c4\">OGC Nice<\/td>\n<\/tr>\n<tr class=\"row_odd odd\">\n<td headers=\"id5e98_c0\">&gt; (45\u2019) Marc Berdoll<\/td>\n<td headers=\"id5e98_c1\">22 ans<\/td>\n<td headers=\"id5e98_c2\">Attaquant<\/td>\n<td headers=\"id5e98_c3\">5\/16<\/td>\n<td headers=\"id5e98_c4\">SCO Angers<\/td>\n<\/tr>\n<tr class=\"row_even even\">\n<td headers=\"id5e98_c0\">Albert Emon<\/td>\n<td headers=\"id5e98_c1\">22 ans<\/td>\n<td headers=\"id5e98_c2\">Attaquant<\/td>\n<td headers=\"id5e98_c3\">1\/8<\/td>\n<td headers=\"id5e98_c4\">Olympique Marseille<\/td>\n<\/tr>\n<p>pour finir&#8230;<\/p>\n<p>La r\u00e9daction de cet article a n\u00e9cessit\u00e9 la consultation des sites <a href=\"http:\/\/selectiona.free.fr\/\" class=\"spip_out\" rel=\"external nofollow noopener\" target=\"_blank\">selectiona.free.fr<\/a>, RSSSF, L\u2019\u00c9quipe, FFF, Wikip\u00e9dia, la relecture d\u2019anciens exemplaires de France-Football, L\u2019\u00c9quipe, Mondial, Onze&#8230; ainsi que des ouvrages \u00ab\u00a0La fabuleuse histoire du football\u00a0\u00bb de Jacques Thibert et Jean-Phlippe Rethacker (Nathan, 1990), \u00ab\u00a0L\u2019int\u00e9grale de l\u2019\u00e9quipe de France de football\u00a0\u00bb de Pierre Cazal, Jean-Michel Cazal et Michel Oreggia (First \u00e9dition, 1998), \u00ab\u00a0<a href=\"https:\/\/www.chroniquesbleues.fr\/Les-1000-joueurs-de-l-equipe-de-France\" class=\"spip_in\" rel=\"nofollow noopener\" target=\"_blank\">Les 1000 joueurs de l\u2019\u00e9quipe de France<\/a>\u00a0\u00bb de J\u00e9r\u00f4me Bergot (Talent Sport, 2021), \u00ab\u00a0<a href=\"https:\/\/www.chroniquesbleues.fr\/Selectionneurs-des-Bleus\" class=\"spip_in\" rel=\"nofollow noopener\" target=\"_blank\">S\u00e9lectionneur des Bleus<\/a>\u00a0\u00bb de Pierre Cazal (Mareuil, 2021), \u00ab\u00a0<a href=\"https:\/\/www.chroniquesbleues.fr\/Dico-des-Bleus-v3\" class=\"spip_in\" rel=\"nofollow noopener\" target=\"_blank\">Le Dico des Bleus<\/a>\u00a0\u00bb de Matthieu Delahais, Bruno Colombari et Alain Dautel (Marabout, 2017-2018-2022), \u00ab\u00a0<a href=\"https:\/\/www.chroniquesbleues.fr\/un-maillot-une-legende-1773\" class=\"spip_in\" rel=\"nofollow noopener\" target=\"_blank\">Un maillot, une l\u00e9gende<\/a>\u00a0\u00bb  de Bruno Colombari et Matthieu Delahais (Solar 2020), \u00ab\u00a0<a href=\"https:\/\/www.chroniquesbleues.fr\/interview-daniel-ollivier-jean-vincent\" class=\"spip_in\" rel=\"nofollow noopener\" target=\"_blank\">Jean Vincent, la passion du football<\/a>\u00a0\u00bb de Daniel Ollivier (Jamet \u00e9ditions, 2023), \u00ab\u00a0<a href=\"https:\/\/www.chroniquesbleues.fr\/En-1976-le-livre\" class=\"spip_in\" rel=\"nofollow noopener\" target=\"_blank\">L\u2019ann\u00e9e du football 1975<\/a>\u00a0\u00bb de Jacques Thibert (Calmann-Levy) et \u00ab\u00a0Le Livre d\u2019or du football 1975\u00a0\u00bb de Charles Bi\u00e9try (Solar).<\/p>\n","protected":false},"excerpt":{"rendered":"Apr\u00e8s trois rencontres sans en remporter une seule, il ne reste plus qu\u2019une chance infime \u00e0 l\u2019\u00e9quipe de&hellip;\n","protected":false},"author":2,"featured_media":362471,"comment_status":"","ping_status":"","sticky":false,"template":"","format":"standard","meta":{"footnotes":""},"categories":[4],"tags":[11,1011,27,12,25],"class_list":{"0":"post-362470","1":"post","2":"type-post","3":"status-publish","4":"format-standard","5":"has-post-thumbnail","7":"category-france","8":"tag-actualites","9":"tag-fr","10":"tag-france","11":"tag-news","12":"tag-republique-francaise"},"share_on_mastodon":{"url":"https:\/\/pubeurope.com\/@fr\/115138631187552523","error":""},"_links":{"self":[{"href":"https:\/\/www.europesays.com\/fr\/wp-json\/wp\/v2\/posts\/362470","targetHints":{"allow":["GET"]}}],"collection":[{"href":"https:\/\/www.europesays.com\/fr\/wp-json\/wp\/v2\/posts"}],"about":[{"href":"https:\/\/www.europesays.com\/fr\/wp-json\/wp\/v2\/types\/post"}],"author":[{"embeddable":true,"href":"https:\/\/www.europesays.com\/fr\/wp-json\/wp\/v2\/users\/2"}],"replies":[{"embeddable":true,"href":"https:\/\/www.europesays.com\/fr\/wp-json\/wp\/v2\/comments?post=362470"}],"version-history":[{"count":0,"href":"https:\/\/www.europesays.com\/fr\/wp-json\/wp\/v2\/posts\/362470\/revisions"}],"wp:featuredmedia":[{"embeddable":true,"href":"https:\/\/www.europesays.com\/fr\/wp-json\/wp\/v2\/media\/362471"}],"wp:attachment":[{"href":"https:\/\/www.europesays.com\/fr\/wp-json\/wp\/v2\/media?parent=362470"}],"wp:term":[{"taxonomy":"category","embeddable":true,"href":"https:\/\/www.europesays.com\/fr\/wp-json\/wp\/v2\/categories?post=362470"},{"taxonomy":"post_tag","embeddable":true,"href":"https:\/\/www.europesays.com\/fr\/wp-json\/wp\/v2\/tags?post=362470"}],"curies":[{"name":"wp","href":"https:\/\/api.w.org\/{rel}","templated":true}]}}