{"id":362474,"date":"2025-09-03T05:09:23","date_gmt":"2025-09-03T05:09:23","guid":{"rendered":"https:\/\/www.europesays.com\/fr\/362474\/"},"modified":"2025-09-03T05:09:23","modified_gmt":"2025-09-03T05:09:23","slug":"top-14-piste-par-galthie-et-le-xv-de-france-ce-jeune-talent-prolonge-sur-la-duree-avec-montpellier","status":"publish","type":"post","link":"https:\/\/www.europesays.com\/fr\/362474\/","title":{"rendered":"TOP 14. Pist\u00e9 par Galthi\u00e9 et le XV de France, ce jeune talent prolonge sur la dur\u00e9e avec Montpellier"},"content":{"rendered":"<p>Pist\u00e9 par Fabien\u202fGalthi\u00e9 et le staff du XV de France, le jeune ailier de 22\u202fans, Ma\u00ebl\u202fMoustin, <strong>a sign\u00e9 une belle marque de confiance<\/strong> : il prolonge \u00e0 <a href=\"https:\/\/www.lerugbynistere.fr\/clubs\/mhrc-montpellier.php\" ui-sref=\"app.team({teamId: 36})\" alt=\"Montpellier\" data-route=\"app.team\" data-param=\"teamId\" data-id=\"36\" rel=\"nofollow noopener\" target=\"_blank\">Montpellier<\/a> jusqu\u2019en 2028. Arriv\u00e9 la saison derni\u00e8re depuis <a href=\"https:\/\/www.lerugbynistere.fr\/clubs\/ubb-bordeaux-begles.php\" ui-sref=\"app.team({teamId: 32})\" alt=\"Bordeaux\" data-route=\"app.team\" data-param=\"teamId\" data-id=\"32\" rel=\"nofollow noopener\" target=\"_blank\">Bordeaux<\/a>, le Martiniquais impose d\u00e9j\u00e0 sa patte sur l\u2019aile du MHR.<\/p>\n<p>Malgr\u00e9 quelques blessures, Moustin a claqu\u00e9 7 <a href=\"https:\/\/www.lerugbynistere.fr\/videos\/essais.php\" ui-sref=\"app.tag\" alt=\"Essais\" data-route=\"app.tag\" data-param=\"slug\" data-id=\"essais\" rel=\"nofollow noopener\" target=\"_blank\">essais<\/a> en 15 matchs, une efficacit\u00e9 qui n\u2019est pas pass\u00e9e inaper\u00e7ue. Son physique (1,87\u202fm) et sa formation (RC Diamant <a href=\"https:\/\/www.lerugbynistere.fr\/amateur\/martinique\/\" ui-sref=\"app.committee\" alt=\"Martinique\" data-route=\"app.committee\" data-param=\"committeeId\" data-id=\"24\" rel=\"nofollow noopener\" target=\"_blank\">Martinique<\/a>, SU <a href=\"https:\/\/www.lerugbynistere.fr\/clubs\/su-agen.php\" ui-sref=\"app.team({teamId: 39})\" alt=\"Agen\" data-route=\"app.team\" data-param=\"teamId\" data-id=\"39\" rel=\"nofollow noopener\" target=\"_blank\">Agen<\/a>, puis UBB) lui ont offert une progression ma\u00eetris\u00e9e et spectaculaire.<a class=\"inserer_lien_article\" href=\"https:\/\/www.lerugbynistere.fr\/news\/encore-un-ovni-chez-les-bleus-mael-moustin-a-du-talent-et-du-potentiel-et-surtout-une-carte-a-jouer-0606251521.php\" data-id=\"45194\" data-route=\"app.article\" data-param=\"articleId\" ui-sref=\"app.article({articleId: 45194})\" alt=\"Encore un &#039;ovni&#039; chez les Bleus ? Ma\u00ebl Moustin a du talent, du potentiel et surtout &#039;&#039;une carte \u00e0 jouer&#039;&#039;\" title=\"Encore un &#039;ovni&#039; chez les Bleus ? Ma\u00ebl Moustin a du talent, du potentiel et surtout &#039;&#039;une carte \u00e0 jouer&#039;&#039;\" rel=\"nofollow noopener\" target=\"_blank\"><img decoding=\"async\" src=\"https:\/\/www.europesays.com\/fr\/wp-content\/uploads\/2025\/09\/encore-un-ovni-chez-les-bleus-mael-moustin-a-du-talent-et-du-potentiel-et-surtout-une-carte-a-jouer-.jpeg\" alt=\"Encore un 'ovni' chez les Bleus ? Ma\u00ebl Moustin a du talent, du potentiel et surtout ''une carte \u00e0 jouer''\"\/>Encore un &lsquo;ovni&rsquo; chez les Bleus ? Ma\u00ebl Moustin a du talent, du potentiel et surtout \u00a0\u00bbune carte \u00e0 jouer\u00a0\u00bb<\/a><\/p>\n<p>Un projet d\u2019avenir bien pens\u00e9<\/p>\n<p>Pour Montpellier, s\u00e9curiser Moustin, c\u2019est miser sur un pur talent et renforcer une aile pleine de peps. Il rejoint dans cette dynamique des jeunes comme Lenni\u202fNouchi (prolong\u00e9 jusqu\u2019en 2028) ou Baptiste\u202fErdocio (jusqu\u2019en 2029).<\/p>\n<p>Le club montre qu\u2019il b\u00e2tit avec les siens. M\u00eame s&rsquo;il ne pourra pas garder tout le monde puisque <strong>Coly ira \u00e0 <a href=\"https:\/\/www.lerugbynistere.fr\/clubs\/aviron-bayonnais.php\" ui-sref=\"app.team({teamId: 43})\" alt=\"Bayonne\" data-route=\"app.team\" data-param=\"teamId\" data-id=\"43\" rel=\"nofollow noopener\" target=\"_blank\">Bayonne<\/a><\/strong>. Pour rappel,\u00a0<a href=\"https:\/\/www.lerugbynistere.fr\/fiches-joueurs\/florian-verhaeghe.php\" ui-sref=\"app.player({playerId: 4607})\" alt=\"Florian Verhaeghe\" data-route=\"app.player\" data-param=\"playerId\" data-id=\"4607\" rel=\"nofollow noopener\" target=\"_blank\">Florian Verhaeghe<\/a> a lui sign\u00e9 un nouveau contrat jusqu&rsquo;en 2029.<a class=\"inserer_lien_article\" href=\"https:\/\/www.lerugbynistere.fr\/news\/transfert-top-14-convoite-lenni-nouchi-mhr-fait-un-choix-tres-fort-pour-la-suite-de-sa-carriere-1908251002.php\" data-id=\"45860\" data-route=\"app.article\" data-param=\"articleId\" ui-sref=\"app.article({articleId: 45860})\" alt=\"TRANSFERT. TOP 14. Convoit\u00e9, Lenni Nouchi (MHR) fait un choix tr\u00e8s fort pour la suite de sa carri\u00e8re\" title=\"TRANSFERT. TOP 14. Convoit\u00e9, Lenni Nouchi (MHR) fait un choix tr\u00e8s fort pour la suite de sa carri\u00e8re\" rel=\"nofollow noopener\" target=\"_blank\"><img decoding=\"async\" src=\"https:\/\/www.europesays.com\/fr\/wp-content\/uploads\/2025\/08\/lenni-nouchi-a-prolonge-jusquen-2028-au-mhr-malgre-les-appels-de-toulon-a-seulement-21-ans-linternat.jpeg\" alt=\"TRANSFERT. TOP 14. Convoit\u00e9, Lenni Nouchi (MHR) fait un choix tr\u00e8s fort pour la suite de sa carri\u00e8re\"\/>TRANSFERT. TOP 14. Convoit\u00e9, Lenni Nouchi (MHR) fait un choix tr\u00e8s fort pour la suite de sa carri\u00e8re<\/a>Du c\u00f4t\u00e9 du s\u00e9lectionneur, Galthi\u00e9 garde un \u0153il sur lui : sa prolongation l\u2019inscrit durablement dans le paysage tricolore. Moustin avait \u00e9t\u00e9 convoqu\u00e9 en juin avec le XV de France mais une blessure l\u2019a finalement contraint \u00e0 faire l\u2019impasse sur la tourn\u00e9e en Nouvelle\u2011Z\u00e9lande.<\/p>\n<p>Vers les Bleus en 2026 ?<\/p>\n<p>Form\u00e9 au c\u0153ur du rugby d\u2019outre\u2011mer, le natif de Fort\u2011de\u2011France est l\u2019une des r\u00e9v\u00e9lations les plus excitantes du Top\u202f14. Sa vitesse, ses crochets et son \u00e9tat d\u2019esprit en font un candidat cr\u00e9dible pour le maillot bleu dans les ann\u00e9es \u00e0 venir, alors que la <a href=\"https:\/\/www.lerugbynistere.fr\/international\/coupe-du-monde-rugby\/\" ui-sref=\"app.competition({competitionId: 9})\" alt=\"Coupe du monde\" data-route=\"app.competition\" data-param=\"competitionId\" data-id=\"9\" rel=\"nofollow noopener\" target=\"_blank\">Coupe du monde<\/a> 2027 pointe \u00e0 l\u2019horizon.<a class=\"inserer_lien_article\" href=\"https:\/\/www.lerugbynistere.fr\/news\/top-14-je-me-suis-mis-une-pression-negative-hugo-reus-evoque-son-transfert-difficile-au-mhr-1408251630.php\" data-id=\"45831\" data-route=\"app.article\" data-param=\"articleId\" ui-sref=\"app.article({articleId: 45831})\" alt=\"TOP 14. &#039;&#039;Je me suis mis une pression n\u00e9gative&#039;&#039; : Hugo Reus \u00e9voque son transfert difficile au MHR\" title=\"TOP 14. &#039;&#039;Je me suis mis une pression n\u00e9gative&#039;&#039; : Hugo Reus \u00e9voque son transfert difficile au MHR\" rel=\"nofollow noopener\" target=\"_blank\"><img decoding=\"async\" src=\"https:\/\/www.europesays.com\/fr\/wp-content\/uploads\/2025\/09\/hugo-reus-a-montpellier-14-08-25-3139.jpg\" alt=\"TOP 14. ''Je me suis mis une pression n\u00e9gative'' : Hugo Reus \u00e9voque son transfert difficile au MHR\"\/>TOP 14. \u00a0\u00bbJe me suis mis une pression n\u00e9gative\u00a0\u00bb : Hugo Reus \u00e9voque son transfert difficile au MHR<\/a>Avec cette prolongation bien ficel\u00e9e, <strong>Montpellier garantit une aile explosive pour les saisons \u00e0 venir<\/strong> \u2014 et le XV de France ajoute une option s\u00e9duisante \u00e0 son \u00e9ventail de finisseurs qui comprend d\u00e9j\u00e0 la r\u00e9f\u00e9rence <a href=\"https:\/\/www.lerugbynistere.fr\/fiches-joueurs\/damian-penaud.php\" ui-sref=\"app.player({playerId: 2467})\" alt=\"Damian Penaud\" data-route=\"app.player\" data-param=\"playerId\" data-id=\"2467\" rel=\"nofollow noopener\" target=\"_blank\">Damian Penaud<\/a> et la fl\u00e8che Bielle-Biarrey pour ne citer qu&rsquo;eux.<\/p>\n","protected":false},"excerpt":{"rendered":"Pist\u00e9 par Fabien\u202fGalthi\u00e9 et le staff du XV de France, le jeune ailier de 22\u202fans, Ma\u00ebl\u202fMoustin, a sign\u00e9&hellip;\n","protected":false},"author":2,"featured_media":362475,"comment_status":"","ping_status":"","sticky":false,"template":"","format":"standard","meta":{"footnotes":""},"categories":[1416],"tags":[1011,27,479,1468,60],"class_list":{"0":"post-362474","1":"post","2":"type-post","3":"status-publish","4":"format-standard","5":"has-post-thumbnail","7":"category-rugby","8":"tag-fr","9":"tag-france","10":"tag-rugby","11":"tag-rugby-football","12":"tag-sports"},"share_on_mastodon":{"url":"https:\/\/pubeurope.com\/@fr\/115138642910650141","error":""},"_links":{"self":[{"href":"https:\/\/www.europesays.com\/fr\/wp-json\/wp\/v2\/posts\/362474","targetHints":{"allow":["GET"]}}],"collection":[{"href":"https:\/\/www.europesays.com\/fr\/wp-json\/wp\/v2\/posts"}],"about":[{"href":"https:\/\/www.europesays.com\/fr\/wp-json\/wp\/v2\/types\/post"}],"author":[{"embeddable":true,"href":"https:\/\/www.europesays.com\/fr\/wp-json\/wp\/v2\/users\/2"}],"replies":[{"embeddable":true,"href":"https:\/\/www.europesays.com\/fr\/wp-json\/wp\/v2\/comments?post=362474"}],"version-history":[{"count":0,"href":"https:\/\/www.europesays.com\/fr\/wp-json\/wp\/v2\/posts\/362474\/revisions"}],"wp:featuredmedia":[{"embeddable":true,"href":"https:\/\/www.europesays.com\/fr\/wp-json\/wp\/v2\/media\/362475"}],"wp:attachment":[{"href":"https:\/\/www.europesays.com\/fr\/wp-json\/wp\/v2\/media?parent=362474"}],"wp:term":[{"taxonomy":"category","embeddable":true,"href":"https:\/\/www.europesays.com\/fr\/wp-json\/wp\/v2\/categories?post=362474"},{"taxonomy":"post_tag","embeddable":true,"href":"https:\/\/www.europesays.com\/fr\/wp-json\/wp\/v2\/tags?post=362474"}],"curies":[{"name":"wp","href":"https:\/\/api.w.org\/{rel}","templated":true}]}}