{"id":362476,"date":"2025-09-03T05:10:14","date_gmt":"2025-09-03T05:10:14","guid":{"rendered":"https:\/\/www.europesays.com\/fr\/362476\/"},"modified":"2025-09-03T05:10:14","modified_gmt":"2025-09-03T05:10:14","slug":"us-open-james-blake-croit-en-taylor-fritz-il-na-pas-le-service-de-ben-shelton-ni-la-vitesse-et-le-charisme-de-frances-tiafoe-mais-il-continue-simplement-a-faire-son-travail-et-a-gagner","status":"publish","type":"post","link":"https:\/\/www.europesays.com\/fr\/362476\/","title":{"rendered":"US Open > James Blake croit en Taylor Fritz : \u00ab\u00a0Il n&rsquo;a pas le service de Ben Shelton, ni la vitesse et le charisme de Frances Tiafoe, mais il continue simplement \u00e0 faire son travail et \u00e0 gagner\u00a0\u00bb"},"content":{"rendered":"<p>Avant d\u2019af\u00adfronter Novak Djokvic cette nuit alors qu\u2019il a perdu ses dix duels face au Serbe, Taylor Fritz a vrai\u00adment besoin de soutien.\u00a0<\/p>\n<p>On peut dire que James Blake a compris le message.\u00a0<\/p>\n<p>L\u2019ancien joueur am\u00e9ri\u00adcain a dress\u00e9 un portrait \u00e9logieux aupr\u00e8s de nos confr\u00e8res du <strong><a href=\"https:\/\/www.dailymail.co.uk\/sport\/tennis\/article-15055377\/james-blake-taylor-fritz-open.html\" data-wpel-link=\"external\" target=\"_blank\" rel=\"nofollow external noopener\">Daily Mail.<\/a><\/strong><\/p>\n<p>\u00ab\u202f<strong>Taylor sait qu\u2019il est l\u00e0. Il peut battre n\u2019im\u00adporte qui dans le monde. C\u2019est proba\u00adble\u00adment l\u2019un des joueurs les moins m\u00e9dia\u00adtis\u00e9s parmi les quatre meilleurs mondiaux, car il semble se concen\u00adtrer unique\u00adment sur son travail et ne fait pas beau\u00adcoup parler de lui. Il n\u2019a pas le service de Ben Shelton ni la vitesse et le charisme de Frances Tiafoe, mais il continue simple\u00adment \u00e0 faire son travail et \u00e0 gagner, en rempor\u00adtant tous les matchs qu\u2019il est cens\u00e9 gagner. Pour lui, il s\u2019agit donc simple\u00adment de conti\u00adnuer \u00e0 garder la t\u00eate baiss\u00e9e et \u00e0 faire ce qu\u2019il a toujours fait<\/strong>\u202f\u00bb<\/p>\n<p class=\"post-published-date\" style=\"color: silver; font-size: 75%; text-align: left;\">Publi\u00e9 le mardi 2 septembre 2025 \u00e0 19:41<\/p>\n","protected":false},"excerpt":{"rendered":"Avant d\u2019af\u00adfronter Novak Djokvic cette nuit alors qu\u2019il a perdu ses dix duels face au Serbe, Taylor Fritz&hellip;\n","protected":false},"author":2,"featured_media":202040,"comment_status":"","ping_status":"","sticky":false,"template":"","format":"standard","meta":{"footnotes":""},"categories":[1415],"tags":[105,1011,27,60,1467],"class_list":{"0":"post-362476","1":"post","2":"type-post","3":"status-publish","4":"format-standard","5":"has-post-thumbnail","7":"category-tennis","8":"tag-djokovic","9":"tag-fr","10":"tag-france","11":"tag-sports","12":"tag-tennis"},"share_on_mastodon":{"url":"https:\/\/pubeurope.com\/@fr\/115138646658841642","error":""},"_links":{"self":[{"href":"https:\/\/www.europesays.com\/fr\/wp-json\/wp\/v2\/posts\/362476","targetHints":{"allow":["GET"]}}],"collection":[{"href":"https:\/\/www.europesays.com\/fr\/wp-json\/wp\/v2\/posts"}],"about":[{"href":"https:\/\/www.europesays.com\/fr\/wp-json\/wp\/v2\/types\/post"}],"author":[{"embeddable":true,"href":"https:\/\/www.europesays.com\/fr\/wp-json\/wp\/v2\/users\/2"}],"replies":[{"embeddable":true,"href":"https:\/\/www.europesays.com\/fr\/wp-json\/wp\/v2\/comments?post=362476"}],"version-history":[{"count":0,"href":"https:\/\/www.europesays.com\/fr\/wp-json\/wp\/v2\/posts\/362476\/revisions"}],"wp:featuredmedia":[{"embeddable":true,"href":"https:\/\/www.europesays.com\/fr\/wp-json\/wp\/v2\/media\/202040"}],"wp:attachment":[{"href":"https:\/\/www.europesays.com\/fr\/wp-json\/wp\/v2\/media?parent=362476"}],"wp:term":[{"taxonomy":"category","embeddable":true,"href":"https:\/\/www.europesays.com\/fr\/wp-json\/wp\/v2\/categories?post=362476"},{"taxonomy":"post_tag","embeddable":true,"href":"https:\/\/www.europesays.com\/fr\/wp-json\/wp\/v2\/tags?post=362476"}],"curies":[{"name":"wp","href":"https:\/\/api.w.org\/{rel}","templated":true}]}}