{"id":362477,"date":"2025-09-03T05:12:14","date_gmt":"2025-09-03T05:12:14","guid":{"rendered":"https:\/\/www.europesays.com\/fr\/362477\/"},"modified":"2025-09-03T05:12:14","modified_gmt":"2025-09-03T05:12:14","slug":"motogp-casey-stoner-vers-un-retour-dans-le-paddock","status":"publish","type":"post","link":"https:\/\/www.europesays.com\/fr\/362477\/","title":{"rendered":"MotoGP : Casey Stoner vers un retour dans le paddock ?"},"content":{"rendered":"<p class=\"my-2 [&amp;+p]:mt-4 [&amp;_strong:has(+br)]:inline-block [&amp;_strong:has(+br)]:pb-2\">\n<strong>Lors du dernier Grand Prix d\u2019Autriche Casey Stoner, double<br \/>\nchampion du monde de MotoGP, a \u00e9voqu\u00e9 sur place sa possible<br \/>\nr\u00e9apparition dans l\u2019univers du MotoGP. Mais cette fois, loin des<br \/>\ncombinaisons et du guidon, l\u2019Australien imagine un retour sous un<br \/>\nautre angle. Aujourd\u2019hui, c\u2019est avec la voix de l\u2019exp\u00e9rience et le<br \/>\nregard aff\u00fbt\u00e9 qu\u2019il esp\u00e8re attirer l\u2019attention des d\u00e9cideurs de la<br \/>\ndiscipline.<\/strong><\/p>\n<p class=\"my-2 [&amp;+p]:mt-4 [&amp;_strong:has(+br)]:inline-block [&amp;_strong:has(+br)]:pb-2\">\nInterrog\u00e9 par les m\u00e9dias concernant un possible retour dans<br \/>\nl\u2019univers du MotoGP, Casey Stoner dit oui, mais clarifie aussit\u00f4t<br \/>\nsa position. \u00ab Pour revenir dans cet univers, oui, mais<br \/>\nabsolument pas comme patron. Ce n\u2019est pas mon r\u00f4le \u00bb,<br \/>\npr\u00e9cise-t-il sans d\u00e9tour. L\u2019Australien a d\u2019autres id\u00e9es en t\u00eate\u202f:<br \/>\n\u00ab J\u2019aimerais avoir l\u2019occasion de donner mon avis lors de<br \/>\nr\u00e9unions ferm\u00e9es. Peu importe que mes id\u00e9es soient retenues ou non,<br \/>\nmais au moins, cela donnerait des pistes int\u00e9ressantes \u00e0 certains.<br \/>\n\u00bb<\/p>\n<p class=\"my-2 [&amp;+p]:mt-4 [&amp;_strong:has(+br)]:inline-block [&amp;_strong:has(+br)]:pb-2\">\nL\u2019id\u00e9e n\u2019est pas anodine : en Autriche encore, l\u2019Australien fut<br \/>\nsollicit\u00e9 pour analyser et exprimer son opinion sur de nombreux<br \/>\nsujets. Lui qui n\u2019a jamais froid aux yeux quand il s\u2019agit d\u2019\u00eatre<br \/>\ncritique. Un souhait qui pourrait \u00eatre exauc\u00e9 par une proposition<br \/>\nde Liberty Media \u2013 nouvel acqu\u00e9reur des droits commerciaux du<br \/>\nMotoGP.<\/p>\n<p class=\"my-2 [&amp;+p]:mt-4 [&amp;_strong:has(+br)]:inline-block [&amp;_strong:has(+br)]:pb-2\">\n\u00ab J\u2019ai \u00e9t\u00e9 des deux c\u00f4t\u00e9s de la barri\u00e8re, rappelle<br \/>\nl\u2019Aussie. Je comprends le point de vue des ing\u00e9nieurs, celui du<br \/>\nconstructeur, celui du fan, mais aussi \u2013 et surtout \u2013 celui du<br \/>\npilote sur la moto. Ce v\u00e9cu, je pense qu\u2019il peut \u00eatre utile. \u00bb<br \/>\nMalgr\u00e9 tout, Stoner freine les attentes, assurant n\u2019avoir re\u00e7u<br \/>\naucune offre\u202f: \u00ab On verra si je re\u00e7ois un appel pour partager<br \/>\ncertaines opinions. \u00bb<\/p>\n<p class=\"my-2 [&amp;+p]:mt-4 [&amp;_strong:has(+br)]:inline-block [&amp;_strong:has(+br)]:pb-2\">\nEn prenant des positions fermes contre l\u2019impl\u00e9mentation de toujours<br \/>\nplus d\u2019aides \u00e9lectroniques, le format Sprint, ou encore les<br \/>\nconcessions constructeurs, Casey Stoner se fait souvent remarquer<br \/>\npar sa volont\u00e9 de retour \u00e0 un MotoGP \u2018plus authentique\u2019. Reste \u00e0<br \/>\nsavoir si l\u2019appel attendu se manifestera\u2026 ou si Stoner conservera<br \/>\nsimplement son r\u00f4le d\u2019observateur, dont les opinions trouvent<br \/>\ntoujours \u00e9cho dans les m\u00e9dias.<\/p>\n<p><a href=\"https:\/\/www.paddock-gp.com\/wp-content\/uploads\/2025\/09\/SI202508170467-scaled-e1756799935981.jpg\" target=\"_blank\" rel=\"noopener\"><br \/>\n<img loading=\"lazy\" decoding=\"async\" aria-describedby=\"caption-attachment-1324787\" class=\"wp-image-1324787 size-large\" src=\"https:\/\/www.europesays.com\/fr\/wp-content\/uploads\/2025\/09\/SI202508170467-scaled-e1756799935981-570x400.jpg\" alt=\"Stoner\" width=\"570\" height=\"400\"  \/><\/a><\/p>\n<p id=\"caption-attachment-1324787\" class=\"wp-caption-text\">Casey<br \/>\nStoner au Red Bull Ring \u00a9 <a href=\"https:\/\/www.redbullcontentpool.com\/international\/CP-P-1190596\" target=\"_blank\" rel=\"noopener\">Red<br \/>\nBull Content Pool<\/a><\/p>\n","protected":false},"excerpt":{"rendered":"Lors du dernier Grand Prix d\u2019Autriche Casey Stoner, double champion du monde de MotoGP, a \u00e9voqu\u00e9 sur place&hellip;\n","protected":false},"author":2,"featured_media":362478,"comment_status":"","ping_status":"","sticky":false,"template":"","format":"standard","meta":{"footnotes":""},"categories":[1413],"tags":[1011,27,1457,1456,60],"class_list":{"0":"post-362477","1":"post","2":"type-post","3":"status-publish","4":"format-standard","5":"has-post-thumbnail","7":"category-moto","8":"tag-fr","9":"tag-france","10":"tag-moto","11":"tag-motocycle","12":"tag-sports"},"share_on_mastodon":{"url":"https:\/\/pubeurope.com\/@fr\/115138654652392412","error":""},"_links":{"self":[{"href":"https:\/\/www.europesays.com\/fr\/wp-json\/wp\/v2\/posts\/362477","targetHints":{"allow":["GET"]}}],"collection":[{"href":"https:\/\/www.europesays.com\/fr\/wp-json\/wp\/v2\/posts"}],"about":[{"href":"https:\/\/www.europesays.com\/fr\/wp-json\/wp\/v2\/types\/post"}],"author":[{"embeddable":true,"href":"https:\/\/www.europesays.com\/fr\/wp-json\/wp\/v2\/users\/2"}],"replies":[{"embeddable":true,"href":"https:\/\/www.europesays.com\/fr\/wp-json\/wp\/v2\/comments?post=362477"}],"version-history":[{"count":0,"href":"https:\/\/www.europesays.com\/fr\/wp-json\/wp\/v2\/posts\/362477\/revisions"}],"wp:featuredmedia":[{"embeddable":true,"href":"https:\/\/www.europesays.com\/fr\/wp-json\/wp\/v2\/media\/362478"}],"wp:attachment":[{"href":"https:\/\/www.europesays.com\/fr\/wp-json\/wp\/v2\/media?parent=362477"}],"wp:term":[{"taxonomy":"category","embeddable":true,"href":"https:\/\/www.europesays.com\/fr\/wp-json\/wp\/v2\/categories?post=362477"},{"taxonomy":"post_tag","embeddable":true,"href":"https:\/\/www.europesays.com\/fr\/wp-json\/wp\/v2\/tags?post=362477"}],"curies":[{"name":"wp","href":"https:\/\/api.w.org\/{rel}","templated":true}]}}