{"id":362479,"date":"2025-09-03T05:13:09","date_gmt":"2025-09-03T05:13:09","guid":{"rendered":"https:\/\/www.europesays.com\/fr\/362479\/"},"modified":"2025-09-03T05:13:09","modified_gmt":"2025-09-03T05:13:09","slug":"le-trophee-des-restaurateurs-a-massy","status":"publish","type":"post","link":"https:\/\/www.europesays.com\/fr\/362479\/","title":{"rendered":"le Troph\u00e9e des restaurateurs \u00e0 Massy"},"content":{"rendered":"<p>La 5e \u00e9dition a lieu ce dimanche 7 septembre et int\u00e8gre une \u00e9quipe de para-rugby adapt\u00e9.<\/p>\n<p class=\"fig-paragraph\">Pour sa 4e \u00e9dition, le Troph\u00e9e des Restaurateurs se d\u00e9roule sur les terrains du RC Massy, dans l\u2019Essonne, ce dimanche 7 septembre. Ce tournoi de rugby \u00e0 5 (\u00ab\u00e0 toucher\u00bb) est plac\u00e9 sous le signe de la gastronomie, avec un v\u00e9ritable Village Gourmand et la pr\u00e9sence de l\u2019animateur Vincent Ferniot.<\/p>\n<p class=\"fig-body-link\">\n            \u00c0 lire aussi<br \/>\n        <a class=\"fig-body-link__link\" href=\"https:\/\/www.lefigaro.fr\/sports\/scan-sport\/actualites\/les-grands-chefs-amoureux-du-rugby-lancent-leur-tournoi-992604\" data-fig-type=\"Article\" data-gtm-custom-categorie=\"navigation\" data-gtm-custom-action=\"crossclick\" data-gtm-custom-label=\"Contextuel\" data-gtm-event=\"customEventSPE\" data-fig-domain=\"LEFIGARO\" rel=\"nofollow noopener\" target=\"_blank\">Les chefs amoureux du rugby lancent leur tournoi<br \/>\n    <\/a>\n<\/p>\n<p class=\"fig-paragraph\">Sous l\u2019impulsion de l\u2019organisateur Michel Lavigne, l\u2019\u00e9v\u00e9nement rassemble 12 \u00e9quipes de restaurateurs ainsi que 2 \u00e9quipes partenaires (R\u00e9gion \u00cele-de-France, Sud Radio). Pour la premi\u00e8re fois, une \u00e9quipe de para-rugby, Les Sans M\u00eal\u00e9es, jouera pendant le tournoi, mettant en avant la pratique du rugby adapt\u00e9. Thierry Alliesse, pr\u00e9sident de la Ligue de Rugby \u00cele-de-France, remettra le troph\u00e9e aux vainqueurs.<\/p>\n<p class=\"fig-body-link\">\n            \u00c0 lire aussi<br \/>\n        <a class=\"fig-body-link__link\" href=\"https:\/\/www.lefigaro.fr\/le-scan-sport\/business\/2017\/06\/07\/27004-20170607ARTFIG00249-le-bel-ete-du-rugby-a-5-dans-les-entreprises.php\" data-fig-type=\"Article\" data-gtm-custom-categorie=\"navigation\" data-gtm-custom-action=\"crossclick\" data-gtm-custom-label=\"Contextuel\" data-gtm-event=\"customEventSPE\" data-fig-domain=\"LEFIGARO\" rel=\"nofollow noopener\" target=\"_blank\">L&rsquo;esprit du rugby \u00e0 5 conquiert les entreprises au del\u00e0 du jeu<br \/>\n    <\/a><\/p>\n","protected":false},"excerpt":{"rendered":"La 5e \u00e9dition a lieu ce dimanche 7 septembre et int\u00e8gre une \u00e9quipe de para-rugby adapt\u00e9. Pour sa&hellip;\n","protected":false},"author":2,"featured_media":362480,"comment_status":"","ping_status":"","sticky":false,"template":"","format":"standard","meta":{"footnotes":""},"categories":[1412],"tags":[2466,2306,2465,2464,1977,1981,451,207,450,2468,1451,63,1452,1453,1454,1455,1011,27,66,447,2467,1457,2182,1980,479,2259,22395,60,1467,478],"class_list":{"0":"post-362479","1":"post","2":"type-post","3":"status-publish","4":"format-standard","5":"has-post-thumbnail","7":"category-f1","8":"tag-2466","9":"tag-6-nations","10":"tag-actu-sport","11":"tag-actualite-sportive","12":"tag-auto","13":"tag-classement","14":"tag-coupe-du-monde","15":"tag-cyclisme","16":"tag-euro","17":"tag-euro-foot","18":"tag-f1","19":"tag-football","20":"tag-formula-1","21":"tag-formula1","22":"tag-formule-1","23":"tag-formule1","24":"tag-fr","25":"tag-france","26":"tag-ligue-1","27":"tag-ligue-des-champions","28":"tag-live-sport","29":"tag-moto","30":"tag-nba","31":"tag-resultats","32":"tag-rugby","33":"tag-score","34":"tag-sport24","35":"tag-sports","36":"tag-tennis","37":"tag-top-14"},"share_on_mastodon":{"url":"https:\/\/pubeurope.com\/@fr\/115138658544737059","error":""},"_links":{"self":[{"href":"https:\/\/www.europesays.com\/fr\/wp-json\/wp\/v2\/posts\/362479","targetHints":{"allow":["GET"]}}],"collection":[{"href":"https:\/\/www.europesays.com\/fr\/wp-json\/wp\/v2\/posts"}],"about":[{"href":"https:\/\/www.europesays.com\/fr\/wp-json\/wp\/v2\/types\/post"}],"author":[{"embeddable":true,"href":"https:\/\/www.europesays.com\/fr\/wp-json\/wp\/v2\/users\/2"}],"replies":[{"embeddable":true,"href":"https:\/\/www.europesays.com\/fr\/wp-json\/wp\/v2\/comments?post=362479"}],"version-history":[{"count":0,"href":"https:\/\/www.europesays.com\/fr\/wp-json\/wp\/v2\/posts\/362479\/revisions"}],"wp:featuredmedia":[{"embeddable":true,"href":"https:\/\/www.europesays.com\/fr\/wp-json\/wp\/v2\/media\/362480"}],"wp:attachment":[{"href":"https:\/\/www.europesays.com\/fr\/wp-json\/wp\/v2\/media?parent=362479"}],"wp:term":[{"taxonomy":"category","embeddable":true,"href":"https:\/\/www.europesays.com\/fr\/wp-json\/wp\/v2\/categories?post=362479"},{"taxonomy":"post_tag","embeddable":true,"href":"https:\/\/www.europesays.com\/fr\/wp-json\/wp\/v2\/tags?post=362479"}],"curies":[{"name":"wp","href":"https:\/\/api.w.org\/{rel}","templated":true}]}}