{"id":362481,"date":"2025-09-03T05:14:12","date_gmt":"2025-09-03T05:14:12","guid":{"rendered":"https:\/\/www.europesays.com\/fr\/362481\/"},"modified":"2025-09-03T05:14:12","modified_gmt":"2025-09-03T05:14:12","slug":"jay-vine-encore-vainqueur-detape-vingegaard-nouveau-leader-de-la-vuelta","status":"publish","type":"post","link":"https:\/\/www.europesays.com\/fr\/362481\/","title":{"rendered":"Jay Vine encore vainqueur d\u2019\u00e9tape, Vingegaard nouveau leader de la Vuelta"},"content":{"rendered":"<p>Jay Vine remporte la 10e \u00e9tape de la Vuelta, sa deuxi\u00e8me victoire sur ce Tour. Jonas Vingegaard r\u00e9siste \u00e0 Jo\u00e3o Almeida et reprend le maillot rouge.<\/p>\n<p class=\"fig-paragraph\">Et de deux pour Jay Vine. L\u2019Australien de la formation UAE a remport\u00e9 sa deuxi\u00e8me \u00e9tape lors de ce Tour d\u2019Espagne 2025, la quatri\u00e8me de sa carri\u00e8re, mardi au sommet de Larra Belgagua (nord), o\u00f9\u00a0<a href=\"http:\/\/www.lefigaro.fr\/sports\/cyclisme\/cyclisme-vingegaard-s-impose-en-solitaire-sur-la-9e-etape-du-tour-d-espagne-traaen-sauve-son-maillot-rouge-20250831\" data-fig-type=\"NewsFlash\" data-gtm-custom-categorie=\"navigation\" data-gtm-custom-action=\"crossclick\" data-gtm-custom-label=\"Contextuel\" data-gtm-event=\"customEventSPE\" data-fig-domain=\"LEFIGARO\" target=\"_blank\" rel=\"noopener\">Jonas Vingegaard<\/a>\u00a0a repris la t\u00eate du classement g\u00e9n\u00e9ral.<\/p>\n<p class=\"fig-paragraph\">Le Danois, 11e de l\u2019\u00e9tape et grand favori de l\u2019\u00e9preuve, a termin\u00e9 \u00e0 une minute du vainqueur, dans un groupe de poursuivants comprenant ses principaux rivaux, notamment le Portugais Joao Almeida (10e). Le leader de l\u2019\u00e9quipe Visma-Lease a Bike a ainsi d\u00e9poss\u00e9d\u00e9 du maillot rouge de leader le Norv\u00e9gien Torstein Traeen, qui a craqu\u00e9 en fin de course (\u00e0 6 km de la ligne) et l\u00e2ch\u00e9 sa position de t\u00eate pour 26 secondes. Il recule donc en 2e position tandis qu\u2019Almeida, 3e, pointe \u00e0 38 secondes du leader danois.<\/p>\n<p>                                    <a class=\"fig-a11y-skip a11y-hidden\" href=\"#fig-a11y-skip-main-inarticle\"><br \/>\n        Passer la publicit\u00e9<br \/>\n    <\/a><\/p>\n<p class=\"fig-paragraph\">Vine ne s\u2019est pas occup\u00e9 de cette bagarre entre rivaux pour la victoire finale, dans douze jours \u00e0 Madrid. Le d\u00e9tenteur du maillot \u00e0 pois bleus de meilleur grimpeur a fait la course \u00e0 l\u2019avant, en faisant partie d\u00e8s la mi-course d\u2019un groupe d\u2019une trentaine d\u2019\u00e9chapp\u00e9s.<\/p>\n<p>Manifestations propalestiniennes<\/p>\n<p class=\"fig-paragraph\">Ce groupe d\u2019attaquants a \u00e9t\u00e9 perturb\u00e9 \u00e0 76 km de la ligne par des manifestants pro-palestiniens, pr\u00e9sents quasiment tous les jours depuis le d\u00e9but de la Vuelta. Ce mardi, entre le parc naturel de Sendaviva et El Ferrial Larra Belgagua, certains ont ainsi tent\u00e9 de se positionner au milieu de la chauss\u00e9e au passage des coureurs, entrainant l\u2019intervention de la s\u00e9curit\u00e9.<\/p>\n<p class=\"fig-paragraph\">Imperturbable, comme il l\u2019avait d\u00e9j\u00e0 \u00e9t\u00e9 jeudi \u00e0 Andorre, Vine s\u2019est ensuite retrouv\u00e9 au sein d\u2019un groupe de neuf \u00e0 l\u2019abord de l\u2019ascension finale, 8 kilom\u00e8tres \u00e0 pr\u00e8s de 5% de d\u00e9nivel\u00e9, avec des passages \u00e0 7%. \u00abNous \u00e9tions un peu trop nombreux \u00e0 ce moment de la course, j\u2019ai donc dit \u00e0 la radio que j\u2019allais acc\u00e9l\u00e9rer\u00bb, a expliqu\u00e9 l\u2019Australien, 29 ans, peu apr\u00e8s cette 11e victoire de sa carri\u00e8re. Seulement suivi dans les derniers kilom\u00e8tres par l\u2019Espagnol Pablo Castrillo, finalement 2e \u00e0 35 secondes, Vine a pu savourer une victoire dans un contexte difficile pour son \u00e9quipe.<\/p>\n<p>La \u00abdictature\u00bb UAE selon le partant Ayuso<\/p>\n<p class=\"fig-paragraph\">La formation UAE de Tadej Pogacar, qui a fait l\u2019impasse sur ce Tour d\u2019Espagne, est en effet secou\u00e9e depuis quelques jours par une crise entre leaders qui a conduit la direction \u00e9miratie \u00e0 annoncer lundi, dans un communiqu\u00e9 laconique, le d\u00e9part en fin de saison de l\u2019Espagnol\u00a0<a href=\"http:\/\/www.lefigaro.fr\/sports\/cyclisme\/cyclisme-juan-ayuso-quittera-l-equipe-uae-a-la-fin-de-la-saison-20250901\" data-fig-type=\"NewsFlash\" data-gtm-custom-categorie=\"navigation\" data-gtm-custom-action=\"crossclick\" data-gtm-custom-label=\"Contextuel\" data-gtm-event=\"customEventSPE\" data-fig-domain=\"LEFIGARO\" target=\"_blank\" rel=\"noopener\">Juan Ayuso<\/a>.<\/p>\n<p class=\"fig-paragraph\">Le jeune coureur (22 ans), qui n\u2019a pas h\u00e9sit\u00e9 \u00e0 qualifier sa direction sportive de \u00abdictature\u00bb, a toutefois assur\u00e9 qu\u2019il \u00abferait de (son) mieux pour aider Almeida\u00bb jusqu\u2019\u00e0 Madrid. \u00abOn se dit les choses quand cela se passe mal en course mais, \u00e0 part \u00e7a, l\u2019ambiance est bonne m\u00eame si l\u2019on n\u2019est pas forc\u00e9ment amis\u00bb, a de son c\u00f4t\u00e9 affirm\u00e9 Almeida.<\/p>\n<p>                                    <a class=\"fig-a11y-skip a11y-hidden\" href=\"#fig-a11y-skip-main-inarticle_mtf\"><br \/>\n        Passer la publicit\u00e9<br \/>\n    <\/a><\/p>\n<p class=\"fig-paragraph\">C\u2019est dans ce contexte que le Portugais tentera de rivaliser avec Jonas Vingegaard ces prochains jours, notamment en haute montagne vendredi et samedi. Avant cela, la 11e \u00e9tape mercredi, avec d\u00e9part et arriv\u00e9e \u00e0 Bilbao, promet une course favorable aux sp\u00e9cialistes de classiques, avec sept difficult\u00e9s r\u00e9pertori\u00e9es (cinq de 3e cat\u00e9gorie et deux de 2e), sur pr\u00e8s de 160 kilom\u00e8tres.<\/p>\n","protected":false},"excerpt":{"rendered":"Jay Vine remporte la 10e \u00e9tape de la Vuelta, sa deuxi\u00e8me victoire sur ce Tour. Jonas Vingegaard r\u00e9siste&hellip;\n","protected":false},"author":2,"featured_media":362482,"comment_status":"","ping_status":"","sticky":false,"template":"","format":"standard","meta":{"footnotes":""},"categories":[1411],"tags":[1154,207,1011,27,27884,60,1140],"class_list":{"0":"post-362481","1":"post","2":"type-post","3":"status-publish","4":"format-standard","5":"has-post-thumbnail","7":"category-cyclisme","8":"tag-cycling","9":"tag-cyclisme","10":"tag-fr","11":"tag-france","12":"tag-jonas-vingegaard","13":"tag-sports","14":"tag-tour-despagne"},"share_on_mastodon":{"url":"https:\/\/pubeurope.com\/@fr\/115138662518505316","error":""},"_links":{"self":[{"href":"https:\/\/www.europesays.com\/fr\/wp-json\/wp\/v2\/posts\/362481","targetHints":{"allow":["GET"]}}],"collection":[{"href":"https:\/\/www.europesays.com\/fr\/wp-json\/wp\/v2\/posts"}],"about":[{"href":"https:\/\/www.europesays.com\/fr\/wp-json\/wp\/v2\/types\/post"}],"author":[{"embeddable":true,"href":"https:\/\/www.europesays.com\/fr\/wp-json\/wp\/v2\/users\/2"}],"replies":[{"embeddable":true,"href":"https:\/\/www.europesays.com\/fr\/wp-json\/wp\/v2\/comments?post=362481"}],"version-history":[{"count":0,"href":"https:\/\/www.europesays.com\/fr\/wp-json\/wp\/v2\/posts\/362481\/revisions"}],"wp:featuredmedia":[{"embeddable":true,"href":"https:\/\/www.europesays.com\/fr\/wp-json\/wp\/v2\/media\/362482"}],"wp:attachment":[{"href":"https:\/\/www.europesays.com\/fr\/wp-json\/wp\/v2\/media?parent=362481"}],"wp:term":[{"taxonomy":"category","embeddable":true,"href":"https:\/\/www.europesays.com\/fr\/wp-json\/wp\/v2\/categories?post=362481"},{"taxonomy":"post_tag","embeddable":true,"href":"https:\/\/www.europesays.com\/fr\/wp-json\/wp\/v2\/tags?post=362481"}],"curies":[{"name":"wp","href":"https:\/\/api.w.org\/{rel}","templated":true}]}}