{"id":362483,"date":"2025-09-03T05:15:11","date_gmt":"2025-09-03T05:15:11","guid":{"rendered":"https:\/\/www.europesays.com\/fr\/362483\/"},"modified":"2025-09-03T05:15:11","modified_gmt":"2025-09-03T05:15:11","slug":"la-france-abandonne-ce-joueur-du-psg-il-sexplique","status":"publish","type":"post","link":"https:\/\/www.europesays.com\/fr\/362483\/","title":{"rendered":"La France abandonne ce joueur du PSG, il s&rsquo;explique"},"content":{"rendered":"<p><strong>Non s\u00e9lectionn\u00e9 en \u00c9quipe de France A par Didier Deschamps, Warren Za\u00efre-Emery aurait pu \u00eatre appel\u00e9 par G\u00e9rald Baticle avec les Bleuets. Mais pour le s\u00e9lectionneur des Espoirs, le Parisien ne fait plus vraiment partie de cette cat\u00e9gorie de jeunes.<\/strong><\/p>\n<p>A l&rsquo;annonce de la liste de Didier Deschamps, Warren Za\u00efre-Emery n&rsquo;a pas entendu son nom. Pourtant habitu\u00e9 \u00e0 retrouver ses co\u00e9quipiers en s\u00e9lection depuis sa premi\u00e8re convocation fin 2023, il regardera les deux rencontres des <a href=\"https:\/\/www.foot01.com\/equipe-de-france\/\" rel=\"nofollow noopener\" target=\"_blank\">Bleus<\/a>, face \u00e0 l&rsquo;Ukraine et l&rsquo;Islande, devant sa t\u00e9l\u00e9vision. \u00c2g\u00e9 de seulement 19 ans, il aurait toutefois aussi bien pu \u00eatre appel\u00e9 par G\u00e9rald Baticle pour participer aux prochaines rencontres de l&rsquo;\u00c9quipe de France Espoirs. Toutefois, pour le s\u00e9lectionneur des Bleuets, WZE est aujourd&rsquo;hui consid\u00e9r\u00e9 comme un joueur \u00e0 part enti\u00e8re de l&rsquo;\u00e9quipe premi\u00e8re.<\/p>\n<p>Warren Za\u00efre-Emery a besoin de repos<\/p>\n<blockquote class=\"twitter-tweet\"><p>&#13;<\/p>\n<p lang=\"fr\" dir=\"ltr\">\u00ab Impitoyable \u00bb, Didier Deschamps pr\u00e9vient les joueurs fran\u00e7ais <a href=\"https:\/\/t.co\/q3wBlY2Zls\" rel=\"nofollow\">https:\/\/t.co\/q3wBlY2Zls<\/a><\/p>\n<p>&#13;<br \/>\n\u2014 Foot01.com (@Foot01_com) <a href=\"https:\/\/twitter.com\/Foot01_com\/status\/1962833957092806666?ref_src=twsrc%5Etfw\" rel=\"nofollow noopener\" target=\"_blank\">September 2, 2025<\/a><\/p><\/blockquote>\n<p>\u00ab Avec Didier, on a analys\u00e9 la situation, c&rsquo;est un cas \u00e0 part Warren. C&rsquo;est pas le jeune Espoir qui allait disputer un match pour rendre service ou pour d\u00e9panner sur une s\u00e9lection. Pour moi, c&rsquo;est un joueur qui \u00e9tait devenu un membre \u00e0 part enti\u00e8re des A et donc qui \u00e9tait dans l&rsquo;objectif Coupe du monde. Et de le faire revenir du jour au lendemain avec nous pour passer sur un objectif Euro Espoirs, il y a une difficult\u00e9. C&rsquo;\u00e9tait possible de le faire revenir, la porte n&rsquo;est pas ferm\u00e9e, on verra comment \u00e7a va \u00e9voluer pour la suite. J&rsquo;en ai parl\u00e9 avec Warren \u00e9galement et sur ce rassemblement-l\u00e0, j&rsquo;ai fait le choix en en discutant avec Didier de me passer de Warren. Ca fait je crois huit rassemblements de suite qu&rsquo;il est en A, il doit \u00e0 la fois dig\u00e9rer le fait de pas \u00eatre dans le neuvi\u00e8me et venir rapidement avec moi. J&rsquo;ai eu Warren, il \u00e9tait pr\u00eat \u00e0 venir \u00bb, a expliqu\u00e9 Baticle en conf\u00e9rence de presse.<\/p>\n<p>L&rsquo;ancien adjoint de Thierry Henry a tenu \u00e0 justifier sa non-convocation par sa volont\u00e9 de le laisser souffler pendant la tr\u00eave internationale. A Warren Za\u00efre-Emery de retrouver le niveau qui a fait de lui le plus jeune buteur de l&rsquo;histoire de l&rsquo;\u00c9quipe de France depuis Maurice Gastiger\u2026 en 1914.<\/p>\n<p>          <script async src=\"https:\/\/platform.twitter.com\/widgets.js\" charset=\"utf-8\"><\/script><\/p>\n","protected":false},"excerpt":{"rendered":"Non s\u00e9lectionn\u00e9 en \u00c9quipe de France A par Didier Deschamps, Warren Za\u00efre-Emery aurait pu \u00eatre appel\u00e9 par G\u00e9rald&hellip;\n","protected":false},"author":2,"featured_media":362484,"comment_status":"","ping_status":"","sticky":false,"template":"","format":"standard","meta":{"footnotes":""},"categories":[1410],"tags":[63,1011,27,60],"class_list":{"0":"post-362483","1":"post","2":"type-post","3":"status-publish","4":"format-standard","5":"has-post-thumbnail","7":"category-football","8":"tag-football","9":"tag-fr","10":"tag-france","11":"tag-sports"},"share_on_mastodon":{"url":"https:\/\/pubeurope.com\/@fr\/115138666500978855","error":""},"_links":{"self":[{"href":"https:\/\/www.europesays.com\/fr\/wp-json\/wp\/v2\/posts\/362483","targetHints":{"allow":["GET"]}}],"collection":[{"href":"https:\/\/www.europesays.com\/fr\/wp-json\/wp\/v2\/posts"}],"about":[{"href":"https:\/\/www.europesays.com\/fr\/wp-json\/wp\/v2\/types\/post"}],"author":[{"embeddable":true,"href":"https:\/\/www.europesays.com\/fr\/wp-json\/wp\/v2\/users\/2"}],"replies":[{"embeddable":true,"href":"https:\/\/www.europesays.com\/fr\/wp-json\/wp\/v2\/comments?post=362483"}],"version-history":[{"count":0,"href":"https:\/\/www.europesays.com\/fr\/wp-json\/wp\/v2\/posts\/362483\/revisions"}],"wp:featuredmedia":[{"embeddable":true,"href":"https:\/\/www.europesays.com\/fr\/wp-json\/wp\/v2\/media\/362484"}],"wp:attachment":[{"href":"https:\/\/www.europesays.com\/fr\/wp-json\/wp\/v2\/media?parent=362483"}],"wp:term":[{"taxonomy":"category","embeddable":true,"href":"https:\/\/www.europesays.com\/fr\/wp-json\/wp\/v2\/categories?post=362483"},{"taxonomy":"post_tag","embeddable":true,"href":"https:\/\/www.europesays.com\/fr\/wp-json\/wp\/v2\/tags?post=362483"}],"curies":[{"name":"wp","href":"https:\/\/api.w.org\/{rel}","templated":true}]}}