{"id":362485,"date":"2025-09-03T05:16:13","date_gmt":"2025-09-03T05:16:13","guid":{"rendered":"https:\/\/www.europesays.com\/fr\/362485\/"},"modified":"2025-09-03T05:16:13","modified_gmt":"2025-09-03T05:16:13","slug":"on-a-attendu-tres-longtemps-anne-becaud-la-fille-de-gilbert-becaud-a-perdu-la-vie-a-53-ans-sa-soeur-emily-est-restee-confiante-jusquau-bout","status":"publish","type":"post","link":"https:\/\/www.europesays.com\/fr\/362485\/","title":{"rendered":"\u00ab\u00a0On a attendu tr\u00e8s longtemps&#8230;\u00a0\u00bb : Anne B\u00e9caud, la fille de Gilbert B\u00e9caud, a perdu la vie \u00e0 53 ans&#8230; Sa s\u0153ur Emily est rest\u00e9e confiante jusqu&rsquo;au bout"},"content":{"rendered":"<p>            <img loading=\"lazy\" decoding=\"async\" src=\"https:\/\/www.europesays.com\/fr\/wp-content\/uploads\/2025\/04\/145-6602e1ce8ddc4-35x35-1.jpg\" class=\"author-article-picture\" width=\"35\" height=\"35\"\/><\/p>\n<p>                Par<br \/>\n                                    <a class=\"author-article-bio-link\" href=\"https:\/\/www.purepeople.com\/auteur\/lucie-gosselin_a145\" rel=\"nofollow noopener\" target=\"_blank\">Lucie Gosselin<\/a><br \/>\n                                                    | R\u00e9dactrice<\/p>\n<p>\n                Journaliste passionn\u00e9e, depuis plus de 10 ans, je r\u00e9alise des enqu\u00eates, des portraits, des reportages ou des interviews.\n            <\/p>\n<p>\n    C\u2019est un 3 septembre qu\u2019Anne, la fille a\u00een\u00e9e de Gilbert B\u00e9caud, finissait par perdre la vie des suites d\u2019un terrible accident domestique. Un drame sur lequel revenait sa s\u0153ur Emily quelque temps plus tard, \u00e9voquant ses espoirs avant qu\u2019on ne lui confirme la terrible nouvelle.\n<\/p>\n<p>                            <img loading=\"lazy\" decoding=\"async\" class=\"player-thumbnail\" src=\"https:\/\/www.europesays.com\/fr\/wp-content\/uploads\/2025\/09\/a9dd9f7ef89455ad-580x326-2.jpg\" width=\"580\" height=\"326\"\/><\/p>\n<p>                    \u00ab\u00a0On a attendu tr\u00e8s longtemps&#8230;\u00a0\u00bb : Anne B\u00e9caud, la fille de Gilbert B\u00e9caud, a perdu la vie \u00e0 53 ans&#8230; Sa s\u0153ur Emily est rest\u00e9e confiante jusqu&rsquo;au bout<\/p>\n<p>La suite apr\u00e8s la publicit\u00e9<\/p>\n<p>5 septembre, il y a six ans de cela, en 2019. C\u2019est par l\u2019interm\u00e9diaire d\u2019un communiqu\u00e9 transmis \u00e0 Centre Presse et \u00e0 l\u2019Agence France-Presse que S\u00e9bastien D\u2019Assigny annon\u00e7ait la triste nouvelle : la disparition d\u2019Anne B\u00e9caud \u2013 fille a\u00een\u00e9e de Gilbert B\u00e9caud \u2013 dans <a href=\"https:\/\/www.purepeople.com\/article\/mort-de-la-fille-de-gilbert-becaud-dans-un-incendie-un-membre-de-la-famille-se-souvient-du-drame_a469066\/1\" rel=\"nofollow noopener\" target=\"_blank\">un incendie<\/a>. Deux jours plus t\u00f4t, le 3 septembre, ICI (anciennement la radio France Bleu) \u00e9voquait <strong>des restes humains retrouv\u00e9s dans une maison ravag\u00e9e par le feu \u00e0 Saint-Pierre-de-Maill\u00e9<\/strong> (dans la Vienne).\u00a0<\/p>\n<p>Le lendemain, la station de radio r\u00e9v\u00e9lait que le corps pourrait \u00eatre celui d\u2019Anne B\u00e9caud : \u00ab\u00a0La victime est une femme de 55 ans. Le procureur de Poitiers confirme qu&rsquo;il y a une forte pr\u00e9somption que les ossements retrouv\u00e9s sont bien <strong>ceux d&rsquo;Anne, la fille a\u00een\u00e9e du chanteur Gilbert B\u00e9caud<\/strong>\u00ab\u00a0, pouvait-on entendre sur les ondes locales. Suspicion qui finissait par se lever ce fameux 5 septembre\u2026<\/p>\n<p>\u00ab\u00a0La famille de Gilbert B\u00e9caud confirme l&rsquo;incendie de la propri\u00e9t\u00e9 appartenant \u00e0 Anne B\u00e9caud, fille a\u00een\u00e9e du chanteur et de sa premi\u00e8re \u00e9pouse Monique Nicolas, pouvait-on lire dans le communiqu\u00e9 envoy\u00e9 \u00e0 l\u2019AFP. Cet incendie s&rsquo;est d\u00e9roul\u00e9 dans la matin\u00e9e du mardi 3 septembre \u00e0 Saint-Pierre-de-Maill\u00e9 (Vienne), <strong>non loin de la demeure familiale de Gilbert B\u00e9caud,<\/strong> o\u00f9 r\u00e9sident sa veuve Kitty B\u00e9caud et une de ses autres filles, Emily B\u00e9caud.\u00a0\u00bb\u00a0<\/p>\n<p>Gilbert B\u00e9caud : Sa fille Emily \u00e9voque la tragique disparition de sa soeur Anne<\/p>\n<p>Un drame sur lequel la famille ne voulait pas s\u2019\u00e9taler, en pr\u00e9cisant : \u00ab\u00a0Une enqu\u00eate est en cours pour tenter d&rsquo;identifier qui se trouvait sur les lieux au moment du drame. <strong>La famille B\u00e9caud ne souhaite pas communiquer tant que l&rsquo;enqu\u00eate est en cours<\/strong> et demande la plus grande vigilance quant aux informations relay\u00e9es sur les r\u00e9seaux sociaux. Pour toute information sur l&rsquo;enqu\u00eate en cours, la famille B\u00e9caud demande de se r\u00e9f\u00e9rer aux \u00e9l\u00e9ments fournis par le procureur de Poitiers en charge de l&rsquo;enqu\u00eate.\u00a0\u00bb<\/p>\n<p>Un mois apr\u00e8s le drame, c\u2019est sur Facebook qu\u2019<a href=\"https:\/\/www.purepeople.com\/article\/emily-becaud-etre-la-fille-de-gilbert-becaud-a-ete-un-cauchemar_a317702\/1\" rel=\"nofollow noopener\" target=\"_blank\">Emily B\u00e9caud, petite s\u0153ur d\u2019Anne<\/a>, brisait le silence. Dans une publication, la chanteuse d\u00e9clarait : \u00ab\u00a0Un mois apr\u00e8s la trag\u00e9die qui a frapp\u00e9 notre famille, il ne fait plus aucun doute que ma s\u0153ur Anne a p\u00e9ri dans l&rsquo;incendie de sa maison. Pourquoi ? Comment ? Nous ne savons rien des causes de son d\u00e9c\u00e8s, <strong>crime ou accident ?<\/strong> L&rsquo;enqu\u00eate est en cours, elle sera longue et la vie doit continuer.\u00a0\u00bb<\/p>\n<p>Un point sur l\u2019enqu\u00eate qu\u2019Emily B\u00e9caud enrichissait en donnant des nouvelles de ses projets : \u00ab\u00a0J&rsquo;ai pris la d\u00e9cision d&rsquo;aller au bout de mes engagements, car <strong>Papa aurait fait ainsi<\/strong>, pouvait-on lire sur le r\u00e9seau social. J&rsquo;ai repris le chemin des studios de r\u00e9p\u00e9tition pour vous offrir mon nouveau spectacle. J&rsquo;ai besoin de votre soutien, de vos encouragements, de votre amour. Je vous aime.\u00a0\u00bb<\/p>\n<p>Deux ans plus tard, c\u2019est dans les colonnes de France Dimanche qu\u2019Emily B\u00e9caud redonnait de ses nouvelles. Un entretien au cours duquel les lecteurs du magazine people d\u00e9couvraient les rapports compliqu\u00e9s qu\u2019elle entretenait avec <a href=\"https:\/\/www.purepeople.com\/article\/gilbert-becaud-est-mort-depuis-20-ans-qui-sont-les-six-enfants-du-chanteur_a468145\/1\" rel=\"nofollow noopener\" target=\"_blank\">les autres enfants de Gilbert B\u00e9caud<\/a>. Fille de la deuxi\u00e8me \u00e9pouse du chanteur (le mannequin am\u00e9ricain <a href=\"https:\/\/www.purepeople.com\/article\/gilbert-becaud-sa-veuve-kitty-et-leur-fille-emily-unies-face-a-l-emotion-soiree-hommage-a-l-olympia_a514172\/1\" rel=\"nofollow noopener\" target=\"_blank\">Cathryn Lee St. John, tendrement surnomm\u00e9e Kitty<\/a>), Emily n\u2019y allait pas par quatre chemins en d\u00e9clarant qu\u2019elle <strong>\u00ab\u00a0n\u2019imaginait pas \u00eatre d\u00e9test\u00e9e \u00e0 ce point\u00a0\u00bb<\/strong> par les autres enfants de l\u2019artiste. \u00ab\u00a0La disparition tragique d\u2019Anne, il y a deux ans, m\u2019a boulevers\u00e9e, ajoutait Emilie. C\u2019\u00e9tait bien la seule \u00e0 ne m\u2019avoir jamais plant\u00e9 de couteau dans le dos.\u00a0\u00bb Concernant les autres demi-fr\u00e8res et s\u0153urs, elle pr\u00e9cisait : \u00ab\u00a0Je ne veux m\u00eame pas r\u00e9pondre \u00e0 leurs attaques. Je ne suis pas quelqu\u2019un qui lave son linge sale en public, je n\u2019ai pas \u00e9t\u00e9 \u00e9lev\u00e9e comme \u00e7a. Et puis, \u00e0 vrai dire, je m\u2019en fiche, je ne suis pas l\u00e0 pour eux, mais pour rendre hommage \u00e0 mon p\u00e8re.\u00a0\u00bb<\/p>\n<p>Nouvelle interview, accord\u00e9e \u00e0 Ici Paris en juillet 2023 cette fois-ci. Emily B\u00e9caud revient sur la disparition d\u2019Anne et en dit plus sur ses sentiments au moment du drame, en 2019. Apr\u00e8s enqu\u00eate, les choses semblaient plus claires pour la famille. <strong>\u00ab\u00a0\u00c0 priori, <\/strong><a href=\"https:\/\/www.purepeople.com\/article\/gilbert-becaud-la-mort-de-sa-fille-anne-confirmee-crime-ou-accident_a356453\/1\" rel=\"nofollow noopener\" target=\"_blank\"><strong>c&rsquo;\u00e9tait un accident domestique<\/strong><\/a>, r\u00e9v\u00e9lait l\u2019artiste, se rem\u00e9morant o\u00f9 elle \u00e9tait lors du drame. C&rsquo;\u00e9tait \u00e0 6 km de chez moi. Moi et ma maman \u00e9tions sur place.\u00a0\u00bb Ne souhaitant pas parasiter l\u2019enqu\u00eate au lendemain du drame, et ne sachant pas \u2013 alors \u2013 si c\u2019\u00e9tait bel et bien sa s\u0153ur qui avait \u00e9t\u00e9 retrouv\u00e9e dans les cendres, Emily B\u00e9caud avait d\u00e9cid\u00e9 de ne pas penser au pire. \u00ab\u00a0On a attendu tr\u00e8s longtemps, avec espoir, d\u00e9clarait-elle. Quand la r\u00e9alit\u00e9 arrive, il faut g\u00e9rer\u2026\u00a0\u00bb<\/p>\n<p>Et pour cela, Emily B\u00e9caud a d\u00e9cid\u00e9 d\u2019avancer et de s\u2019investir plus que jamais dans le souvenir de son c\u00e9l\u00e8bre papa en d\u00e9veloppant \u00ab\u00a0Et maintenant\u00a0\u00bb, un spectacle musical reprenant les plus grands succ\u00e8s du chanteur. \u00ab\u00a0J\u2019ai quand m\u00eame \u00e9t\u00e9 son r\u00e9gisseur pendant 11 ans, donc niveau chanson je suis assez bal\u00e8ze, d\u00e9clarait-elle il y a deux ans aupr\u00e8s de Gala. J\u2019aimais beaucoup les chansons de Papa, mais je n\u2019ai jamais \u00e9t\u00e9 fan au point de me rappeler de toutes les paroles.\u00a0\u00bb Gageons que sa tant regrett\u00e9e s\u0153ur Anne lui aurait souffl\u00e9 quelques refrains en cas d\u2019oubli\u2026<\/p>\n<p>        <img decoding=\"async\" class=\"thumb-img-100 thumb-img\" src=\"https:\/\/www.europesays.com\/fr\/wp-content\/uploads\/2025\/09\/a89aea2d0cf72c68-320x180-1.jpg\" alt=\"Gilbert B\u00e9caud : Sa demeure de 800 m2 dans une commune 770 habitants, un lieu hors du monde\" width=\"320\" height=\"180\" loading=\"lazy\" role=\"presentation\"\/><\/p>\n<p>                                            Gilbert B\u00e9caud : Sa demeure de 800 m2 dans une commune 770 habitants, un lieu hors du monde<\/p>\n<p>        <img decoding=\"async\" class=\"thumb-img-100 thumb-img\" src=\"https:\/\/www.europesays.com\/fr\/wp-content\/uploads\/2025\/09\/7249013-gilbert-becaud-320x180-4.jpg\" alt=\"Gilbert B\u00e9caud : Ses 2 compagnes sont tomb\u00e9es enceintes \u00e0 quelques mois d'intervalle seulement\" width=\"320\" height=\"180\" loading=\"lazy\" role=\"presentation\"\/><\/p>\n<p>                                            Gilbert B\u00e9caud : Ses 2 compagnes sont tomb\u00e9es enceintes \u00e0 quelques mois d&rsquo;intervalle seulement<\/p>\n","protected":false},"excerpt":{"rendered":"Par Lucie Gosselin | R\u00e9dactrice Journaliste passionn\u00e9e, depuis plus de 10 ans, je r\u00e9alise des enqu\u00eates, des portraits,&hellip;\n","protected":false},"author":2,"featured_media":362486,"comment_status":"","ping_status":"","sticky":false,"template":"","format":"standard","meta":{"footnotes":""},"categories":[1359],"tags":[58,59,1011,27,973],"class_list":{"0":"post-362485","1":"post","2":"type-post","3":"status-publish","4":"format-standard","5":"has-post-thumbnail","7":"category-people","8":"tag-divertissement","9":"tag-entertainment","10":"tag-fr","11":"tag-france","12":"tag-people"},"share_on_mastodon":{"url":"https:\/\/pubeurope.com\/@fr\/115138670727649085","error":""},"_links":{"self":[{"href":"https:\/\/www.europesays.com\/fr\/wp-json\/wp\/v2\/posts\/362485","targetHints":{"allow":["GET"]}}],"collection":[{"href":"https:\/\/www.europesays.com\/fr\/wp-json\/wp\/v2\/posts"}],"about":[{"href":"https:\/\/www.europesays.com\/fr\/wp-json\/wp\/v2\/types\/post"}],"author":[{"embeddable":true,"href":"https:\/\/www.europesays.com\/fr\/wp-json\/wp\/v2\/users\/2"}],"replies":[{"embeddable":true,"href":"https:\/\/www.europesays.com\/fr\/wp-json\/wp\/v2\/comments?post=362485"}],"version-history":[{"count":0,"href":"https:\/\/www.europesays.com\/fr\/wp-json\/wp\/v2\/posts\/362485\/revisions"}],"wp:featuredmedia":[{"embeddable":true,"href":"https:\/\/www.europesays.com\/fr\/wp-json\/wp\/v2\/media\/362486"}],"wp:attachment":[{"href":"https:\/\/www.europesays.com\/fr\/wp-json\/wp\/v2\/media?parent=362485"}],"wp:term":[{"taxonomy":"category","embeddable":true,"href":"https:\/\/www.europesays.com\/fr\/wp-json\/wp\/v2\/categories?post=362485"},{"taxonomy":"post_tag","embeddable":true,"href":"https:\/\/www.europesays.com\/fr\/wp-json\/wp\/v2\/tags?post=362485"}],"curies":[{"name":"wp","href":"https:\/\/api.w.org\/{rel}","templated":true}]}}