{"id":362487,"date":"2025-09-03T05:17:16","date_gmt":"2025-09-03T05:17:16","guid":{"rendered":"https:\/\/www.europesays.com\/fr\/362487\/"},"modified":"2025-09-03T05:17:16","modified_gmt":"2025-09-03T05:17:16","slug":"dole-cet-artiste-dolois-peint-sa-ville-dadoption-sous-tous-les-angles","status":"publish","type":"post","link":"https:\/\/www.europesays.com\/fr\/362487\/","title":{"rendered":"Dole. Cet artiste dolois peint sa ville d\u2019adoption sous tous les angles"},"content":{"rendered":"<p>Si les poissons de la Loue avaient \u00e9t\u00e9 plus b\u00eates, Rodolphe Carrasco ne serait pas devenu peintre. \u00ab\u00a0Sit\u00f4t que j\u2019avais un moment de libre, j\u2019allais \u00e0 la p\u00eache, se souvient-il, je me disais que quand je serais \u00e0 la retraite, je pourrais y aller tous les jours, du matin au soir. Mais quand on est tout seul, la p\u00eache du matin au soir, c\u2019est vite lassant. Et je me suis aper\u00e7u que les poissons devenaient plus malins que moi. \u00bb<\/p>\n<p>Une rencontre capitale sur le march\u00e9 dolois<\/p>\n<p>Rodolphe&#8230;<\/p>\n","protected":false},"excerpt":{"rendered":"Si les poissons de la Loue avaient \u00e9t\u00e9 plus b\u00eates, Rodolphe Carrasco ne serait pas devenu peintre. \u00ab\u00a0Sit\u00f4t&hellip;\n","protected":false},"author":2,"featured_media":362488,"comment_status":"","ping_status":"","sticky":false,"template":"","format":"standard","meta":{"footnotes":""},"categories":[1358],"tags":[1348,1384,1385,1687,1386,58,42096,42097,14809,59,2271,1011,27],"class_list":{"0":"post-362487","1":"post","2":"type-post","3":"status-publish","4":"format-standard","5":"has-post-thumbnail","7":"category-arts-et-design","8":"tag-arts","9":"tag-arts-and-design","10":"tag-arts-et-design","11":"tag-culture-loisirs","12":"tag-design","13":"tag-divertissement","14":"tag-dole","15":"tag-dole-ville","16":"tag-edition-jura-nord","17":"tag-entertainment","18":"tag-exposition-arts-plastiques","19":"tag-fr","20":"tag-france"},"share_on_mastodon":{"url":"https:\/\/pubeurope.com\/@fr\/115138674379371132","error":""},"_links":{"self":[{"href":"https:\/\/www.europesays.com\/fr\/wp-json\/wp\/v2\/posts\/362487","targetHints":{"allow":["GET"]}}],"collection":[{"href":"https:\/\/www.europesays.com\/fr\/wp-json\/wp\/v2\/posts"}],"about":[{"href":"https:\/\/www.europesays.com\/fr\/wp-json\/wp\/v2\/types\/post"}],"author":[{"embeddable":true,"href":"https:\/\/www.europesays.com\/fr\/wp-json\/wp\/v2\/users\/2"}],"replies":[{"embeddable":true,"href":"https:\/\/www.europesays.com\/fr\/wp-json\/wp\/v2\/comments?post=362487"}],"version-history":[{"count":0,"href":"https:\/\/www.europesays.com\/fr\/wp-json\/wp\/v2\/posts\/362487\/revisions"}],"wp:featuredmedia":[{"embeddable":true,"href":"https:\/\/www.europesays.com\/fr\/wp-json\/wp\/v2\/media\/362488"}],"wp:attachment":[{"href":"https:\/\/www.europesays.com\/fr\/wp-json\/wp\/v2\/media?parent=362487"}],"wp:term":[{"taxonomy":"category","embeddable":true,"href":"https:\/\/www.europesays.com\/fr\/wp-json\/wp\/v2\/categories?post=362487"},{"taxonomy":"post_tag","embeddable":true,"href":"https:\/\/www.europesays.com\/fr\/wp-json\/wp\/v2\/tags?post=362487"}],"curies":[{"name":"wp","href":"https:\/\/api.w.org\/{rel}","templated":true}]}}