{"id":362494,"date":"2025-09-03T05:21:10","date_gmt":"2025-09-03T05:21:10","guid":{"rendered":"https:\/\/www.europesays.com\/fr\/362494\/"},"modified":"2025-09-03T05:21:10","modified_gmt":"2025-09-03T05:21:10","slug":"a-la-mostra-kathryn-bigelow-atomise-la-pretendue-toute-puissance-americaine-avec-a-house-of-dynamite-telerama","status":"publish","type":"post","link":"https:\/\/www.europesays.com\/fr\/362494\/","title":{"rendered":"\u00c0 la Mostra, Kathryn Bigelow atomise la pr\u00e9tendue toute-puissance am\u00e9ricaine avec \u201cA House of Dynamite\u201d &#8211; T\u00e9l\u00e9rama"},"content":{"rendered":"<ol>\n<li><a href=\"https:\/\/news.google.com\/rss\/articles\/CBMi2wFBVV95cUxPOThJdW8wR0V5cC1NRHF1cVoyMmdFX2QwOGNfelpwNF9QdU5pdGlJZ0NOZjZXN2tRV3h3TGp3dF80aUlBZFdUUzY0V2c0VnJlVUlGTXhWSWliOFBLU1YtdW0tWGRjanQ0N3BwcVFWX2h3bnU0bVdBdV85U0cyY21QQ2FfeDhLR1VETGdINUdja0ZCNDVvRTdwX1p2VG9aZk9yekNQRkxMWGQ5VUZEZi14Z0xTbTF3bnVPcExlYnl6M2xYbUJsQjdMU19HZl9GQmlvbWNxeEdiazFTbEU?oc=5\" target=\"_blank\" rel=\"nofollow noopener\">\u00c0 la Mostra, Kathryn Bigelow atomise la pr\u00e9tendue toute-puissance am\u00e9ricaine avec \u201cA House of Dynamite\u201d<\/a>&nbsp;&nbsp;T\u00e9l\u00e9rama<\/li>\n<li><a href=\"https:\/\/news.google.com\/rss\/articles\/CBMitgFBVV95cUxPQ0FVRFFDVmxOQnFneHUwLVNXX1pIODdTeklZOG1yOWFuVkxtTWZ3QXF3X3poLXhsRVhYbFpmUWxQX0pPOWdUWDU5Zmh5ZXdnb21sQldBWUlCZUpjZUVzbWpFZTFQdW54TGRWcXI4aWpIMzBtVkNqVkx5blpjbGlacVpLZjAyQTgxcWp1WnFJQ3lESlRUTEhqT0puZko2OHZ1WENadXQ0VmlZZXBuYzZfZWk2dWYzZw?oc=5\" target=\"_blank\" rel=\"nofollow noopener\">A la Mostra, le retour de deux figures du cin\u00e9ma am\u00e9ricain<\/a>&nbsp;&nbsp;Actualit\u00e9s \u2013 Orange<\/li>\n<li><a href=\"https:\/\/news.google.com\/rss\/articles\/CBMiygFBVV95cUxOcllReUQtZU5TMDNDc3cwV2VhS1NTUnVlYmsyR2lGMklXYVpvWDVkcHVscFNEWV9zc1cwN2tJblBMb0FnQk5RNGRieHlOc1daNjhnSmJVVkFyelo4WW5qdTVsNE9kcmJ5SDMtS2htd2RzN2lNNEFqOXZqZXZKekF5c0c0Wlc0VFFNWWl5cHI5bW1kZzE3RXROM1p2SjFCVGZzN1hHeFo5c2FiUUNXLVdndEx3cFJOUHlYMy1wcmZ5c0J2bkstNE9tSlpB?oc=5\" target=\"_blank\" rel=\"nofollow noopener\">Critique. Mostra de Venise 2025 : A House of Dynamite ou le retour en fanfare de Kathryn Bigelow<\/a>&nbsp;&nbsp;Actu.fr<\/li>\n<li><a href=\"https:\/\/news.google.com\/rss\/articles\/CBMivAFBVV95cUxPbEphTlRydG1yX3dMMFZiRVpmam1IMERYclRWT1ptUjJueS04ak1ZTU5Dc2wwanJHYlREWGZKcUVsd1VxaDN4aVA3SUpFbzZRdmxWX1ZMSlc0bW82czV6T0ZPNENGM01laHZGLUMyRnQwNE1TcWF2T1I1RGlucU43b1RCbzc4ZUVTYlhtTTRKLTJ0MlJkaWlXSGZOaDRoNVdoVzctSjdLUjhnS0hZYWtDNmNsTHFKWXJfUDVtSw?oc=5\" target=\"_blank\" rel=\"nofollow noopener\">Mostra de Venise : les cin\u00e9astes Kathryn Bigelow et Gus Van Sant de retour au Lido<\/a>&nbsp;&nbsp;Le Figaro<\/li>\n<li><a href=\"https:\/\/news.google.com\/rss\/articles\/CBMi4gFBVV95cUxOLUZRNlZFblY3WmpfRExwYUpaOWlrMU80QlpZNEtVNUNrWWE5SDdydi10OGREbXdublVVcG5LamFvX3BNcnE0ekdEMFFPbWhDWkhZakxTa3ZWSHpHSmlVMFZhRURmYjNNOWQtbFdXXzVMWGFFWFAzRHkwM25JV3JWT0pBVVl5M3Jpc0p0eWw5Q0NMckRxWGR0TFgwX2hzNkJNaXVfLVQ5RFROdFE3a2pfU0NMazY3YmhlT09vZElOMVczTlFGaFVsMDlKbjVvcGU3ckY3UUh0U3FLQzkzc3NhOWJn?oc=5\" target=\"_blank\" rel=\"nofollow noopener\">La Presse \u00e0 la 82e Mostra de Venise | Et si l\u2019Am\u00e9rique \u00e9tait la cible d\u2019une attaque nucl\u00e9aire ?<\/a>&nbsp;&nbsp;La Presse<\/li>\n<\/ol>\n","protected":false},"excerpt":{"rendered":"\u00c0 la Mostra, Kathryn Bigelow atomise la pr\u00e9tendue toute-puissance am\u00e9ricaine avec \u201cA House of Dynamite\u201d&nbsp;&nbsp;T\u00e9l\u00e9rama A la Mostra,&hellip;\n","protected":false},"author":2,"featured_media":362495,"comment_status":"","ping_status":"","sticky":false,"template":"","format":"standard","meta":{"footnotes":""},"categories":[1354],"tags":[58,59,1346,1011,27,1360],"class_list":{"0":"post-362494","1":"post","2":"type-post","3":"status-publish","4":"format-standard","5":"has-post-thumbnail","7":"category-films","8":"tag-divertissement","9":"tag-entertainment","10":"tag-films","11":"tag-fr","12":"tag-france","13":"tag-movies"},"share_on_mastodon":{"url":"https:\/\/pubeurope.com\/@fr\/115138690087858207","error":""},"_links":{"self":[{"href":"https:\/\/www.europesays.com\/fr\/wp-json\/wp\/v2\/posts\/362494","targetHints":{"allow":["GET"]}}],"collection":[{"href":"https:\/\/www.europesays.com\/fr\/wp-json\/wp\/v2\/posts"}],"about":[{"href":"https:\/\/www.europesays.com\/fr\/wp-json\/wp\/v2\/types\/post"}],"author":[{"embeddable":true,"href":"https:\/\/www.europesays.com\/fr\/wp-json\/wp\/v2\/users\/2"}],"replies":[{"embeddable":true,"href":"https:\/\/www.europesays.com\/fr\/wp-json\/wp\/v2\/comments?post=362494"}],"version-history":[{"count":0,"href":"https:\/\/www.europesays.com\/fr\/wp-json\/wp\/v2\/posts\/362494\/revisions"}],"wp:featuredmedia":[{"embeddable":true,"href":"https:\/\/www.europesays.com\/fr\/wp-json\/wp\/v2\/media\/362495"}],"wp:attachment":[{"href":"https:\/\/www.europesays.com\/fr\/wp-json\/wp\/v2\/media?parent=362494"}],"wp:term":[{"taxonomy":"category","embeddable":true,"href":"https:\/\/www.europesays.com\/fr\/wp-json\/wp\/v2\/categories?post=362494"},{"taxonomy":"post_tag","embeddable":true,"href":"https:\/\/www.europesays.com\/fr\/wp-json\/wp\/v2\/tags?post=362494"}],"curies":[{"name":"wp","href":"https:\/\/api.w.org\/{rel}","templated":true}]}}