{"id":362498,"date":"2025-09-03T05:23:12","date_gmt":"2025-09-03T05:23:12","guid":{"rendered":"https:\/\/www.europesays.com\/fr\/362498\/"},"modified":"2025-09-03T05:23:12","modified_gmt":"2025-09-03T05:23:12","slug":"quel-9-pour-remplacer-mikautadze-a-lol-france-olympique-lyonnais","status":"publish","type":"post","link":"https:\/\/www.europesays.com\/fr\/362498\/","title":{"rendered":"Quel 9 pour remplacer Mikautadze \u00e0 l\u2019OL ? &#8211; France &#8211; Olympique lyonnais"},"content":{"rendered":"<p>\t\t\t\u2192 Mart\u00edn Satriano, le seul 9 de m\u00e9tier<\/p>\n<p class=\"p1\">Tout juste arriv\u00e9 <a target=\"_blank\" href=\"https:\/\/www.sofoot.com\/breves\/mercato-ligue-1-lol-chipe-martin-satriano-buteur-de-rc-lens\" rel=\"nofollow noopener\">en pr\u00eat avec option d\u2019achat (cinq millions d\u2019euros)<\/a> en provenance du RC Lens, l\u2019Uruguayen va tenter de se relancer entre Rh\u00f4ne et Sa\u00f4ne. Seul v\u00e9ritable num\u00e9ro 9 de m\u00e9tier du club, Satriano sort d\u2019une saison tr\u00e8s compliqu\u00e9e, o\u00f9 il a \u00e9t\u00e9 victime d\u2019une rupture des ligaments crois\u00e9s. R\u00e9sultat : sept matchs, z\u00e9ro but. Les supporters de l\u2019OL esp\u00e8rent que l\u2019ancien Brestois retrouve des couleurs, comme lors de son ann\u00e9e en Bretagne, m\u00eame s\u2019il n\u2019avait inscrit que quatre buts en Ligue 1. Sa derni\u00e8re r\u00e9alisation remonte au 28 avril 2024, lorsqu\u2019il avait marqu\u00e9 <a target=\"_blank\" href=\"https:\/\/www.sofoot.com\/articles\/ligue-1-brest-crucifie-rennes-dans-un-derby-dingue\" rel=\"nofollow noopener\">face au Stade rennais dans un match fou<\/a>. \u00c7a commence \u00e0 remonter.<\/p>\n<p>\u2192 Corentin Tolisso, reconversion pivot<\/p>\n<p>Si Satriano est la seule option d\u2019exp\u00e9rience pour occuper la pointe de l\u2019attaque, son retour de blessure et l\u2019encha\u00eenement des matchs en Ligue Europa vont pousser Paulo Fonseca \u00e0 trouver des subterfuges pour sa rotation. <a target=\"_blank\" href=\"https:\/\/www.sofoot.com\/articles\/ligue-1-au-forceps-lyon-fait-tomber-marseille\" rel=\"nofollow noopener\">Face \u00e0 l\u2019OM dimanche<\/a>, les Lyonnais se sont pr\u00e9sent\u00e9s sans v\u00e9ritable attaquant axial. Si ce n\u2019est le capitaine Corentin Tolisso, toujours aussi attir\u00e9 vers l\u2018avant et qui \u00e9tait la principale cible des milliers de centres envoy\u00e9s par les Gones. Pourquoi pas le reconvertir en pivot pendant qu\u2019on y est ?<\/p>\n<p><img decoding=\"async\" loading=\"lazy\" class=\"\" src=\"https:\/\/www.europesays.com\/fr\/wp-content\/uploads\/2025\/09\/1756876991_393_grande.jpg\" alt=\"\" width=\"2000\" height=\"1333\"\/><\/p>\n<p>\u2192 Alejandro Gomes Rodr\u00edguez, la jeunesse au pouvoir<\/p>\n<p>Dans ses p\u00e9riodes de vache maigre, l\u2019OL a toujours su s\u2019appuyer sur les talents de son acad\u00e9mie. Pendant que Khalis Merah est en train de faire son trou au milieu de terrain, la jeunesse pourrait bien jouer un r\u00f4le aux avant-postes. Si la p\u00e9pite annonc\u00e9e du centre de formation se nomme Enzo Molebe, l\u2019international fran\u00e7ais U19 a r\u00e9guli\u00e8rement des p\u00e9pins physiques et \u00e9tait m\u00eame sur le d\u00e9part cet \u00e9t\u00e9. C\u2019est finalement l\u2019Anglo-V\u00e9n\u00e9zu\u00e9lien Alejandro Gomes Rodr\u00edguez qui semble le mieux plac\u00e9 pour gratter des minutes. L\u2019international anglais U18 a jou\u00e9 19 minutes en Ligue 1 la saison pass\u00e9e, mais a fait de belles impressions en r\u00e9serve. Mais \u00e7a reste encore tr\u00e8s tendre.<\/p>\n<p>\u2192 Paco Alc\u00e1cer, l\u2019\u00e9change de bons proc\u00e9d\u00e9s<\/p>\n<p>Libre depuis le 1er juillet dernier depuis la fin de son contrat aux \u00c9mirats, Paco Alc\u00e1cer pourrait bien \u00eatre une recrue de choix. Pass\u00e9 par Valence, le Bar\u00e7a et Villarreal, l\u2019international espagnol a le but chevill\u00e9 aux crampons en club comme en s\u00e9lection. Avec un total de 144 buts en 435 matchs au cours de sa carri\u00e8re, l\u2019attaquant de 31 ans ne rechigne jamais, qu\u2019il soit titulaire ou rempla\u00e7ant. Il a m\u00eame souvent \u00e9t\u00e9 consid\u00e9r\u00e9 comme le meilleur super-sub d\u2019Europe notamment lors de son passage \u00e0 Dortmund, sortir du banc pour marquer est devenu avec le temps sa sp\u00e9cialit\u00e9. Parfait pour donner du temps de jeu aux jeunes pousses.<\/p>\n<p>\u2192 Karl Toko Ekambi, le retour de l\u2019enfant prodigue<\/p>\n<p>Rest\u00e9 c\u00e9l\u00e8bre \u00e0 Lyon <a target=\"_blank\" href=\"https:\/\/www.sofoot.com\/breves\/olympique-lyonnais-karl-toko-ekambi-sur-le-depart\" rel=\"nofollow noopener\">pour son tir dans la poubelle<\/a> plut\u00f4t que ses buts, Karl Toko-Ekambi est libre de tout contrat apr\u00e8s sa pige d\u2019un an et demi \u00e0 Al-Ettifaq. Une saison manqu\u00e9e pour l\u2019ancien de Villarreal qui a inscrit un petit but en 24 matchs et d\u00e9livr\u00e9 2 passes d\u00e9cisives. Mais <a target=\"_blank\" href=\"https:\/\/www.sofoot.com\/articles\/karl-toko-ekambi-quand-un-joueur-a-une-cible-sur-lui-ca-devient-de-la-betise\" rel=\"nofollow noopener\">un retour dans la capitale des Gaules<\/a> apr\u00e8s une fin d\u2019histoire manqu\u00e9e pourrait redonner un peu de romantisme \u00e0 sa carri\u00e8re et, qui sait, permettre de relancer la machine.<\/p>\n<p>\u2192 Mario Balotelli pour l\u2019entertainment de la Ligue 1<\/p>\n<p>Apr\u00e8s avoir perform\u00e9 du c\u00f4t\u00e9 de Nice et de Marseille, Mario Balotelli a depuis encha\u00een\u00e9 les exp\u00e9riences. D\u2019abord en Italie du c\u00f4t\u00e9 de Brescia, puis de Monza, avant d\u2019explorer la Turquie \u00e0 Adana et la Suisse \u00e0 Sion, l\u2019international azzuro a tent\u00e9 <a target=\"_blank\" href=\"https:\/\/www.sofoot.com\/articles\/serie-a-quel-mario-balotelli-au-genoa-pour-son-retour-en-italie\" rel=\"nofollow noopener\">un come-back au pays<\/a> en signant au Genoa, sans plus de succ\u00e8s. Actuellement sans club, Super Mario pourrait \u00eatre un super personnage de ce championnat fran\u00e7ais, en tout cas dans le script imagin\u00e9 par la cha\u00eene Ligue 1+. Des doutes sur l\u2019\u00e9tat de forme de l\u2019athl\u00e8te de 35 ans, mais au moins le divertissement est garanti.<\/p>\n<p><img decoding=\"async\" loading=\"lazy\" class=\"\" src=\"https:\/\/www.europesays.com\/fr\/wp-content\/uploads\/2025\/09\/1756876992_824_grande.jpg\" alt=\"\" width=\"2000\" height=\"1333\"\/><\/p>\n<p>\u2192 Neal Maupay, en supersub<\/p>\n<p>Ind\u00e9sirable \u00e0 l\u2019OM depuis le retour de Pierre-Emerick Aubameyang, Neal Maupay n\u2019a pas (encore) trouv\u00e9 de porte de sortie. Pourtant pist\u00e9 du c\u00f4t\u00e9 de l\u2019Italie par Sassuolo, le Genoa et l\u2019Udinese ou encore Getafe en Espagne, l\u2019ancien d\u2019Everton qui a pourtant rendu de fiers services au club phoc\u00e9en la saison derni\u00e8re lors des d\u00e9faillances d\u2019Elye Wahi pourrait \u00eatre un joker de luxe pour l\u2019autre Olympique. Comment ? Gr\u00e2ce \u00e0 l\u2019article 213 du r\u00e8glement administratif de la LFP qui autorise le recrutement d\u2019un ultime joueur en attendant l\u2019ouverture du prochain mercato. Pour cela, il faut que ce joueur joue en France et soit \u00ab\u202ftitulaire d\u2019une licence de la FFF pour la saison en cours\u202f\u00bb. De quoi renforcer la rivalit\u00e9 entre le Rh\u00f4ne et les Bouches-du-Rh\u00f4ne.<\/p>\n<p>\u2192 Marie-Antoinette Katoto, la machine \u00e0 buts<\/p>\n<p class=\"p1\">162 buts en 205 matchs avec le PSG, et l\u2019OL va se priver de cette machine \u00e0 golazos ? Arriv\u00e9e chez les Lyonnes cet \u00e9t\u00e9, Katoto va peut-\u00eatre pouvoir d\u00e9panner sur le front de l\u2019attaque de la section masculine, \u00e0 qui il manque un finisseur. Toutefois, elle pourrait privil\u00e9gier la Ligue des champions avec Jonatan Gir\u00e1ldez, plut\u00f4t que la Ligue Europa avec la bande de Paulo Fonseca.<\/p>\n<p>\u2192 Un Mikautadze peut en cacher un autre<\/p>\n<p>Les fans de l\u2019OL pleurent encore le d\u00e9part de Georges Mikautadze \u00e0 Villarreal ? Ils pourraient se consoler avec l\u2019arriv\u00e9e de Sandro Mikautadze en provenance du Dinamo Tbilissi. Bon, il n\u2019a que 16 ans, mais le juv\u00e9nile attaquant compte cinq s\u00e9lections avec la s\u00e9lection U16 de G\u00e9orgie pour un but et le port du brassard de capitaine \u00e0 trois reprises. Ceux qui ont floqu\u00e9 leur nouveau maillot de \u00ab\u00a0Mikautadze 69\u00a0\u00bb n\u2019auront peut-\u00eatre pas \u00e0 jeter leur liquette.<\/p>\n<p>\t\t\t\t\t\t\t\t\t\t<a class=\"lien-connexe\" href=\"https:\/\/www.sofoot.com\/breves\/ligue-1-le-but-de-lol-face-a-lom-finalement-attribue-a-pavel-sulc\" rel=\"nofollow noopener\" target=\"_blank\">Le but de l\u2019OL face \u00e0 l\u2019OM finalement attribu\u00e9 \u00e0 Pavel \u0160ulc<\/a>\t\t\t\t\t<\/p>\n","protected":false},"excerpt":{"rendered":"\u2192 Mart\u00edn Satriano, le seul 9 de m\u00e9tier Tout juste arriv\u00e9 en pr\u00eat avec option d\u2019achat (cinq millions&hellip;\n","protected":false},"author":2,"featured_media":362499,"comment_status":"","ping_status":"","sticky":false,"template":"","format":"standard","meta":{"footnotes":""},"categories":[9],"tags":[47,61,69,65,64,63,1011,27,68,66,62,70,67,60],"class_list":{"0":"post-362498","1":"post","2":"type-post","3":"status-publish","4":"format-standard","5":"has-post-thumbnail","7":"category-sports","8":"tag-actualite","9":"tag-actus-football","10":"tag-bundesliga","11":"tag-championnats-europeens","12":"tag-equipe-de-france","13":"tag-football","14":"tag-fr","15":"tag-france","16":"tag-ligua","17":"tag-ligue-1","18":"tag-news-foot","19":"tag-premier-league","20":"tag-serie-a","21":"tag-sports"},"share_on_mastodon":{"url":"https:\/\/pubeurope.com\/@fr\/115138698655222436","error":""},"_links":{"self":[{"href":"https:\/\/www.europesays.com\/fr\/wp-json\/wp\/v2\/posts\/362498","targetHints":{"allow":["GET"]}}],"collection":[{"href":"https:\/\/www.europesays.com\/fr\/wp-json\/wp\/v2\/posts"}],"about":[{"href":"https:\/\/www.europesays.com\/fr\/wp-json\/wp\/v2\/types\/post"}],"author":[{"embeddable":true,"href":"https:\/\/www.europesays.com\/fr\/wp-json\/wp\/v2\/users\/2"}],"replies":[{"embeddable":true,"href":"https:\/\/www.europesays.com\/fr\/wp-json\/wp\/v2\/comments?post=362498"}],"version-history":[{"count":0,"href":"https:\/\/www.europesays.com\/fr\/wp-json\/wp\/v2\/posts\/362498\/revisions"}],"wp:featuredmedia":[{"embeddable":true,"href":"https:\/\/www.europesays.com\/fr\/wp-json\/wp\/v2\/media\/362499"}],"wp:attachment":[{"href":"https:\/\/www.europesays.com\/fr\/wp-json\/wp\/v2\/media?parent=362498"}],"wp:term":[{"taxonomy":"category","embeddable":true,"href":"https:\/\/www.europesays.com\/fr\/wp-json\/wp\/v2\/categories?post=362498"},{"taxonomy":"post_tag","embeddable":true,"href":"https:\/\/www.europesays.com\/fr\/wp-json\/wp\/v2\/tags?post=362498"}],"curies":[{"name":"wp","href":"https:\/\/api.w.org\/{rel}","templated":true}]}}