{"id":3625,"date":"2025-04-04T23:38:24","date_gmt":"2025-04-04T23:38:24","guid":{"rendered":"https:\/\/www.europesays.com\/fr\/3625\/"},"modified":"2025-04-04T23:38:24","modified_gmt":"2025-04-04T23:38:24","slug":"a-lhistorial-de-vendee-une-exposition-consacree-a-lile-de-noirmoutier-dans-le-regard-des-peintres","status":"publish","type":"post","link":"https:\/\/www.europesays.com\/fr\/3625\/","title":{"rendered":"\u00c0 l\u2019Historial de Vend\u00e9e, une exposition consacr\u00e9e \u00e0 l\u2019\u00eele de Noirmoutier, dans le regard des peintres"},"content":{"rendered":"<p>\u00ab\u00a0Je viens \u00e0 Noirmoutier, c\u2019est un coin admirable, bien sup\u00e9rieur \u00e0 Jersey ou Guernesey, beau comme le Midi avec une mer bien plus belle que la M\u00e9diterran\u00e9e\u00a0\u00bb, s\u2019exclame Auguste Renoir, en 1892, venu de Bretagne en bateau \u00e0 vapeur sur l\u2019\u00eele vend\u00e9enne, accostant non loin de sa plage des Dames. Le ma\u00eetre de l\u2019impressionnisme peint quatre tableaux d\u2019une beaut\u00e9 majestueuse pr\u00e8s du c\u00e9l\u00e8bre bois de la Chaise.<\/p>\n<p>Un agrandissement\u00a0\u2013\u00a0les originaux n\u2019ont pas pu quitter les \u00c9tats-Unis \u2013 fait partie des quelque 110 \u0153uvres d\u2019<a target=\"_blank\" href=\"https:\/\/nossites.vendee.fr\/historial-de-vendee\/agenda-de-lhistorial-de-la-vendee\/evenement\/event-id\/1af33025-2b71-45e9-8228-fbdec48dc900?cHash=79475f8e2588648f36f9125e7e09c17c#:~:text=Pr%C3%A9sent%C3%A9e%20%C3%A0%20l&#039;Historial%20de,Noirmoutier%20entre%201850%20et%201950.\" rel=\"noopener\">\u00cele sur toile, un si\u00e8cle de peinture \u00e0 Noirmoutier<\/a>\u00a0\u00e0 l\u2019Historial de Vend\u00e9e, jusqu\u2019au 25\u00a0mai 2025. <\/p>\n<p>\u00ab Les peintres furent les ambassadeurs de Noirmoutier, les premiers influenceurs de l\u2019\u00e9poque \u00bb<\/p>\n<p>L\u2019exposition est une peinture sociale en elle-m\u00eame par les reconstitutions noirmoutrines qui habillent les tableaux\u00a0: \u00ab\u00a0Nous pr\u00e9sentons les paysages de l\u2019\u00eele aux mimosas \u00e0 travers le regard des peintres entre\u00a01850 et\u00a01950, un v\u00e9ritable parcours artistique qui marque aussi la naissance du tourisme baln\u00e9aire et \u00e0 travers les diff\u00e9rents courants de peinture, les particularit\u00e9s de Noirmoutier, la lumi\u00e8re changeante, son c\u00e9l\u00e8bre passage du Gois, sa nature sauvage et ses paysages uniques\u00a0: les peintres furent les ambassadeurs de Noirmoutier, les premiers influenceurs de l\u2019\u00e9poque\u00a0!\u00a0\u00bb r\u00e9sument Guillaume Jean, \u00e9lu d\u00e9partemental \u00e0 la culture et Clotilde G\u00e9ry, commissaire de l\u2019exposition.<\/p>\n<p>La visite se poursuit \u00e0 travers les amples espaces o\u00f9 la technologie sert aussi l\u2019art, comme ce dispositif qui fait ressortir en lumi\u00e8res changeantes, les touches color\u00e9es d\u2019un grand tableau de Tancr\u00e8de Abraham.<\/p>\n<p>L\u2019histoire picturale s\u2019encha\u00eene de tableaux en dessins, o\u00f9 des grands noms de la peinture c\u00f4toient des artistes non moins connus, jusqu\u2019\u00e0 une \u0153uvre unique\u00a0: la femme du peintre su\u00e9dois Gustaf Cederstr\u00f6m, \u00e9l\u00e9gante et son ombrelle assise au coin d\u2019un rocher sableux.<\/p>\n<p>Un peinturarium anim\u00e9<\/p>\n<p>Chaque toile est un v\u00e9ritable instantan\u00e9 vivant, \u00e0 l\u2019heure o\u00f9 la photographie \u00e9tait encore naissante et rare, immortalisant une sc\u00e8ne de l\u2019\u00eele et sa grande for\u00eat de ch\u00eanes verts et de pins maritimes les pieds dans le sable\u2026 Ici, L\u00e9on Printemps montre un enfant jouant avec son bateau\u00a0; l\u00e0, un artiste \u00ab\u00a0anonyme\u00a0\u00bb immortalise une petite p\u00eacheuse de crevettes face \u00e0 la c\u00e9l\u00e8bre Tour Plantier. Plus loin, Andr\u00e9 Derain choisit les Salines, tandis que Florimond Palvadeau scrute les \u00ab\u00a0P\u00eacheurs au Pilier\u00a0\u00bb.<\/p>\n<p>On sent les bains de mer devenir \u00e0 la mode, l\u2019odeur des bruy\u00e8res roses et arbousiers, et les cabanes de la plage des Dames color\u00e9es accueillant les premiers costumes de bain. Jean-\u00c9mile Laboureur pr\u00e9f\u00e8re le bois de la Chaise, tandis que F\u00e9lix Lionnet capte un village en bord de mer et Maurice Denis une sc\u00e8ne de vie. Les femmes peintres ne sont pas en reste, m\u00e9connues parfois, \u00e0 la touche sensible. Au centre de l\u2019exposition, le peinturarium permet de contempler en musique, assis ou renvers\u00e9, des \u0153uvres anim\u00e9es. L\u2019\u00eele aux mimosas se r\u00e9veille en couleurs.<\/p>\n<p>7.000\u00a0ans d\u2019histoire \u00e0 contempler<\/p>\n<p>La Pr\u00e9histoire, l\u2019Antiquit\u00e9, le mill\u00e9naire m\u00e9di\u00e9val, de la Renaissance au si\u00e8cle des Lumi\u00e8res, la Guerre de Vend\u00e9e (1793-1796) et le monde moderne se d\u00e9clinent aussi \u00e0 l\u2019Historial de Vend\u00e9e au fil de 7.000\u00a0ans d\u2019histoire, \u00e0 travers six espaces d\u00e9di\u00e9s \u00e0 la mus\u00e9ographie vivante, et dix salles sur 3.000 m\u00b2, avec un mus\u00e9e des enfants.<\/p>\n<p>L\u2019Historial des Lucs-sur-Boulogne est ouvert toute l\u2019ann\u00e9e du 1er\u00a0septembre au 30\u00a0juin, du mardi au dimanche de 10\u00a0h \u00e0 18\u00a0h et du 1er\u00a0juillet au 31\u00a0ao\u00fbt tous les jours de 10\u00a0h \u00e0 19\u00a0h.<\/p>\n<p>Tarifs, en p\u00e9riode d\u2019exposition\u00a0: 9\u00a0\u20ac (7\u00a0\u20ac de 18 \u00e0 25\u00a0ans et tarifs r\u00e9duits) pour la journ\u00e9e enti\u00e8re, sorties autoris\u00e9es, notamment pour visiter le M\u00e9morial de Vend\u00e9e \u00e0 deux pas ou la chapelle des Martyrs. Gratuit pour les moins de 18\u00a0ans. T\u00e9l.\u00a002.28.85.77.77.<\/p>\n","protected":false},"excerpt":{"rendered":"\u00ab\u00a0Je viens \u00e0 Noirmoutier, c\u2019est un coin admirable, bien sup\u00e9rieur \u00e0 Jersey ou Guernesey, beau comme le Midi&hellip;\n","protected":false},"author":2,"featured_media":3626,"comment_status":"","ping_status":"","sticky":false,"template":"","format":"standard","meta":{"footnotes":""},"categories":[1358],"tags":[1392,1348,1384,1385,1386,2545,58,59,1349,1011,27,1393,2546,1584],"class_list":{"0":"post-3625","1":"post","2":"type-post","3":"status-publish","4":"format-standard","5":"has-post-thumbnail","7":"category-arts-et-design","8":"tag-a-la-une-local","9":"tag-arts","10":"tag-arts-and-design","11":"tag-arts-et-design","12":"tag-design","13":"tag-deux-sevres","14":"tag-divertissement","15":"tag-entertainment","16":"tag-expositions","17":"tag-fr","18":"tag-france","19":"tag-loisirs","20":"tag-vendee","21":"tag-vienne"},"share_on_mastodon":{"url":"https:\/\/pubeurope.com\/@fr\/114282332336414123","error":""},"_links":{"self":[{"href":"https:\/\/www.europesays.com\/fr\/wp-json\/wp\/v2\/posts\/3625","targetHints":{"allow":["GET"]}}],"collection":[{"href":"https:\/\/www.europesays.com\/fr\/wp-json\/wp\/v2\/posts"}],"about":[{"href":"https:\/\/www.europesays.com\/fr\/wp-json\/wp\/v2\/types\/post"}],"author":[{"embeddable":true,"href":"https:\/\/www.europesays.com\/fr\/wp-json\/wp\/v2\/users\/2"}],"replies":[{"embeddable":true,"href":"https:\/\/www.europesays.com\/fr\/wp-json\/wp\/v2\/comments?post=3625"}],"version-history":[{"count":0,"href":"https:\/\/www.europesays.com\/fr\/wp-json\/wp\/v2\/posts\/3625\/revisions"}],"wp:featuredmedia":[{"embeddable":true,"href":"https:\/\/www.europesays.com\/fr\/wp-json\/wp\/v2\/media\/3626"}],"wp:attachment":[{"href":"https:\/\/www.europesays.com\/fr\/wp-json\/wp\/v2\/media?parent=3625"}],"wp:term":[{"taxonomy":"category","embeddable":true,"href":"https:\/\/www.europesays.com\/fr\/wp-json\/wp\/v2\/categories?post=3625"},{"taxonomy":"post_tag","embeddable":true,"href":"https:\/\/www.europesays.com\/fr\/wp-json\/wp\/v2\/tags?post=3625"}],"curies":[{"name":"wp","href":"https:\/\/api.w.org\/{rel}","templated":true}]}}