{"id":362504,"date":"2025-09-03T05:26:12","date_gmt":"2025-09-03T05:26:12","guid":{"rendered":"https:\/\/www.europesays.com\/fr\/362504\/"},"modified":"2025-09-03T05:26:12","modified_gmt":"2025-09-03T05:26:12","slug":"iaa-munich-2025-audi-annonce-son-nouveau-design-avec-ce-concept-de-sportive-electrique","status":"publish","type":"post","link":"https:\/\/www.europesays.com\/fr\/362504\/","title":{"rendered":"IAA Munich 2025 &#8211; Audi annonce son nouveau design avec ce concept de sportive \u00e9lectrique"},"content":{"rendered":"<p><a data-src=\"https:\/\/cdn.automobile-propre.com\/uploads\/2025\/09\/Audi-Concept-C.jpg\" data-sub-html=\"\" data-width=\"1500\" class=\"gallery-image flex flex-col gap-1\"><img alt=\"\" loading=\"lazy\" width=\"1500\" height=\"978\" decoding=\"async\" data-nimg=\"1\" class=\"w-full max-w-full rounded-xl\" style=\"color:transparent\"  src=\"https:\/\/www.europesays.com\/fr\/wp-content\/uploads\/2025\/09\/Audi-Concept-C.jpg\"\/><\/a><\/p>\n<p class=\"font-display text-xl font-semibold leading-7 md:text-2xl md:leading-8\" data-content=\"paragraph\" data-block=\"chapo\">Avec le Concept C, Audi pose les bases de son nouveau design, voulu plus simple. Ce prototype confirme aussi l\u2019arriv\u00e9e prochaine d\u2019un coup\u00e9 sportif \u00e9lectrique.<\/p>\n<p class=\"block-paragraph font-body text-foreground-text-primary mb-3 text-base leading-6 md:text-lg md:leading-7\" data-content=\"paragraph\" data-block=\"paragraph\">Il y a un peu plus d\u2019un an, <a href=\"https:\/\/www.automobile-propre.com\/marque\/audi\/\" rel=\"nofollow noopener\" target=\"_blank\">Audi<\/a> a chang\u00e9 de directeur du design, en recrutant Massimo Frascella. Et g\u00e9n\u00e9ralement, quand un nouveau patron du style est nomm\u00e9, il veut imprimer sa patte.<\/p>\n<p class=\"block-paragraph font-body text-foreground-text-primary mb-3 text-base leading-6 md:text-lg md:leading-7\" data-content=\"paragraph\" data-block=\"paragraph\">Cet Italien ne d\u00e9roge pas \u00e0 la r\u00e8gle et suit un autre principe incontournable : il pose les bases du renouveau avec un concept-car. Voici donc le Concept C, d\u00e9voil\u00e9 en avant-premi\u00e8re \u00e0 Milan avant d\u2019\u00eatre expos\u00e9 au <a href=\"https:\/\/www.automobile-propre.com\/tag\/iaa\/\" rel=\"nofollow noopener\" target=\"_blank\">Salon de Munich<\/a>.<\/p>\n<p class=\"block-paragraph font-body text-foreground-text-primary mb-3 text-base leading-6 md:text-lg md:leading-7\" data-content=\"paragraph\" data-block=\"paragraph\">Le double message du Concept C est clair \u00e0 d\u00e9coder. D\u00e9j\u00e0, l\u2019\u00e9volution du design de la firme aux anneaux va \u00eatre nette. Ensuite, la volont\u00e9 de Massimo Frascella est de revenir \u00e0 la simplicit\u00e9 esth\u00e9tique chez Audi.<\/p>\n<p>Minimalisme assum\u00e9<\/p>\n<p class=\"block-paragraph font-body text-foreground-text-primary mb-3 text-base leading-6 md:text-lg md:leading-7\" data-content=\"paragraph\" data-block=\"paragraph\">Ce qui ne va pas faire de mal, car le design de la firme aux anneaux \u00e9tait devenu indigeste, \u00e0 force d\u2019exag\u00e9rer des gimmicks esth\u00e9tiques \u00e9puis\u00e9s. Et puis on \u00e9tait perdu, car on se souvient de la pr\u00e9sentation d\u2019une s\u00e9rie de concepts \u00e9lectriques \u00ab sphere \u00bb ces derni\u00e8res ann\u00e9es, d\u00e9j\u00e0 suppos\u00e9s poser de nouvelles bases, mais dont la traduction en s\u00e9rie n\u2019a pas \u00e9t\u00e9 \u00e9vidente.<\/p>\n<p><a data-block=\"readMoreBlock\" data-content=\"paragraph\" href=\"https:\/\/www.automobile-propre.com\/articles\/iaa-munich-2025-nouvelle-audi-q3-sportback-hybride-rechargeable-du-style-et-une-tres-grosse-autonomie-electrique\/\" class=\"group relative mb-5 flex flex-col rounded-lg\" rel=\"nofollow noopener\" target=\"_blank\">\u00c0 lire aussi<img alt=\"\" loading=\"lazy\" width=\"156\" height=\"97\" decoding=\"async\" data-nimg=\"1\" class=\"aspect-[16\/10] object-cover max-h-[78px] min-h-[78px] w-full min-w-[126px] max-w-[126px] md:max-h-[97px] md:min-h-[97px] md:min-w-[156px] md:max-w-[156px] rounded-lg\" style=\"color:transparent\"  src=\"https:\/\/www.europesays.com\/fr\/wp-content\/uploads\/2025\/09\/1756877172_590_\"\/>IAA Munich 2025 \u2013 Nouvelle Audi Q3 Sportback hybride rechargeable : du style et une tr\u00e8s grosse autonomie \u00e9lectrique<\/a><\/p>\n<p class=\"block-paragraph font-body text-foreground-text-primary mb-3 text-base leading-6 md:text-lg md:leading-7\" data-content=\"paragraph\" data-block=\"paragraph\">Massimo Frascella repart donc de z\u00e9ro et d\u2019une feuille blanche. Ou presque. Car un autre principe incontournable de la r\u00e9volution esth\u00e9tique op\u00e9r\u00e9e quand on a fini par se perdre, c\u2019est de s\u2019inspirer d\u2019un glorieux pass\u00e9.<\/p>\n<p class=\"block-paragraph font-body text-foreground-text-primary mb-3 text-base leading-6 md:text-lg md:leading-7\" data-content=\"paragraph\" data-block=\"paragraph\">Le nouveau prototype n\u2019est ainsi pas sans \u00e9voquer le concept qui avait annonc\u00e9 le TT en 1995. Et le designer italien reconna\u00eet volontiers qu\u2019il a un lien particulier avec la premi\u00e8re g\u00e9n\u00e9ration du petit coup\u00e9. Il loue ainsi l\u2019absence d\u2019exc\u00e8s sur cette auto et sa clart\u00e9.<\/p>\n<p class=\"block-paragraph font-body text-foreground-text-primary mb-3 text-base leading-6 md:text-lg md:leading-7\" data-content=\"paragraph\" data-block=\"paragraph\">Clart\u00e9 est d\u2019ailleurs le ma\u00eetre mot du nouveau design d\u2019Audi annonc\u00e9 par le Concept C, qui joue \u00e0 fond la carte du minimalisme. \u00ab\u00a0La simplicit\u00e9 radicale est au coeur de notre d\u00e9marche. Nous atteignons la clart\u00e9 en r\u00e9duisant chaque \u00e9l\u00e9ment \u00e0 l\u2019essentiel\u00a0\u00bb explique Massimo Frascella. Cela se voit avec les phares et feux, qui se limitent \u00e0 de fins \u00e9l\u00e9ments rectangulaires.<\/p>\n<p class=\"block-paragraph font-body text-foreground-text-primary mb-3 text-base leading-6 md:text-lg md:leading-7\" data-content=\"paragraph\" data-block=\"paragraph\">Le Concept C inaugure une nouvelle calandre noire verticale et peu large, inspir\u00e9e de l\u2019Auto Union Type C de 1936 (d\u2019o\u00f9 le nom) mais qui \u00e9voque aussi l\u2019A6 de 2004. Le profil a un c\u00f4t\u00e9 monolithique, forc\u00e9ment renforc\u00e9 par l\u2019absence de vitrage apr\u00e8s les portes et de lunette arri\u00e8re. De quoi faire penser \u00e0 la Jaguar Type 00, pourtant accueillie fraichement !<\/p>\n<p>Un avant-go\u00fbt d\u2019un mod\u00e8le de s\u00e9rie<\/p>\n<p class=\"block-paragraph font-body text-foreground-text-primary mb-3 text-base leading-6 md:text-lg md:leading-7\" data-content=\"paragraph\" data-block=\"paragraph\">Le mod\u00e8le est un roadster avec un toit rigide r\u00e9tractable (une premi\u00e8re chez Audi). Il peut accueillir deux personnes, dans un habitacle qui fait \u00e9galement la part belle aux formes simples et g\u00e9om\u00e9triques. Ici encore, quelques \u00e9l\u00e9ments font des clins d\u2019oeil au TT.<\/p>\n<p class=\"block-paragraph font-body text-foreground-text-primary mb-3 text-base leading-6 md:text-lg md:leading-7\" data-content=\"paragraph\" data-block=\"paragraph\">La technologie se veut volontairement discr\u00e8te. Avec l\u00e0 aussi la fin de la folie des grandeurs, puisqu\u2019il y a un \u00e9cran tactile de 10,4 pouces repliable. L\u2019id\u00e9e est de ne pas d\u00e9ranger inutilement le conducteur en lui offrant les bonnes informations au bon moment. Des commandes en aluminium anodis\u00e9 offrent \u00ab\u00a0une exp\u00e9rience tactile qui refl\u00e8te la qualit\u00e9 m\u00e9canique\u00a0\u00bb.<\/p>\n<p class=\"block-paragraph font-body text-foreground-text-primary mb-3 text-base leading-6 md:text-lg md:leading-7\" data-content=\"paragraph\" data-block=\"paragraph\">Le constructeur le dit clairement : ce concept-car va influencer ses prochaines cr\u00e9ations, mais il pr\u00e9figure aussi un mod\u00e8le de s\u00e9rie. Audi confirme donc l\u2019arriv\u00e9e d\u2019une nouvelle sportive dans son offre, alors que les TT et R8 ont \u00e9t\u00e9 arr\u00eat\u00e9s. Et cette sportive sera \u00e9lectrique.<\/p>\n<p class=\"block-paragraph font-body text-foreground-text-primary mb-3 text-base leading-6 md:text-lg md:leading-7\" data-content=\"paragraph\" data-block=\"paragraph\">Audi n\u2019entre toutefois pas dans les d\u00e9tails de la technique, ce n\u2019est pas la partie sur laquelle il voulait communiquer avec le Concept C.<\/p>\n<p class=\"mb-2 font-display text-sm font-semibold text-foreground-text-tertiary\">La suite de votre contenu apr\u00e8s cette annonce<\/p>\n<p class=\"mb-2 font-display text-sm font-semibold text-foreground-text-tertiary\">La suite de votre contenu apr\u00e8s cette annonce<\/p>\n","protected":false},"excerpt":{"rendered":"Avec le Concept C, Audi pose les bases de son nouveau design, voulu plus simple. Ce prototype confirme&hellip;\n","protected":false},"author":2,"featured_media":362505,"comment_status":"","ping_status":"","sticky":false,"template":"","format":"standard","meta":{"footnotes":""},"categories":[6],"tags":[35,33,34,1011,27,49753],"class_list":{"0":"post-362504","1":"post","2":"type-post","3":"status-publish","4":"format-standard","5":"has-post-thumbnail","7":"category-economie","8":"tag-business","9":"tag-economie","10":"tag-economy","11":"tag-fr","12":"tag-france","13":"tag-iaa-2025"},"share_on_mastodon":{"url":"https:\/\/pubeurope.com\/@fr\/115138709705991124","error":""},"_links":{"self":[{"href":"https:\/\/www.europesays.com\/fr\/wp-json\/wp\/v2\/posts\/362504","targetHints":{"allow":["GET"]}}],"collection":[{"href":"https:\/\/www.europesays.com\/fr\/wp-json\/wp\/v2\/posts"}],"about":[{"href":"https:\/\/www.europesays.com\/fr\/wp-json\/wp\/v2\/types\/post"}],"author":[{"embeddable":true,"href":"https:\/\/www.europesays.com\/fr\/wp-json\/wp\/v2\/users\/2"}],"replies":[{"embeddable":true,"href":"https:\/\/www.europesays.com\/fr\/wp-json\/wp\/v2\/comments?post=362504"}],"version-history":[{"count":0,"href":"https:\/\/www.europesays.com\/fr\/wp-json\/wp\/v2\/posts\/362504\/revisions"}],"wp:featuredmedia":[{"embeddable":true,"href":"https:\/\/www.europesays.com\/fr\/wp-json\/wp\/v2\/media\/362505"}],"wp:attachment":[{"href":"https:\/\/www.europesays.com\/fr\/wp-json\/wp\/v2\/media?parent=362504"}],"wp:term":[{"taxonomy":"category","embeddable":true,"href":"https:\/\/www.europesays.com\/fr\/wp-json\/wp\/v2\/categories?post=362504"},{"taxonomy":"post_tag","embeddable":true,"href":"https:\/\/www.europesays.com\/fr\/wp-json\/wp\/v2\/tags?post=362504"}],"curies":[{"name":"wp","href":"https:\/\/api.w.org\/{rel}","templated":true}]}}