{"id":362507,"date":"2025-09-03T05:27:11","date_gmt":"2025-09-03T05:27:11","guid":{"rendered":"https:\/\/www.europesays.com\/fr\/362507\/"},"modified":"2025-09-03T05:27:11","modified_gmt":"2025-09-03T05:27:11","slug":"trump-fulmine-de-voir-xi-jinping-mettre-a-lhonneur-poutine-et-kim-jong-un","status":"publish","type":"post","link":"https:\/\/www.europesays.com\/fr\/362507\/","title":{"rendered":"Trump fulmine de voir Xi Jinping mettre \u00e0 l\u2019honneur Poutine et Kim Jong-un\u2026"},"content":{"rendered":"<p>Trump fulmine contre P\u00e9kin<\/p>\n<p>Donald Trump a accus\u00e9 ce mercredi (mardi soir \u00e0 Washington) Xi Jinping de \u00ab\u00a0conspire(r) contre les Etats-Unis d\u2019Am\u00e9rique\u00a0\u00bb avec Vladimir Poutine et Kim Jong-un.<\/p>\n<p>Il avait cependant assur\u00e9 quelques heures plus t\u00f4t n\u2019\u00eatre \u00ab\u00a0pas pr\u00e9occup\u00e9 du tout\u00a0\u00bb par l\u2019alliance sino-russe. \u00ab\u00a0Nous avons les forces militaires les plus puissantes au monde, de loin, et ils n\u2019utiliseraient jamais les leurs contre nous. Croyez-moi, ce serait la pire chose qu\u2019ils puissent jamais faire\u00a0\u00bb.<\/p>\n<p>Xi Jinping met \u00e0 l\u2019honneur Kim Jong-un et Poutine<\/p>\n<p>Le pr\u00e9sident chinois Xi Jinping, son homologue russe et le leader nord-cor\u00e9en ont assist\u00e9 ensemble ce mercredi \u00e0 P\u00e9kin, en compagnie d\u2019une vingtaine de dirigeants \u00e9trangers, \u00e0 un d\u00e9fil\u00e9 militaire g\u00e9ant c\u00e9l\u00e9brant les 80 ans de la fin de la Seconde Guerre mondiale.<\/p>\n<p>Xi Jinping a serr\u00e9 la main tour \u00e0 tour \u00e0 Vladimir Poutine puis \u00e0 Kim Jong-un ainsi qu\u2019aux autres invit\u00e9s \u00e0 leurs arriv\u00e9es successives. Puis, \u00e9changeant des amabilit\u00e9s, les dirigeants se sont mis en marche sur le tapis rouge, Vladimir Poutine \u00e0 la droite de Xi Jinping et Kim Jong-un \u00e0 sa gauche, en t\u00eate du groupe, vers la place Tiananmen pour la parade.<\/p>\n<p>Aucun dirigeant occidental de premier plan n\u2019\u00e9tait dans l\u2019assistance, o\u00f9 avait toutefois pris place le Premier ministre slovaque Robert Fico, un alli\u00e9 de Moscou au sein de l\u2019UE.<\/p>\n<p>Bienvenue dans ce nouveau Live<\/p>\n<p>Bonjour \u00e0 toutes et \u00e0 tous. Comme chaque jour, la r\u00e9daction de 20 Minutes est mobilis\u00e9e pour vous donner l\u2019ensemble des informations sur le conflit entre Kiev et Moscou.<\/p>\n<p>La guerre vire cette semaine au bras de fer entre Washington et P\u00e9kin. Alors que Donald Trump ne parvient pas \u00e0 obtenir de Vladimir Poutine la paix en Ukraine, le pr\u00e9sident chinois s\u2019est affich\u00e9 ce mercredi avec le ma\u00eetre du Kremlin et Kim Jong-un, leader de la Cor\u00e9e du Nord, pays impliqu\u00e9 dans les combats.<\/p>\n","protected":false},"excerpt":{"rendered":"Trump fulmine contre P\u00e9kin Donald Trump a accus\u00e9 ce mercredi (mardi soir \u00e0 Washington) Xi Jinping de \u00ab\u00a0conspire(r)&hellip;\n","protected":false},"author":2,"featured_media":362508,"comment_status":"","ping_status":"","sticky":false,"template":"","format":"standard","meta":{"footnotes":""},"categories":[5],"tags":[47,11,309,13987,75,73,1011,27,131,14,74,12,132,133,135,134,28,7084],"class_list":{"0":"post-362507","1":"post","2":"type-post","3":"status-publish","4":"format-standard","5":"has-post-thumbnail","7":"category-international","8":"tag-actualite","9":"tag-actualites","10":"tag-chine","11":"tag-coree-du-nord","12":"tag-donald-trump","13":"tag-etats-unis","14":"tag-fr","15":"tag-france","16":"tag-guerre-en-ukraine","17":"tag-international","18":"tag-monde","19":"tag-news","20":"tag-russie","21":"tag-video","22":"tag-vladimir-poutine","23":"tag-volodymyr-zelensky","24":"tag-world","25":"tag-xi-jinping"},"share_on_mastodon":{"url":"https:\/\/pubeurope.com\/@fr\/115138713659747013","error":""},"_links":{"self":[{"href":"https:\/\/www.europesays.com\/fr\/wp-json\/wp\/v2\/posts\/362507","targetHints":{"allow":["GET"]}}],"collection":[{"href":"https:\/\/www.europesays.com\/fr\/wp-json\/wp\/v2\/posts"}],"about":[{"href":"https:\/\/www.europesays.com\/fr\/wp-json\/wp\/v2\/types\/post"}],"author":[{"embeddable":true,"href":"https:\/\/www.europesays.com\/fr\/wp-json\/wp\/v2\/users\/2"}],"replies":[{"embeddable":true,"href":"https:\/\/www.europesays.com\/fr\/wp-json\/wp\/v2\/comments?post=362507"}],"version-history":[{"count":0,"href":"https:\/\/www.europesays.com\/fr\/wp-json\/wp\/v2\/posts\/362507\/revisions"}],"wp:featuredmedia":[{"embeddable":true,"href":"https:\/\/www.europesays.com\/fr\/wp-json\/wp\/v2\/media\/362508"}],"wp:attachment":[{"href":"https:\/\/www.europesays.com\/fr\/wp-json\/wp\/v2\/media?parent=362507"}],"wp:term":[{"taxonomy":"category","embeddable":true,"href":"https:\/\/www.europesays.com\/fr\/wp-json\/wp\/v2\/categories?post=362507"},{"taxonomy":"post_tag","embeddable":true,"href":"https:\/\/www.europesays.com\/fr\/wp-json\/wp\/v2\/tags?post=362507"}],"curies":[{"name":"wp","href":"https:\/\/api.w.org\/{rel}","templated":true}]}}