{"id":362509,"date":"2025-09-03T05:28:10","date_gmt":"2025-09-03T05:28:10","guid":{"rendered":"https:\/\/www.europesays.com\/fr\/362509\/"},"modified":"2025-09-03T05:28:10","modified_gmt":"2025-09-03T05:28:10","slug":"fin-de-la-rave-party-organisee-sur-une-zone-ravagee-par-un-incendie","status":"publish","type":"post","link":"https:\/\/www.europesays.com\/fr\/362509\/","title":{"rendered":"Fin de la rave party organis\u00e9e sur une zone ravag\u00e9e par un incendie"},"content":{"rendered":"<p>Apr\u00e8s une pol\u00e9mique de plusieurs jours, la musique a pris fin. L\u2019ensemble des participants \u00e0 la <a href=\"https:\/\/www.20minutes.fr\/dossier\/rave\" target=\"_blank\" class=\"c-link c-link--is-underlined\" rel=\"noopener\">rave party<\/a> organis\u00e9e depuis vendredi dans une zone de l\u2019Aude frapp\u00e9e par <a href=\"https:\/\/www.20minutes.fr\/faits_divers\/4169941-20250828-aude-trois-semaines-lutte-gigantesque-incendie-enfin-eteint\" target=\"_blank\" class=\"c-link c-link--is-underlined\" rel=\"noopener\">un vaste incendie<\/a>, \u00ab\u00a0a quitt\u00e9 les lieux\u00a0\u00bb, a indiqu\u00e9 mardi soir la pr\u00e9fecture. Les forces de l\u2019ordre ont saisi du mat\u00e9riel technique et effectu\u00e9 \u00ab\u00a01.500 verbalisations\u00a0\u00bb.<\/p>\n<p>\u00ab\u00a0A 20\u00a0heures et gr\u00e2ce \u00e0 un dispositif renforc\u00e9, l\u2019ensemble des participants \u00e0 la rave party a quitt\u00e9 les lieux\u00a0\u00bb, a soulign\u00e9 le pr\u00e9fet du d\u00e9partement. L\u2019op\u00e9ration \u00ab\u00a0men\u00e9e par les gendarmes de l\u2019<a href=\"https:\/\/www.20minutes.fr\/societe\/aude\/\" target=\"_blank\" class=\"c-link c-link--is-underlined\" rel=\"noopener\">Aude<\/a>, les gendarmes mobiles et les CRS a abouti \u00e0 la saisie de l\u2019ensemble du mat\u00e9riel composant le mur de son et les deux groupes \u00e9lectrog\u00e8nes utilis\u00e9s par les participants\u00a0\u00bb.<\/p>\n<p>Un ultimatum de Retailleau<\/p>\n<p>Selon la m\u00eame source, quelque \u00ab\u00a01.250 v\u00e9hicules et 2.500 personnes, soit la quasi-totalit\u00e9 des participants \u00e0 ce rassemblement musical interdit\u00a0\u00bb ont \u00e9t\u00e9 contr\u00f4l\u00e9s. Les f\u00eatards avaient commenc\u00e9 \u00e0 acc\u00e9l\u00e9rer leur d\u00e9part dans l\u2019apr\u00e8s-midi, selon Christophe Tena, maire de Fontjoncouse, la commune sur laquelle la rave s\u2019\u00e9tait install\u00e9e. Le ministre de l\u2019Int\u00e9rieur <a href=\"https:\/\/www.20minutes.fr\/dossier\/bruno_retailleau\" target=\"_blank\" class=\"c-link c-link--is-underlined\" rel=\"noopener\">Bruno Retailleau<\/a> avait donn\u00e9 comme ultimatum 14 heures pour le d\u00e9part des teufeurs. \u00ab\u00a0Mais ils ont commenc\u00e9 \u00e0 partir vers 13 heures\u00a0\u00bb, a indiqu\u00e9 Christophe Tena.<\/p>\n<\/p>\n<p>La f\u00eate techno avait d\u00e9but\u00e9 vendredi soir dans une petite plaine agricole, cern\u00e9e de collines calcin\u00e9es, entre les villages de Fontjoncouse et de Coustouge, au c\u0153ur d\u2019une zone sinistr\u00e9e par le gigantesque incendie qui a parcouru 16.000 hectares dans l\u2019Aude du 5 au 10\u00a0ao\u00fbt, et a notamment d\u00e9truit 36 habitations et tu\u00e9 une personne.<\/p>\n<p>Des \u00e9chauffour\u00e9es avec des agriculteurs<\/p>\n<p>Lundi en fin de journ\u00e9e, CRS et gendarmes avaient d\u00fb s\u2019interposer entre des participants \u00e0 la \u00ab\u00a0Free Party From Dusk Till Dawn\u00a0\u00bb et un groupe d\u2019agriculteurs et de villageois, venus avec tracteurs et bulldozer, pour les d\u00e9loger. Il n\u2019y a pas eu d\u2019interpellations ni de bless\u00e9s, selon les autorit\u00e9s. Mardi matin, la pr\u00e9fecture de l\u2019Aude avait d\u00e9nombr\u00e9 900 personnes, apr\u00e8s un pic de 2.500 participants au cours du week-end.<\/p>\n<p><a href=\"https:\/\/www.20minutes.fr\/dossier\/rave\" target=\"_blank\" class=\"c-link c-btn c-btn--primary\" rel=\"noopener\">Notre dossier sur les Rave-parties<\/a><\/p>\n<p>Dans ce contexte, Bruno Retailleau avait estim\u00e9 lundi soir sur TF1 que l\u2019organisation de rave-parties devait devenir \u00ab\u00a0un d\u00e9lit et non pas seulement une contravention\u00a0\u00bb, pr\u00e9cisant vouloir s\u2019inspirer de la \u00ab\u00a0l\u00e9gislation tr\u00e8s dure\u00a0\u00bb adopt\u00e9e il y a trois ans par l\u2019Italie.<\/p>\n","protected":false},"excerpt":{"rendered":"Apr\u00e8s une pol\u00e9mique de plusieurs jours, la musique a pris fin. L\u2019ensemble des participants \u00e0 la rave party&hellip;\n","protected":false},"author":2,"featured_media":362510,"comment_status":"","ping_status":"","sticky":false,"template":"","format":"standard","meta":{"footnotes":""},"categories":[4],"tags":[47,11,4086,1013,1312,1011,27,1310,2681,12,2680,38544,25,104,133],"class_list":{"0":"post-362509","1":"post","2":"type-post","3":"status-publish","4":"format-standard","5":"has-post-thumbnail","7":"category-france","8":"tag-actualite","9":"tag-actualites","10":"tag-aude","11":"tag-bruno-retailleau","12":"tag-feu","13":"tag-fr","14":"tag-france","15":"tag-incendie","16":"tag-languedoc-roussillon","17":"tag-news","18":"tag-occitanie","19":"tag-rave","20":"tag-republique-francaise","21":"tag-societe","22":"tag-video"},"share_on_mastodon":{"url":"https:\/\/pubeurope.com\/@fr\/115138717528599721","error":""},"_links":{"self":[{"href":"https:\/\/www.europesays.com\/fr\/wp-json\/wp\/v2\/posts\/362509","targetHints":{"allow":["GET"]}}],"collection":[{"href":"https:\/\/www.europesays.com\/fr\/wp-json\/wp\/v2\/posts"}],"about":[{"href":"https:\/\/www.europesays.com\/fr\/wp-json\/wp\/v2\/types\/post"}],"author":[{"embeddable":true,"href":"https:\/\/www.europesays.com\/fr\/wp-json\/wp\/v2\/users\/2"}],"replies":[{"embeddable":true,"href":"https:\/\/www.europesays.com\/fr\/wp-json\/wp\/v2\/comments?post=362509"}],"version-history":[{"count":0,"href":"https:\/\/www.europesays.com\/fr\/wp-json\/wp\/v2\/posts\/362509\/revisions"}],"wp:featuredmedia":[{"embeddable":true,"href":"https:\/\/www.europesays.com\/fr\/wp-json\/wp\/v2\/media\/362510"}],"wp:attachment":[{"href":"https:\/\/www.europesays.com\/fr\/wp-json\/wp\/v2\/media?parent=362509"}],"wp:term":[{"taxonomy":"category","embeddable":true,"href":"https:\/\/www.europesays.com\/fr\/wp-json\/wp\/v2\/categories?post=362509"},{"taxonomy":"post_tag","embeddable":true,"href":"https:\/\/www.europesays.com\/fr\/wp-json\/wp\/v2\/tags?post=362509"}],"curies":[{"name":"wp","href":"https:\/\/api.w.org\/{rel}","templated":true}]}}