{"id":362513,"date":"2025-09-03T05:30:13","date_gmt":"2025-09-03T05:30:13","guid":{"rendered":"https:\/\/www.europesays.com\/fr\/362513\/"},"modified":"2025-09-03T05:30:13","modified_gmt":"2025-09-03T05:30:13","slug":"encore-8-mois-de-travaux-place-ile-de-france","status":"publish","type":"post","link":"https:\/\/www.europesays.com\/fr\/362513\/","title":{"rendered":"encore 8 mois de travaux place \u00cele-de-France"},"content":{"rendered":"<p>L\u2019\u00e9norme trou b\u00e9ant est bouch\u00e9. La vue sur le Pilat est d\u00e9sormais d\u00e9gag\u00e9e. Ne reste plus qu\u2019\u00e0 am\u00e9nager.<\/p>\n<p>La place \u00cele-de-France et, surtout, son esplanade viennent de conna\u00eetre huit mois de travaux intenses. Il a fallu d\u00e9molir la dalle et casser les garages souterrains, inutilis\u00e9s depuis des ann\u00e9es, puis reboucher l\u2019ensemble avec quelque 12\u00a0000 m\u00b3 de remblais.<\/p>\n<p>Tout autour, les casquettes de la galerie commer\u00e7ante ont disparu, pour \u00eatre remplac\u00e9es par de nouvelles, beaucoup plus courtes et tr\u00e8s ajour\u00e9es.<\/p>\n<p>Le Panoramic d\u00e9moli, un nouveau belv\u00e9d\u00e8re avec vue d\u00e9gag\u00e9e sur le Pilat<\/p>\n<p>Apr\u00e8s un \u00ab\u00a0long combat\u00a0\u00bb, qui a abouti en mars dernier devant le tribunal administratif, le bar le Panoramic a \u00e9galement pu \u00eatre d\u00e9moli cet \u00e9t\u00e9. Un soulagement pour le maire, <a href=\"https:\/\/www.leprogres.fr\/p\/axel-dugua\" target=\"_blank\" rel=\"noopener\">Axel Dugua<\/a>, qui avoue que \u00ab\u00a0\u00e7a n\u2019a pas \u00e9t\u00e9 simple\u00a0\u00bb.<\/p>\n<p>\u00ab\u00a0Il aurait \u00e9t\u00e9 dommage de revenir d\u00e9molir apr\u00e8s avoir commenc\u00e9 \u00e0 am\u00e9nager\u00a0\u00bb, souligne-t-il, ravi d\u2019avoir lib\u00e9r\u00e9 cet espace dans le but d\u2019y cr\u00e9er un belv\u00e9d\u00e8re v\u00e9g\u00e9talis\u00e9 donnant \u00e0 voir le Pilat.<\/p>\n<p><a href=\"https:\/\/www.leprogres.fr\/environnement\/2025\/01\/30\/la-transformation-de-la-place-ile-de-france-a-debute-a-fonsala\" target=\"_blank\" rel=\"noopener\">Le&#8230;<\/a><\/p>\n","protected":false},"excerpt":{"rendered":"L\u2019\u00e9norme trou b\u00e9ant est bouch\u00e9. La vue sur le Pilat est d\u00e9sormais d\u00e9gag\u00e9e. Ne reste plus qu\u2019\u00e0 am\u00e9nager.&hellip;\n","protected":false},"author":2,"featured_media":362514,"comment_status":"","ping_status":"","sticky":false,"template":"","format":"standard","meta":{"footnotes":""},"categories":[9653],"tags":[1111,11,2430,4749,33,7539,1777,674,1011,27,12,25,9669,9670,4001],"class_list":{"0":"post-362513","1":"post","2":"type-post","3":"status-publish","4":"format-standard","5":"has-post-thumbnail","7":"category-saint-etienne","8":"tag-actu","9":"tag-actualites","10":"tag-auvergne-rhone-alpes","11":"tag-btp-et-chantiers","12":"tag-economie","13":"tag-edition-loire-sud","14":"tag-eu","15":"tag-europe","16":"tag-fr","17":"tag-france","18":"tag-news","19":"tag-republique-francaise","20":"tag-saint-chamond","21":"tag-saint-chamond-ville","22":"tag-saint-etienne"},"share_on_mastodon":{"url":"https:\/\/pubeurope.com\/@fr\/115138725381196556","error":""},"_links":{"self":[{"href":"https:\/\/www.europesays.com\/fr\/wp-json\/wp\/v2\/posts\/362513","targetHints":{"allow":["GET"]}}],"collection":[{"href":"https:\/\/www.europesays.com\/fr\/wp-json\/wp\/v2\/posts"}],"about":[{"href":"https:\/\/www.europesays.com\/fr\/wp-json\/wp\/v2\/types\/post"}],"author":[{"embeddable":true,"href":"https:\/\/www.europesays.com\/fr\/wp-json\/wp\/v2\/users\/2"}],"replies":[{"embeddable":true,"href":"https:\/\/www.europesays.com\/fr\/wp-json\/wp\/v2\/comments?post=362513"}],"version-history":[{"count":0,"href":"https:\/\/www.europesays.com\/fr\/wp-json\/wp\/v2\/posts\/362513\/revisions"}],"wp:featuredmedia":[{"embeddable":true,"href":"https:\/\/www.europesays.com\/fr\/wp-json\/wp\/v2\/media\/362514"}],"wp:attachment":[{"href":"https:\/\/www.europesays.com\/fr\/wp-json\/wp\/v2\/media?parent=362513"}],"wp:term":[{"taxonomy":"category","embeddable":true,"href":"https:\/\/www.europesays.com\/fr\/wp-json\/wp\/v2\/categories?post=362513"},{"taxonomy":"post_tag","embeddable":true,"href":"https:\/\/www.europesays.com\/fr\/wp-json\/wp\/v2\/tags?post=362513"}],"curies":[{"name":"wp","href":"https:\/\/api.w.org\/{rel}","templated":true}]}}