{"id":362515,"date":"2025-09-03T05:31:18","date_gmt":"2025-09-03T05:31:18","guid":{"rendered":"https:\/\/www.europesays.com\/fr\/362515\/"},"modified":"2025-09-03T05:31:18","modified_gmt":"2025-09-03T05:31:18","slug":"saint-etienne-apres-10-ans-sur-le-site-de-lhopital-de-bellevue-sos-medecins-demenage","status":"publish","type":"post","link":"https:\/\/www.europesays.com\/fr\/362515\/","title":{"rendered":"Saint-\u00c9tienne. Apr\u00e8s 10 ans sur le site de l\u2019h\u00f4pital de Bellevue, SOS M\u00e9decins d\u00e9m\u00e9nage"},"content":{"rendered":"<p>C\u2019est fini. Apr\u00e8s avoir occup\u00e9, pendant 10 ans, les anciens locaux du SAMU sur le site de l\u2019h\u00f4pital de Bellevue, SOS M\u00e9decins Saint-\u00c9tienne rejoint, d\u00e8s ce jeudi, des locaux flambant neufs, 12 rue Marcel-Feguide, dans le quartier de la Marandini\u00e8re, \u00e0 Saint-\u00c9tienne.<\/p>\n<p>Si certains praticiens continuaient \u00e0 recevoir, mardi, la visite de patients, les consultations seront encore assur\u00e9es jusqu\u2019\u00e0 ce soir, d\u2019autres avaient la t\u00eate dans les cartons. Du mobilier a d\u00e9j\u00e0 \u00e9t\u00e9 transf\u00e9r\u00e9 \u00e0 la nouvelle adresse, le standard est \u00e9galement d\u00e9j\u00e0 install\u00e9, mais le d\u00e9m\u00e9nagement est programm\u00e9 jeudi. L\u2019activit\u00e9 des m\u00e9decins sera exceptionnellement suspendue, ce jour-l\u00e0, jusqu\u2019\u00e0 19 heures, heure \u00e0 laquelle le standard fonctionnera \u00e0 nouveau pour prendre des rendez-vous dans la soir\u00e9e.<\/p>\n<p>Propri\u00e9taire des lieux<\/p>\n<p>\u00c0 8 heures, vendredi, le rez-de-chauss\u00e9e de ce nouvel immeuble prendra \u00e0 nouveau vie avec le va-et-vient des malades au sein du cabinet de SOS M\u00e9decins Saint-\u00c9tienne qui abritera quatre salles de consultation. \u00ab\u00a0Trois autres pourront \u00eatre occup\u00e9es s\u2019il nous prend l\u2019envie de diversifier l\u2019activit\u00e9\u00a0\u00bb, glisse Cl\u00e9mentine Zenner, l\u2019une des dix m\u00e9decins de SOS M\u00e9decins qui compte \u00e9galement deux vacataires.<\/p>\n<p>Les patients du cabinet d\u2019infirmiers et du podologue avec lesquels les m\u00e9decins partageront les 300 m\u00e8tres carr\u00e9s feront \u00e9galement partie des premiers \u00e0 faire leurs pas dans ce b\u00e2timent. Au-dessus de leurs t\u00eates, dans un proche avenir, deux gyn\u00e9cologues et deux chirurgiens maxillo-faciaux viendront prendre possession du premier \u00e9tage.<\/p>\n<p>Comme un nouveau p\u00f4le sant\u00e9<\/p>\n<p>\u00ab\u00a0Nous allons nous inscrire un peu dans un p\u00f4le sant\u00e9, r\u00e9sume Cl\u00e9mentine Zenner, avec une pharmacie situ\u00e9e \u00e0 m\u00eame pas dix m\u00e8tres. Nous ne serons \u00e9galement pas loin de l\u2019H\u00f4pital priv\u00e9 de la Loire et de son service d\u2019urgence, du centre de radiologie et du centre Orth\u00e9o.\u00a0\u00bb<\/p>\n<p>Si l\u2019association, qui f\u00eatera l\u2019an prochain ses 50 ans, quittera sans doute avec un peu de nostalgie le site de l\u2019h\u00f4pital du CHU de Saint-\u00c9tienne, elle se r\u00e9jouit d\u2019\u00eatre aujourd\u2019hui propri\u00e9taire. \u00ab\u00a0Nous \u00e9tions locataires \u00e0 Bellevue et avions envie d\u2019\u00e9voluer. Le site est aujourd\u2019hui en pleine mutation avec des d\u00e9molitions de b\u00e2timents, des r\u00e9novations.\u00a0\u00bb<\/p>\n<p>Et, au milieu, ces anciens locaux du Samu trop grands pour SOS M\u00e9decins Saint-\u00c9tienne et pas toujours bien balis\u00e9s pour le grand public. \u00ab\u00a0Ici, nous serons plus faciles \u00e0 trouver\u00a0et les locaux seront un peu plus fonctionnels avec le standard qui sera au m\u00eame \u00e9tage que nous.\u00a0\u00bb<\/p>\n<p class=\"note\">SOS M\u00e9decins Saint-\u00c9tienne\u00a0: T\u00e9l. 04\u00a077\u00a033\u00a030\u00a030.<\/p>\n","protected":false},"excerpt":{"rendered":"C\u2019est fini. Apr\u00e8s avoir occup\u00e9, pendant 10 ans, les anciens locaux du SAMU sur le site de l\u2019h\u00f4pital&hellip;\n","protected":false},"author":2,"featured_media":362516,"comment_status":"","ping_status":"","sticky":false,"template":"","format":"standard","meta":{"footnotes":""},"categories":[9653],"tags":[1111,11,2430,7539,1777,674,107,1011,27,3367,12,25,4001,7538,71],"class_list":{"0":"post-362515","1":"post","2":"type-post","3":"status-publish","4":"format-standard","5":"has-post-thumbnail","7":"category-saint-etienne","8":"tag-actu","9":"tag-actualites","10":"tag-auvergne-rhone-alpes","11":"tag-edition-loire-sud","12":"tag-eu","13":"tag-europe","14":"tag-fil-info","15":"tag-fr","16":"tag-france","17":"tag-loire","18":"tag-news","19":"tag-republique-francaise","20":"tag-saint-etienne","21":"tag-saint-etienne-ville","22":"tag-sante"},"share_on_mastodon":{"url":"https:\/\/pubeurope.com\/@fr\/115138730337258389","error":""},"_links":{"self":[{"href":"https:\/\/www.europesays.com\/fr\/wp-json\/wp\/v2\/posts\/362515","targetHints":{"allow":["GET"]}}],"collection":[{"href":"https:\/\/www.europesays.com\/fr\/wp-json\/wp\/v2\/posts"}],"about":[{"href":"https:\/\/www.europesays.com\/fr\/wp-json\/wp\/v2\/types\/post"}],"author":[{"embeddable":true,"href":"https:\/\/www.europesays.com\/fr\/wp-json\/wp\/v2\/users\/2"}],"replies":[{"embeddable":true,"href":"https:\/\/www.europesays.com\/fr\/wp-json\/wp\/v2\/comments?post=362515"}],"version-history":[{"count":0,"href":"https:\/\/www.europesays.com\/fr\/wp-json\/wp\/v2\/posts\/362515\/revisions"}],"wp:featuredmedia":[{"embeddable":true,"href":"https:\/\/www.europesays.com\/fr\/wp-json\/wp\/v2\/media\/362516"}],"wp:attachment":[{"href":"https:\/\/www.europesays.com\/fr\/wp-json\/wp\/v2\/media?parent=362515"}],"wp:term":[{"taxonomy":"category","embeddable":true,"href":"https:\/\/www.europesays.com\/fr\/wp-json\/wp\/v2\/categories?post=362515"},{"taxonomy":"post_tag","embeddable":true,"href":"https:\/\/www.europesays.com\/fr\/wp-json\/wp\/v2\/tags?post=362515"}],"curies":[{"name":"wp","href":"https:\/\/api.w.org\/{rel}","templated":true}]}}