{"id":362522,"date":"2025-09-03T05:36:13","date_gmt":"2025-09-03T05:36:13","guid":{"rendered":"https:\/\/www.europesays.com\/fr\/362522\/"},"modified":"2025-09-03T05:36:13","modified_gmt":"2025-09-03T05:36:13","slug":"visite-de-la-rade-de-toulon-a-bord-dun-vieux-greement-2","status":"publish","type":"post","link":"https:\/\/www.europesays.com\/fr\/362522\/","title":{"rendered":"Visite de la rade de Toulon \u00e0 Bord d&rsquo;un vieux gr\u00e9ement"},"content":{"rendered":"<p>L&rsquo;association Merveilles M\u00e9diterran\u00e9ennes vous emm\u00e8ne visiter la rade de Toulon \u00e0 bord d&rsquo;un vieux gr\u00e9ement. Une vir\u00e9e en mer pour avoir un autre regard sur la ville, son histoire.  <\/p>\n<p>L&rsquo;association Merveilles M\u00e9diterran\u00e9ennes vous propose une balade culturelle\u00a0sur la petite rade de Toulon \u00e0 bord du vieux gr\u00e9ement le JLD&rsquo;A, \u00e0 bord, des histoires plein les mirettes\u00a0!\u00a0 Embarquez avec C\u00e9cile Pamart pour (re)d\u00e9couvrir la petite rade de Toulon et lire la fabrique de ses paysages depuis 3 mill\u00e9naires. C&rsquo;est tout un monde qui s&rsquo;ouvrira \u00e0 vous. Vous l\u2019admirerez bien s\u00fbr parce qu\u2019elle est belle, mais aussi parce qu\u2019elle vous en dira long sur son histoire. La balade sera suivie d&rsquo;un ap\u00e9ritif convivial en mer.<\/p>\n<p><img loading=\"lazy\" decoding=\"async\" class=\"VisualPreview svelte-1rldrkz\" src=\"data:image\/jpeg;base64,\/9j\/2wBDACgcHiMeGSgjISMtKygwPGRBPDc3PHtYXUlkkYCZlo+AjIqgtObDoKrarYqMyP\/L2u71\/\/\/\/m8H\/\/\/\/6\/+b9\/\/j\/2wBDASstLTw1PHZBQXb4pYyl+Pj4+Pj4+Pj4+Pj4+Pj4+Pj4+Pj4+Pj4+Pj4+Pj4+Pj4+Pj4+Pj4+Pj4+Pj4+Pj4+Pj\/wAARCAAcACoDASIAAhEBAxEB\/8QAGQAAAgMBAAAAAAAAAAAAAAAAAwQAAQIF\/8QAGBABAQEBAQAAAAAAAAAAAAAAAAIBEgP\/xAAXAQEBAQEAAAAAAAAAAAAAAAACAQAD\/8QAFhEBAQEAAAAAAAAAAAAAAAAAAAER\/9oADAMBAAIRAxEAPwBzWN1usCtdTFbSuw6oPbZjHadl+07IXSrC\/phqi\/o5mUvQKof0LUUSr6TphCCv\/9k=\" alt=\"Le vieux gr\u00e9ement JLD'A vous emm\u00e8ne dans la rade de Toulon\" width=\"600\" height=\"400\"\/>  Le vieux gr\u00e9ement JLD&rsquo;A vous emm\u00e8ne dans la rade de Toulon  &#8211; capture d&rsquo;\u00e9cran<\/p>\n<p><strong>Infos pratiques<\/strong>\u00a0: r\u00e9servations au 07 450 402 10 ou sur le site\u00a0<a target=\"_blank\" rel=\"nofollow noopener noreferrer\" class=\"IciLink ici-link IciArticleLink g-ici-body-regular-1 underline brand svelte-lu7k6w\" href=\"https:\/\/www.merveillesmediterraneennes.fr\/\">merveillesmediterranennes.fr<\/a>\u00a0<br \/>Le prix reste abordable\u00a0: 38 euros par adulte pour monter \u00e0 bord d&rsquo;un vieux gr\u00e9ement. D\u00e9part le jeudi 12 septembre, \u00e0 17h45, au niveau du square Bortolaso \u00e0 Toulon (C&rsquo;est \u00e0 cot\u00e9 du quai Cronstadt).<\/p>\n","protected":false},"excerpt":{"rendered":"L&rsquo;association Merveilles M\u00e9diterran\u00e9ennes vous emm\u00e8ne visiter la rade de Toulon \u00e0 bord d&rsquo;un vieux gr\u00e9ement. Une vir\u00e9e en&hellip;\n","protected":false},"author":2,"featured_media":362521,"comment_status":"","ping_status":"","sticky":false,"template":"","format":"standard","meta":{"footnotes":""},"categories":[9619],"tags":[1111,11,1777,674,1011,27,12,882,25,2310],"class_list":{"0":"post-362522","1":"post","2":"type-post","3":"status-publish","4":"format-standard","5":"has-post-thumbnail","7":"category-toulon","8":"tag-actu","9":"tag-actualites","10":"tag-eu","11":"tag-europe","12":"tag-fr","13":"tag-france","14":"tag-news","15":"tag-provence-alpes-cote-dazur","16":"tag-republique-francaise","17":"tag-toulon"},"share_on_mastodon":{"url":"https:\/\/pubeurope.com\/@fr\/115138748985719151","error":""},"_links":{"self":[{"href":"https:\/\/www.europesays.com\/fr\/wp-json\/wp\/v2\/posts\/362522","targetHints":{"allow":["GET"]}}],"collection":[{"href":"https:\/\/www.europesays.com\/fr\/wp-json\/wp\/v2\/posts"}],"about":[{"href":"https:\/\/www.europesays.com\/fr\/wp-json\/wp\/v2\/types\/post"}],"author":[{"embeddable":true,"href":"https:\/\/www.europesays.com\/fr\/wp-json\/wp\/v2\/users\/2"}],"replies":[{"embeddable":true,"href":"https:\/\/www.europesays.com\/fr\/wp-json\/wp\/v2\/comments?post=362522"}],"version-history":[{"count":0,"href":"https:\/\/www.europesays.com\/fr\/wp-json\/wp\/v2\/posts\/362522\/revisions"}],"wp:featuredmedia":[{"embeddable":true,"href":"https:\/\/www.europesays.com\/fr\/wp-json\/wp\/v2\/media\/362521"}],"wp:attachment":[{"href":"https:\/\/www.europesays.com\/fr\/wp-json\/wp\/v2\/media?parent=362522"}],"wp:term":[{"taxonomy":"category","embeddable":true,"href":"https:\/\/www.europesays.com\/fr\/wp-json\/wp\/v2\/categories?post=362522"},{"taxonomy":"post_tag","embeddable":true,"href":"https:\/\/www.europesays.com\/fr\/wp-json\/wp\/v2\/tags?post=362522"}],"curies":[{"name":"wp","href":"https:\/\/api.w.org\/{rel}","templated":true}]}}