{"id":362523,"date":"2025-09-03T05:37:22","date_gmt":"2025-09-03T05:37:22","guid":{"rendered":"https:\/\/www.europesays.com\/fr\/362523\/"},"modified":"2025-09-03T05:37:22","modified_gmt":"2025-09-03T05:37:22","slug":"ne-manquez-pas-la-cloture-des-estivales-de-saporta","status":"publish","type":"post","link":"https:\/\/www.europesays.com\/fr\/362523\/","title":{"rendered":"Ne manquez pas la cl\u00f4ture des Estivales de Saporta"},"content":{"rendered":"<p><strong>De 19h \u00e0 23h<\/strong>, venez profiter d\u2019une ultime escapade estivale pour d\u00e9guster de superbes vins locaux dans une ambiance festive et conviviale.<\/p>\n<p>Depuis le d\u00e9but de l\u2019\u00e9t\u00e9, les <a href=\"https:\/\/reservations.languedoc-aoc.com\/evenement\/les-estivales-de-saporta-2025\" rel=\"nofollow noopener\" target=\"_blank\">Estivales de Saporta<\/a> ont rythm\u00e9 les mardis et jeudis de la r\u00e9gion, transformant les jardins du Mas viticole en un v\u00e9ritable lieu de partage. C\u2019est l\u2019occasion id\u00e9ale de d\u00e9couvrir les appellations et les terroirs du Languedoc en rencontrant directement les vignerons qui font la richesse de la r\u00e9gion.<\/p>\n<p>Pour cette grande soir\u00e9e de cl\u00f4ture, tout est pens\u00e9 pour que chacun passe un bon moment. Les adultes pourront se d\u00e9tendre \u00e0 l\u2019ombre des oliviers centenaires avec un verre de vin, tandis que les enfants ne seront pas en reste avec des <b>ateliers ludiques<\/b> sp\u00e9cialement con\u00e7us pour eux.<\/p>\n<p>L\u2019entr\u00e9e est fix\u00e9e \u00e0 <b>7 \u20ac<\/b>, ce qui inclut un verre s\u00e9rigraphi\u00e9 et deux tickets de d\u00e9gustation. Si vous pr\u00e9f\u00e9rez, une entr\u00e9e simple est disponible pour <b>3 \u20ac<\/b>. L\u2019acc\u00e8s est gratuit pour les enfants de moins de 17 ans.<\/p>\n<p><strong>Ne manquez pas ce rendez-vous unique<\/strong> pour c\u00e9l\u00e9brer la fin de l\u2019\u00e9t\u00e9. Rendez-vous ce mardi \u00e0 19h au Mas de Saporta, Chemin de Saporta, \u00e0 Lattes.<\/p>\n<blockquote class=\"instagram-media\" style=\"background: #FFF; border: 0; border-radius: 3px; box-shadow: 0 0 1px 0 rgba(0,0,0,0.5),0 1px 10px 0 rgba(0,0,0,0.15); margin: 1px; max-width: 540px; min-width: 326px; padding: 0; width: calc(100% - 2px);\" data-instgrm-captioned=\"\" data-instgrm-permalink=\"https:\/\/www.instagram.com\/p\/DN0whpw0Jv9\/?utm_source=ig_embed&amp;utm_campaign=loading\" data-instgrm-version=\"14\">\n<\/blockquote>\n<p>\t\t\t\t\t\t\t\t\t\t\t\t\t\t\t<script async src=\"\/\/www.instagram.com\/embed.js\"><\/script><\/p>\n","protected":false},"excerpt":{"rendered":"De 19h \u00e0 23h, venez profiter d\u2019une ultime escapade estivale pour d\u00e9guster de superbes vins locaux dans une&hellip;\n","protected":false},"author":2,"featured_media":362524,"comment_status":"","ping_status":"","sticky":false,"template":"","format":"standard","meta":{"footnotes":""},"categories":[9599],"tags":[1111,11,1777,674,1011,27,2208,12,2680,25],"class_list":{"0":"post-362523","1":"post","2":"type-post","3":"status-publish","4":"format-standard","5":"has-post-thumbnail","7":"category-montpellier","8":"tag-actu","9":"tag-actualites","10":"tag-eu","11":"tag-europe","12":"tag-fr","13":"tag-france","14":"tag-montpellier","15":"tag-news","16":"tag-occitanie","17":"tag-republique-francaise"},"share_on_mastodon":{"url":"https:\/\/pubeurope.com\/@fr\/115138752919938963","error":""},"_links":{"self":[{"href":"https:\/\/www.europesays.com\/fr\/wp-json\/wp\/v2\/posts\/362523","targetHints":{"allow":["GET"]}}],"collection":[{"href":"https:\/\/www.europesays.com\/fr\/wp-json\/wp\/v2\/posts"}],"about":[{"href":"https:\/\/www.europesays.com\/fr\/wp-json\/wp\/v2\/types\/post"}],"author":[{"embeddable":true,"href":"https:\/\/www.europesays.com\/fr\/wp-json\/wp\/v2\/users\/2"}],"replies":[{"embeddable":true,"href":"https:\/\/www.europesays.com\/fr\/wp-json\/wp\/v2\/comments?post=362523"}],"version-history":[{"count":0,"href":"https:\/\/www.europesays.com\/fr\/wp-json\/wp\/v2\/posts\/362523\/revisions"}],"wp:featuredmedia":[{"embeddable":true,"href":"https:\/\/www.europesays.com\/fr\/wp-json\/wp\/v2\/media\/362524"}],"wp:attachment":[{"href":"https:\/\/www.europesays.com\/fr\/wp-json\/wp\/v2\/media?parent=362523"}],"wp:term":[{"taxonomy":"category","embeddable":true,"href":"https:\/\/www.europesays.com\/fr\/wp-json\/wp\/v2\/categories?post=362523"},{"taxonomy":"post_tag","embeddable":true,"href":"https:\/\/www.europesays.com\/fr\/wp-json\/wp\/v2\/tags?post=362523"}],"curies":[{"name":"wp","href":"https:\/\/api.w.org\/{rel}","templated":true}]}}