{"id":362527,"date":"2025-09-03T05:39:11","date_gmt":"2025-09-03T05:39:11","guid":{"rendered":"https:\/\/www.europesays.com\/fr\/362527\/"},"modified":"2025-09-03T05:39:11","modified_gmt":"2025-09-03T05:39:11","slug":"mobilisation-du-10-septembre-a-rouen-des-gilets-jaunes-du-rond-point-des-vaches-veulent-finir-ce-quon-a-commence","status":"publish","type":"post","link":"https:\/\/www.europesays.com\/fr\/362527\/","title":{"rendered":"Mobilisation du 10 septembre \u00e0 Rouen\u00a0: des Gilets jaunes du rond-point des vaches veulent \u00ab\u00a0finir ce qu&rsquo;on a commenc\u00e9\u00a0\u00bb"},"content":{"rendered":"<p>Sept ans apr\u00e8s l&rsquo;essoufflement du mouvement des Gilets jaunes \u00e0 Rouen, certains repr\u00e9sentants ont pr\u00e9vu de bloquer le rond-point des vaches d\u00e8s 5h du matin pour la mobilisation du 10 septembre. D&rsquo;autres gilets jaunes se m\u00e9fient du mouvement, malgr\u00e9 une col\u00e8re toujours vive.\n<\/p>\n<p>La mobilisation du 10 septembre sera-t-elle le point de d\u00e9part d&rsquo;un mouvement similaire \u00e0 celui des \u00ab\u00a0Gilets jaunes\u00a0\u00bb \u00e0 Rouen\u00a0? Certains ont rejoint le mot d\u2019ordre \u00ab\u00a0Bloquons tout!\u00a0\u00bb, comme Martine*, retrait\u00e9e de 69 ans, et Sophie*, r\u00e9cemment au ch\u00f4mage \u00e0 60 ans. Comme elles, ils \u00e9taient plusieurs pr\u00e9sents ce mardi 2 septembre, \u00e0 la derni\u00e8re assembl\u00e9e g\u00e9n\u00e9rale avant les actions du 8 et du 10 septembre, place des Emmur\u00e9es, sur la rive-gauche rouennaise.<\/p>\n<p>\u00ab\u00a0Ne pas refaire les m\u00eames erreurs\u00a0\u00bb aux ronds-points bloqu\u00e9s<\/p>\n<p>Ils \u00e9taient environ 320 personnes rassembl\u00e9es pour pr\u00e9parer les actions du 8 et du 10 septembre. Plusieurs gilets jaunes qui tenaient en 2018 et 2019 le rond-point des vaches de Saint-Etienne-du-Rouvray, pr\u00e8s de Rouen, comptent <strong>le bloquer de nouveau d\u00e8s 5h du matin<\/strong>, le 10 septembre.<\/p>\n<p>\u00ab\u00a0Je me dis que c&rsquo;est peut-\u00eatre l&rsquo;occasion de se r\u00e9volter. [&#8230;] Tant que l&rsquo;on engraisse les patrons, on n&rsquo;aura absolument rien. Ce gouvernement, il faut qu&rsquo;on le vire\u00a0\u00bb, exprime Martine. \u00ab\u00a0On va essayer de finir ce qu&rsquo;on a commenc\u00e9. On attend l&rsquo;\u00e9tincelle pour repartir\u00a0\u00bb, ajoute Sophie.<\/p>\n<p>\u00ab\u00a0Faut pas que ce soit repris par les partis\u00a0\u00bb<\/p>\n<p>C&rsquo;est aussi l&rsquo;occasion pour elles \u00ab\u00a0de ne pas refaire les m\u00eames erreurs\u00a0\u00bb. Au rond-point des vaches, tout comme celui de la Motte \u00e0 Rouen ou celui surnomm\u00e9s le \u00ab\u00a0rond-point du loup\u00a0\u00bb \u00e0 Canteleu\u00a0: <strong>seuls les camions seront bloqu\u00e9s, pas les voitures.<\/strong> \u00ab\u00a0Bloquer les citoyens qui veulent travailler, c&rsquo;est non. Malheureusement, les gens ont besoin de travailler. Celui qui peut faire gr\u00e8ve, qu&rsquo;il fasse gr\u00e8ve, c&rsquo;est seulement par l\u00e0 qu&rsquo;on y arrivera.\u00a0\u00bb<\/p>\n<p>Freddy et Fabrice, eux, aussi gilets jaunes sur le rond-point des vaches, sont plus dubitatifs\u00a0: \u00ab\u00a0En d\u00e9finitive derri\u00e8re \u00e7a n&rsquo;a rien chang\u00e9, c&rsquo;\u00e9tait de la fumisterie. Les riches s&rsquo;enrichissent de plus en plus et les pauvres s&rsquo;appauvrissent.\u00a0\u00bb Toujours en col\u00e8re contre la politique d&rsquo;Emmanuel Macron, ils se m\u00e9fient de la r\u00e9cup\u00e9ration du mouvement \u00ab\u00a0Bloquons tout&rsquo;. \u00ab\u00a0Faut pas que ce soit repris par les partis politiques, comme la France insoumise, m\u00eame si je n&rsquo;ai rien contre eux. Sinon on va droit \u00e0 l&rsquo;\u00e9chec.\u00a0\u00bb<\/p>\n<p>Manifestation, parkings gratuits, banquet festif<\/p>\n<p>Les Gilets jaunes, comme les autres participants au mouvement \u00ab\u00a0Bloquons tout!\u00a0\u00bb, incitent les citoyens \u00e0 ne pas consommer le mercredi 10 septembre. Selon le vote en assembl\u00e9e g\u00e9n\u00e9rale ce mardi 2 septembre, une <strong>manifestation partirait \u00e0 14h30 d&rsquo;avenue de Bretagne \u00e0 Rouen pour une arriv\u00e9e \u00e0 l&rsquo;h\u00f4tel de Ville de Rouen<\/strong>, afin de faire la jonction avec <strong>une agora pr\u00e9vue, qui pourrait durer toute la nuit<\/strong>. Les manifestants sont invit\u00e9s \u00e0 tracter et faire des collages pendant le trajet.<\/p>\n<p>Le trajet de la manifestatiion doit passer devant le rectorat, o\u00f9 le <strong>Collectif\u00a0de jeunes\u00a0mineur.e.s, majeur.e.s\u00a0isol\u00e9.e.s de\u00a0Rouen<\/strong> appelle \u00e0 se rassembler pour \u00ab\u00a0dire non la politique d&rsquo;Emmanuel Macron\u00a0\u00bb et demander plus d&rsquo;acc\u00e8s aux logements et \u00e0 la scolarisation.<\/p>\n<p>Le 8 septembre, les militants envisagent <strong>une op\u00e9ration \u00ab\u00a0parkings gratuits\u00a0\u00bb, notamment au CHU de Rouen.<\/strong> Le soir-m\u00eame, \u00e0 18h, un \u00ab\u00a0banquet festif\u00a0\u00bb doit se tenir place des Emmur\u00e9es &#8211; et <strong>non pas \u00e0 l&rsquo;h\u00f4tel de Ville\u00a0 de Rouen comme pr\u00e9vu \u00e0 l&rsquo;origine<\/strong> &#8211; pour \u00ab\u00a0f\u00eater le pot de d\u00e9part de Fran\u00e7ois Bayrou\u00a0\u00bb.<\/p>\n<p>*les pr\u00e9noms ont \u00e9t\u00e9 modifi\u00e9s<\/p>\n","protected":false},"excerpt":{"rendered":"Sept ans apr\u00e8s l&rsquo;essoufflement du mouvement des Gilets jaunes \u00e0 Rouen, certains repr\u00e9sentants ont pr\u00e9vu de bloquer le&hellip;\n","protected":false},"author":2,"featured_media":362528,"comment_status":"","ping_status":"","sticky":false,"template":"","format":"standard","meta":{"footnotes":""},"categories":[9587],"tags":[1111,11,1777,674,1011,27,12,5161,25,9590],"class_list":{"0":"post-362527","1":"post","2":"type-post","3":"status-publish","4":"format-standard","5":"has-post-thumbnail","7":"category-rouen","8":"tag-actu","9":"tag-actualites","10":"tag-eu","11":"tag-europe","12":"tag-fr","13":"tag-france","14":"tag-news","15":"tag-normandie","16":"tag-republique-francaise","17":"tag-rouen"},"share_on_mastodon":{"url":"https:\/\/pubeurope.com\/@fr\/115138760712697821","error":""},"_links":{"self":[{"href":"https:\/\/www.europesays.com\/fr\/wp-json\/wp\/v2\/posts\/362527","targetHints":{"allow":["GET"]}}],"collection":[{"href":"https:\/\/www.europesays.com\/fr\/wp-json\/wp\/v2\/posts"}],"about":[{"href":"https:\/\/www.europesays.com\/fr\/wp-json\/wp\/v2\/types\/post"}],"author":[{"embeddable":true,"href":"https:\/\/www.europesays.com\/fr\/wp-json\/wp\/v2\/users\/2"}],"replies":[{"embeddable":true,"href":"https:\/\/www.europesays.com\/fr\/wp-json\/wp\/v2\/comments?post=362527"}],"version-history":[{"count":0,"href":"https:\/\/www.europesays.com\/fr\/wp-json\/wp\/v2\/posts\/362527\/revisions"}],"wp:featuredmedia":[{"embeddable":true,"href":"https:\/\/www.europesays.com\/fr\/wp-json\/wp\/v2\/media\/362528"}],"wp:attachment":[{"href":"https:\/\/www.europesays.com\/fr\/wp-json\/wp\/v2\/media?parent=362527"}],"wp:term":[{"taxonomy":"category","embeddable":true,"href":"https:\/\/www.europesays.com\/fr\/wp-json\/wp\/v2\/categories?post=362527"},{"taxonomy":"post_tag","embeddable":true,"href":"https:\/\/www.europesays.com\/fr\/wp-json\/wp\/v2\/tags?post=362527"}],"curies":[{"name":"wp","href":"https:\/\/api.w.org\/{rel}","templated":true}]}}