{"id":362529,"date":"2025-09-03T05:43:29","date_gmt":"2025-09-03T05:43:29","guid":{"rendered":"https:\/\/www.europesays.com\/fr\/362529\/"},"modified":"2025-09-03T05:43:29","modified_gmt":"2025-09-03T05:43:29","slug":"un-boulanger-poignarde-pour-un-vol-de-pain-a-grenoble-cest-la-generation-jai-le-droit","status":"publish","type":"post","link":"https:\/\/www.europesays.com\/fr\/362529\/","title":{"rendered":"Un boulanger poignard\u00e9 pour un vol de pain \u00e0 Grenoble : \u00ab\u00a0C&rsquo;est la g\u00e9n\u00e9ration : &lsquo;J&rsquo;ai le droit&rsquo;.\u00a0\u00bb"},"content":{"rendered":"<p>Grenoble : un boulanger poignard\u00e9 pour un vol de pain. Cette ultra-violence vous effraie-t-elle ? Pour Barbara Lefebvre : \u00ab\u00a0C&rsquo;est la g\u00e9n\u00e9ration, j&rsquo;ai le droit. Ce n&rsquo;est pas le fl\u00e9au des armes blanches, c&rsquo;est celui d&rsquo;une soci\u00e9t\u00e9 qui perd le nord.\u00a0\u00bb<\/p>\n<p>Ce mardi, Barbara Lefebvre, Antoine Diers et J\u00e9r\u00f4me MArty sont les GG du jour. Au programme : Agression d&rsquo;un boulanger \u00e0 Grenoble, rave-party dans l&rsquo;Aude et la semaine sp\u00e9ciale \u00ab\u00a0La France en crise\u00a0\u00bb, avec le constitutionnaliste Benjamin Morel.<\/p>\n<p>Les Grandes Gueules, c&rsquo;est trois heures de d\u00e9bats o\u00f9 toutes les opinions sont les bienvenues, o\u00f9 les esprits s&rsquo;ouvrent et les points de vue s&rsquo;\u00e9largissent. Alain Marschall et Olivier Truchot, accompagn\u00e9s des GG issues de la soci\u00e9t\u00e9 civile, m\u00ealent information et divertissement. Les Grandes gueules, le show de la libert\u00e9 d&rsquo;expression. <\/p>\n","protected":false},"excerpt":{"rendered":"Grenoble : un boulanger poignard\u00e9 pour un vol de pain. Cette ultra-violence vous effraie-t-elle ? Pour Barbara Lefebvre&hellip;\n","protected":false},"author":2,"featured_media":362530,"comment_status":"","ping_status":"","sticky":false,"template":"","format":"standard","meta":{"footnotes":""},"categories":[9566],"tags":[1111,11,2430,1777,674,1011,27,2731,12,25],"class_list":{"0":"post-362529","1":"post","2":"type-post","3":"status-publish","4":"format-standard","5":"has-post-thumbnail","7":"category-grenoble","8":"tag-actu","9":"tag-actualites","10":"tag-auvergne-rhone-alpes","11":"tag-eu","12":"tag-europe","13":"tag-fr","14":"tag-france","15":"tag-grenoble","16":"tag-news","17":"tag-republique-francaise"},"share_on_mastodon":{"url":"https:\/\/pubeurope.com\/@fr\/115138776513522316","error":""},"_links":{"self":[{"href":"https:\/\/www.europesays.com\/fr\/wp-json\/wp\/v2\/posts\/362529","targetHints":{"allow":["GET"]}}],"collection":[{"href":"https:\/\/www.europesays.com\/fr\/wp-json\/wp\/v2\/posts"}],"about":[{"href":"https:\/\/www.europesays.com\/fr\/wp-json\/wp\/v2\/types\/post"}],"author":[{"embeddable":true,"href":"https:\/\/www.europesays.com\/fr\/wp-json\/wp\/v2\/users\/2"}],"replies":[{"embeddable":true,"href":"https:\/\/www.europesays.com\/fr\/wp-json\/wp\/v2\/comments?post=362529"}],"version-history":[{"count":0,"href":"https:\/\/www.europesays.com\/fr\/wp-json\/wp\/v2\/posts\/362529\/revisions"}],"wp:featuredmedia":[{"embeddable":true,"href":"https:\/\/www.europesays.com\/fr\/wp-json\/wp\/v2\/media\/362530"}],"wp:attachment":[{"href":"https:\/\/www.europesays.com\/fr\/wp-json\/wp\/v2\/media?parent=362529"}],"wp:term":[{"taxonomy":"category","embeddable":true,"href":"https:\/\/www.europesays.com\/fr\/wp-json\/wp\/v2\/categories?post=362529"},{"taxonomy":"post_tag","embeddable":true,"href":"https:\/\/www.europesays.com\/fr\/wp-json\/wp\/v2\/tags?post=362529"}],"curies":[{"name":"wp","href":"https:\/\/api.w.org\/{rel}","templated":true}]}}