{"id":362535,"date":"2025-09-03T05:46:09","date_gmt":"2025-09-03T05:46:09","guid":{"rendered":"https:\/\/www.europesays.com\/fr\/362535\/"},"modified":"2025-09-03T05:46:09","modified_gmt":"2025-09-03T05:46:09","slug":"la-fete-de-la-patate-revient-pour-3-jours-danimations-pres-de-strasbourg","status":"publish","type":"post","link":"https:\/\/www.europesays.com\/fr\/362535\/","title":{"rendered":"la F\u00eate de la patate revient pour 3 jours d&rsquo;animations pr\u00e8s de Strasbourg"},"content":{"rendered":"<p>            Par<br \/>\n        <strong><br \/>\n            <a href=\"https:\/\/actu.fr\/auteur\/ivan-capecchi\" title=\"Consulter tous les articles de Ivan CAPECCHI\" rel=\"nofollow noopener\" target=\"_blank\">Ivan CAPECCHI<\/a><br \/>\n        <\/strong><\/p>\n<p>        Publi\u00e9 le<\/p>\n<p>            3 sept. 2025 \u00e0 7h02        <\/p>\n<p>Les <strong>5, 6 et 7 septembre<\/strong> prochains, la commune de <strong>Vendenheim<\/strong>, situ\u00e9e dans l\u2019<a href=\"https:\/\/actu.fr\/tag\/eurometropole-de-strasbourg\" rel=\"nofollow noopener\" target=\"_blank\">Eurom\u00e9tropole de Strasbourg<\/a>, accueille l\u2019\u00e9dition 2025 de la <strong>F\u00eate de la patate<\/strong>.<\/p>\n<p class=\" wall-content\">Au programme : <a href=\"https:\/\/actu.fr\/loisirs-culture\/concert\" rel=\"nofollow noopener\" target=\"_blank\">concerts<\/a>, spectacles, <a href=\"https:\/\/actu.fr\/tag\/animations\" rel=\"nofollow noopener\" target=\"_blank\">animations<\/a>, art de rue, vide-greniers, march\u00e9 artisanal, concours d\u2019\u00e9pluchage de patates, f\u00eate foraine ou encore \u00e9lection de miss et mister Vendenheim.<\/p>\n<p>Un feu d\u2019artifice vendredi soir<\/p>\n<p class=\" wall-content\">Vendredi 5 septembre, \u00e0 partir de 22h30, un <strong>feu d\u2019artifice<\/strong> sera tir\u00e9 <strong>depuis le stade d\u2019athl\u00e9tisme<\/strong>.<\/p>\n<p class=\" wall-content\">Pour retrouver le programme complet, rendez-vous sur le <a href=\"https:\/\/vendenheim.fr\/vie-quotidienne\/actualites\/\" rel=\"nofollow noopener\" target=\"_blank\">site de la commune de Vendenheim<\/a>.<\/p>\n<p class=\" wall-content\">Personnalisez votre actualit\u00e9 en ajoutant vos villes et m\u00e9dias en favori avec <a href=\"https:\/\/moncompte.actu.fr\" title=\"D\u00e9couvez Mon Actu\" rel=\"nofollow noopener\" data-trk=\"{&quot;cta&quot;:{&quot;action&quot;:&quot;https:\\\/\\\/moncompte.actu.fr&quot;,&quot;category&quot;:&quot;mon compte&quot;,&quot;from&quot;:&quot;article footer&quot;,&quot;name&quot;:&quot;Mon actu&quot;,&quot;type&quot;:&quot;cta&quot;}}\" target=\"_blank\">Mon Actu<\/a>.<\/p>\n","protected":false},"excerpt":{"rendered":"Par Ivan CAPECCHI Publi\u00e9 le 3 sept. 2025 \u00e0 7h02 Les 5, 6 et 7 septembre prochains, la&hellip;\n","protected":false},"author":2,"featured_media":362536,"comment_status":"","ping_status":"","sticky":false,"template":"","format":"standard","meta":{"footnotes":""},"categories":[2820],"tags":[1111,11,1063,1697,1777,674,1011,27,775,1652,12,25,640],"class_list":{"0":"post-362535","1":"post","2":"type-post","3":"status-publish","4":"format-standard","5":"has-post-thumbnail","7":"category-strasbourg","8":"tag-actu","9":"tag-actualites","10":"tag-animations","11":"tag-concert","12":"tag-eu","13":"tag-europe","14":"tag-fr","15":"tag-france","16":"tag-grand-est","17":"tag-loisirs-culture","18":"tag-news","19":"tag-republique-francaise","20":"tag-strasbourg"},"share_on_mastodon":{"url":"https:\/\/pubeurope.com\/@fr\/115138788357558410","error":""},"_links":{"self":[{"href":"https:\/\/www.europesays.com\/fr\/wp-json\/wp\/v2\/posts\/362535","targetHints":{"allow":["GET"]}}],"collection":[{"href":"https:\/\/www.europesays.com\/fr\/wp-json\/wp\/v2\/posts"}],"about":[{"href":"https:\/\/www.europesays.com\/fr\/wp-json\/wp\/v2\/types\/post"}],"author":[{"embeddable":true,"href":"https:\/\/www.europesays.com\/fr\/wp-json\/wp\/v2\/users\/2"}],"replies":[{"embeddable":true,"href":"https:\/\/www.europesays.com\/fr\/wp-json\/wp\/v2\/comments?post=362535"}],"version-history":[{"count":0,"href":"https:\/\/www.europesays.com\/fr\/wp-json\/wp\/v2\/posts\/362535\/revisions"}],"wp:featuredmedia":[{"embeddable":true,"href":"https:\/\/www.europesays.com\/fr\/wp-json\/wp\/v2\/media\/362536"}],"wp:attachment":[{"href":"https:\/\/www.europesays.com\/fr\/wp-json\/wp\/v2\/media?parent=362535"}],"wp:term":[{"taxonomy":"category","embeddable":true,"href":"https:\/\/www.europesays.com\/fr\/wp-json\/wp\/v2\/categories?post=362535"},{"taxonomy":"post_tag","embeddable":true,"href":"https:\/\/www.europesays.com\/fr\/wp-json\/wp\/v2\/tags?post=362535"}],"curies":[{"name":"wp","href":"https:\/\/api.w.org\/{rel}","templated":true}]}}