{"id":362537,"date":"2025-09-03T05:47:40","date_gmt":"2025-09-03T05:47:40","guid":{"rendered":"https:\/\/www.europesays.com\/fr\/362537\/"},"modified":"2025-09-03T05:47:40","modified_gmt":"2025-09-03T05:47:40","slug":"apres-34-jours-a-strasbourg-samuels-smith-deja-renvoye-a-chelsea-qui-la-de-suite-prete","status":"publish","type":"post","link":"https:\/\/www.europesays.com\/fr\/362537\/","title":{"rendered":"apr\u00e8s 34 jours \u00e0 Strasbourg, Samuels-Smith d\u00e9j\u00e0 renvoy\u00e9 \u00e0 Chelsea&#8230; qui l&rsquo;a de suite pr\u00eat\u00e9"},"content":{"rendered":"<p class=\"mb-4 text-lg md:leading-8 break-words\">Un passage express \u00e0 <a href=\"https:\/\/rmcsport.bfmtv.com\/football\/transferts\/video-l1-strasbourg-devant-le-psg-pl-aux-antipodes-balance-positive-le-bilan-du-mercato-estival_VN-202509020447.html\" rel=\"nofollow noopener\" target=\"_blank\" data-ylk=\"slk:Strasbourg;elm:context_link;itc:0;sec:content-canvas\" class=\"link \">Strasbourg<\/a>. Et symbole des d\u00e9rives de la multipropri\u00e9t\u00e9? Fin juillet, le club alsacien avait annonc\u00e9 la signature d&rsquo;Ish\u00e9 Samuels-Smith contre 7,5 millions d&rsquo;euros. arrivant en provenance de Chelsea. Ce mardi, le Racing a d\u00e9j\u00e0 indiqu\u00e9 que le lat\u00e9ral gauche anglais (19 ans) \u00e9tait renvoy\u00e9 chez les Blues, sans avoir jou\u00e9 une seule minute avec le club alsacien. Dans la foul\u00e9e, il a \u00e9t\u00e9 pr\u00eat\u00e9 \u00e0 Swansea, en deuxi\u00e8me division anglaise.<\/p>\n<p class=\"mb-4 text-lg md:leading-8 break-words\"><a href=\"https:\/\/rmcsport.bfmtv.com\/football\/transferts\/direct-mercato-suivez-le-bouillant-dernier-jour-du-marche-des-transferts-estival-en-live-avec-toutes-les-infos-et-rumeurs_LN-202508310399.html\" rel=\"nofollow noopener\" target=\"_blank\" data-ylk=\"slk:&gt;&gt; Les infos mercato EN DIRECT;elm:context_link;itc:0;sec:content-canvas\" class=\"link \">&gt;&gt; Les infos mercato EN DIRECT<\/a><\/p>\n<p>\u00ab\u00a0L&rsquo;ensemble du Racing remercie Ish\u00e9 pour son engagement\u00a0\u00bb<\/p>\n<p class=\"mb-4 text-lg md:leading-8 break-words\">Apparu dans le groupe \u00e0 deux reprises, Samuels-Smith n&rsquo;a pas port\u00e9 le maillot du RCSA en match officiel en ce d\u00e9but de saison. \u00ab\u00a0Le Racing annonce le d\u00e9part d\u2019Ish\u00e9 Samuels-Smith, qui retourne \u00e0 Chelsea\u00a0\u00bb, a bri\u00e8vement communiqu\u00e9 le club alsacien. \u00ab\u00a0L\u2019ensemble du Racing remercie Ish\u00e9 pour son engagement durant son passage au club et lui souhaite pleine r\u00e9ussite pour la suite de sa carri\u00e8re.\u00a0\u00bb<\/p>\n<p class=\"mb-4 text-lg md:leading-8 break-words\">Depuis juin 2023, le consortium BlueCo, \u00e0 la t\u00eate de<a href=\"https:\/\/fr.news.yahoo.com\/sport\/chelsea-violent-tacle-maresca-%C3%A0-100526140.html\" data-ylk=\"slk:Chelsea;elm:context_link;itc:0;sec:content-canvas;outcm:mb_qualified_link;_E:mb_qualified_link;ct:story;\" class=\"link  yahoo-link\" target=\"_blank\" rel=\"noopener\"> Chelsea<\/a> depuis mai 2022, est l&rsquo;actionnaire majoritaire de Strasbourg. De quoi offrir un statut de nouveau riche aux Alsaciens, qui ont d\u00e9bours\u00e9 127 millions d&rsquo;euros sur le mercato estival. Le dernier renfort en date se nomme Ben Chilwell, vainqueur de la Ligue des champions 2021, envoy\u00e9 ce lundi en Ligue 1 par Chelsea.<\/p>\n<p class=\"mb-4 text-lg md:leading-8 break-words\">Dans un contexte marqu\u00e9 par la crise des droits TV, Strasbourg est l&rsquo;un des rares clubs fran\u00e7ais \u00e0 afficher une balance d\u00e9ficitaire sur le mercato cet \u00e9t\u00e9. Plusieurs mouvements ont \u00e9t\u00e9 recens\u00e9s avec Chelsea, dont celui assez r\u00e9v\u00e9lateur d&rsquo;Ish\u00e9 Samuels-Smith. Le jeune joueur a pass\u00e9 seulement 34 jours en Alsace.<\/p>\n<p class=\"mb-4 text-lg md:leading-8 break-words\"><a href=\"https:\/\/rmcsport.bfmtv.com\/football\/transferts\/mercato-apres-un-gros-mois-a-strasbourg-samuels-smith-deja-renvoye-a-chelsea-qui-l-a-de-suite-prete_AV-202509020617.html#xtor=AL-68\" rel=\"nofollow noopener\" target=\"_blank\" data-ylk=\"slk:Article original publi\u00e9 sur RMC Sport;elm:context_link;itc:0;sec:content-canvas\" class=\"link \">Article original publi\u00e9 sur RMC Sport<\/a><\/p>\n","protected":false},"excerpt":{"rendered":"Un passage express \u00e0 Strasbourg. Et symbole des d\u00e9rives de la multipropri\u00e9t\u00e9? Fin juillet, le club alsacien avait&hellip;\n","protected":false},"author":2,"featured_media":362538,"comment_status":"","ping_status":"","sticky":false,"template":"","format":"standard","meta":{"footnotes":""},"categories":[2820],"tags":[1111,11,49471,11871,46540,1777,674,1011,27,775,49754,12,25,640,27432],"class_list":{"0":"post-362537","1":"post","2":"type-post","3":"status-publish","4":"format-standard","5":"has-post-thumbnail","7":"category-strasbourg","8":"tag-actu","9":"tag-actualites","10":"tag-ben-chilwell","11":"tag-chelsea","12":"tag-debut-de-saison","13":"tag-eu","14":"tag-europe","15":"tag-fr","16":"tag-france","17":"tag-grand-est","18":"tag-ishe","19":"tag-news","20":"tag-republique-francaise","21":"tag-strasbourg","22":"tag-vainqueur-de-la-ligue-des-champions"},"share_on_mastodon":{"url":"https:\/\/pubeurope.com\/@fr\/115138792256931808","error":""},"_links":{"self":[{"href":"https:\/\/www.europesays.com\/fr\/wp-json\/wp\/v2\/posts\/362537","targetHints":{"allow":["GET"]}}],"collection":[{"href":"https:\/\/www.europesays.com\/fr\/wp-json\/wp\/v2\/posts"}],"about":[{"href":"https:\/\/www.europesays.com\/fr\/wp-json\/wp\/v2\/types\/post"}],"author":[{"embeddable":true,"href":"https:\/\/www.europesays.com\/fr\/wp-json\/wp\/v2\/users\/2"}],"replies":[{"embeddable":true,"href":"https:\/\/www.europesays.com\/fr\/wp-json\/wp\/v2\/comments?post=362537"}],"version-history":[{"count":0,"href":"https:\/\/www.europesays.com\/fr\/wp-json\/wp\/v2\/posts\/362537\/revisions"}],"wp:featuredmedia":[{"embeddable":true,"href":"https:\/\/www.europesays.com\/fr\/wp-json\/wp\/v2\/media\/362538"}],"wp:attachment":[{"href":"https:\/\/www.europesays.com\/fr\/wp-json\/wp\/v2\/media?parent=362537"}],"wp:term":[{"taxonomy":"category","embeddable":true,"href":"https:\/\/www.europesays.com\/fr\/wp-json\/wp\/v2\/categories?post=362537"},{"taxonomy":"post_tag","embeddable":true,"href":"https:\/\/www.europesays.com\/fr\/wp-json\/wp\/v2\/tags?post=362537"}],"curies":[{"name":"wp","href":"https:\/\/api.w.org\/{rel}","templated":true}]}}