{"id":362539,"date":"2025-09-03T05:48:31","date_gmt":"2025-09-03T05:48:31","guid":{"rendered":"https:\/\/www.europesays.com\/fr\/362539\/"},"modified":"2025-09-03T05:48:31","modified_gmt":"2025-09-03T05:48:31","slug":"a-gauche-la-france-insoumise-se-donne-du-mal-pour-rater-lunion-les-autres-partis-sorganisent-sans-lfi-pour-les-municipales-2026","status":"publish","type":"post","link":"https:\/\/www.europesays.com\/fr\/362539\/","title":{"rendered":"\u00e0 gauche, La France Insoumise se donne du mal pour rater l&rsquo;union, les autres partis s&rsquo;organisent sans LFI pour les municipales 2026"},"content":{"rendered":"<p><strong>La France Insoumise a lanc\u00e9 sa rentr\u00e9e politique \u00e0 Nice samedi, en affichant ses ambitions pour les municipales de 2026. Derri\u00e8re ses deux porte-parole locaux, <a href=\"https:\/\/nicepresse.com\/a-nice-la-france-insoumise-lfi-sur-les-rangs-pour-lelection-municipale-une-ville-sure-sera-dabord-et-avant-tout-juste-et-solidaire\/\" rel=\"nofollow noopener\" target=\"_blank\">Olivier Salerno et Anne-Laure Chaintron<\/a>, le mouvement appelle \u00e0 constituer une \u00ab\u00a0liste unique de la gauche et de l\u2019\u00e9cologie\u00a0\u00bb pour battre les figures locales Christian Estrosi et \u00c9ric Ciotti. Les conditions pos\u00e9es aux autres partis devraient isoler LFI\u2026 Comme pr\u00e9vu ?<\/strong><\/p>\n<p><strong>En bref \u2013 <\/strong><a href=\"https:\/\/blogs.mediapart.fr\/olivier-salerno\/blog\/300825\/2026-nice-front-populaire\" target=\"_blank\" rel=\"noopener nofollow\">Le discours d\u00e9non\u00e7ait<\/a>, ce week-end, la \u00ab\u00a0pauvret\u00e9\u00a0\u00bb, la \u00ab\u00a0sp\u00e9culation immobili\u00e8re\u00a0\u00bb, la \u00ab\u00a0b\u00e9tonisation\u00a0\u00bb et le \u00ab\u00a0surtourisme\u00a0\u00bb dont serait victime la ville, tout en appelant \u00e0 une \u00ab\u00a0rupture totale\u00a0\u00bb avec la politique men\u00e9e depuis des d\u00e9cennies par la droite. <\/p>\n<p>Au cours d\u2019une conf\u00e9rence de presse (assez peu suivie), LFI a fait mine de proposer, le 30 ao\u00fbt, une alliance avec les \u00e9cologistes, communistes et socialistes, sur le mod\u00e8le du Nouveau Front Populaire (NFP) de 2024. <\/p>\n<p>Parmi les conditions impos\u00e9es par le parti m\u00e9lenchoniste, une \u00ab\u00a0t\u00eate de liste issue de la soci\u00e9t\u00e9 civile, de pr\u00e9f\u00e9rence une femme\u00a0\u00bb, et une seconde place pour l\u2019un de ses membres. Certainement Olivier Salerno. Pourtant, lors du dernier scrutin, en 2020, la formation d\u2019extr\u00eame gauche n\u2019avait pas r\u00e9ussi \u00e0 atteindre le second tour, alors que les Verts avaient pu y r\u00e9unir 19,30% des voix, faisant entrer six \u00e9lus au conseil municipal. <\/p>\n<p>Tout en critiquant les autres formations, qui seraient d\u00e9connect\u00e9es du terrain et pas assez port\u00e9es vers une organisation \u00ab\u00a0citoyenne\u00a0\u00bb.<\/p>\n<p>T\u00eate de liste connue \u00ab\u00a0dans quelques jours\u00a0\u00bb<\/p>\n<p>En clair, estime-t-on du c\u00f4t\u00e9 des traditionnels \u2013 PS, EELV, PCF \u2013 les Insoumis se donnent de bonnes chances de faire rater l\u2019union, avec des d\u00e9sid\u00e9ratas presque inacceptables, pour mieux faire supporter l\u2019\u00e9chec des discussions \u00e0 leurs partenaires.<\/p>\n<p>Le programme national de LFI, incluant, selon Mathilde Panot (<a href=\"https:\/\/www.radiofrance.fr\/franceinfo\/podcasts\/les-documents-franceinfo\/mathilde-panot-lfi-veut-desarmer-la-police-municipale-et-suscite-la-polemique-7397689\" target=\"_blank\" rel=\"noopener nofollow\">ici sur France Info<\/a>), le d\u00e9sarmement des policiers municipaux, avait de toute fa\u00e7on irrit\u00e9 leurs \u00e9ventuels alli\u00e9s\u2026<\/p>\n<p>Les d\u00e9clarations de samedi ont donc \u00e9t\u00e9 fra\u00eechement accueillies. R\u00e9action, dans Nice-Presse ce 2 septembre, de l\u2019\u00e9cologiste Juliette Chesnel-Le Roux, si\u00e9geant depuis plusieurs mandats \u00e0 la mairie comme \u00e0 la M\u00e9tropole : \u00ab\u00a0Nous observons que LFI lance r\u00e9guli\u00e8rement des appels pour la constitution d\u2019une liste d\u2019union qui existe depuis le 11 janvier 2025 et \u00e0 laquelle ils n\u2019ont pas souhait\u00e9 participer.\u00a0\u00bb <\/p>\n<p><a href=\"https:\/\/anneedelamer.nice.fr\/\" rel=\"nofollow noopener\" target=\"_blank\"><img loading=\"lazy\" decoding=\"async\" width=\"300\" height=\"300\" src=\"data:image\/svg+xml,%3Csvg%20xmlns=\" http:=\"\" alt=\"\" class=\"wp-image-235449\" data-lazy-src=\"https:\/\/www.europesays.com\/fr\/wp-content\/uploads\/2025\/04\/IMG_1416-2.png\"\/><\/a><\/p>\n<p>De m\u00eame, d\u2019apr\u00e8s des sources tr\u00e8s au fait des discussions, le d\u00e9voilement de la t\u00eate de liste ne serait plus \u00ab\u00a0qu\u2019une affaire de jours\u00a0\u00bb. Sans les m\u00e9lenchonistes, sauf revirement.<\/p>\n<p>Une d\u00e9sunion qui ferait les affaires du sortant, Christian Estrosi. C\u2019est une gauche forte qui pourrait lui retirer des suffrages, au profit du challenger, Eric Ciotti. Un sc\u00e9nario qui pourrait s\u2019\u00e9loigner\u2026 Mais la campagne ne fait que commencer.<\/p>\n","protected":false},"excerpt":{"rendered":"La France Insoumise a lanc\u00e9 sa rentr\u00e9e politique \u00e0 Nice samedi, en affichant ses ambitions pour les municipales&hellip;\n","protected":false},"author":2,"featured_media":362540,"comment_status":"","ping_status":"","sticky":false,"template":"","format":"standard","meta":{"footnotes":""},"categories":[2819],"tags":[1111,11,1777,674,1011,27,12,2401,882,25],"class_list":{"0":"post-362539","1":"post","2":"type-post","3":"status-publish","4":"format-standard","5":"has-post-thumbnail","7":"category-nice","8":"tag-actu","9":"tag-actualites","10":"tag-eu","11":"tag-europe","12":"tag-fr","13":"tag-france","14":"tag-news","15":"tag-nice","16":"tag-provence-alpes-cote-dazur","17":"tag-republique-francaise"},"share_on_mastodon":{"url":"https:\/\/pubeurope.com\/@fr\/115138796172211239","error":""},"_links":{"self":[{"href":"https:\/\/www.europesays.com\/fr\/wp-json\/wp\/v2\/posts\/362539","targetHints":{"allow":["GET"]}}],"collection":[{"href":"https:\/\/www.europesays.com\/fr\/wp-json\/wp\/v2\/posts"}],"about":[{"href":"https:\/\/www.europesays.com\/fr\/wp-json\/wp\/v2\/types\/post"}],"author":[{"embeddable":true,"href":"https:\/\/www.europesays.com\/fr\/wp-json\/wp\/v2\/users\/2"}],"replies":[{"embeddable":true,"href":"https:\/\/www.europesays.com\/fr\/wp-json\/wp\/v2\/comments?post=362539"}],"version-history":[{"count":0,"href":"https:\/\/www.europesays.com\/fr\/wp-json\/wp\/v2\/posts\/362539\/revisions"}],"wp:featuredmedia":[{"embeddable":true,"href":"https:\/\/www.europesays.com\/fr\/wp-json\/wp\/v2\/media\/362540"}],"wp:attachment":[{"href":"https:\/\/www.europesays.com\/fr\/wp-json\/wp\/v2\/media?parent=362539"}],"wp:term":[{"taxonomy":"category","embeddable":true,"href":"https:\/\/www.europesays.com\/fr\/wp-json\/wp\/v2\/categories?post=362539"},{"taxonomy":"post_tag","embeddable":true,"href":"https:\/\/www.europesays.com\/fr\/wp-json\/wp\/v2\/tags?post=362539"}],"curies":[{"name":"wp","href":"https:\/\/api.w.org\/{rel}","templated":true}]}}