{"id":362544,"date":"2025-09-03T05:51:13","date_gmt":"2025-09-03T05:51:13","guid":{"rendered":"https:\/\/www.europesays.com\/fr\/362544\/"},"modified":"2025-09-03T05:51:13","modified_gmt":"2025-09-03T05:51:13","slug":"la-billetterie-est-ouverte-pour-le-grand-week-end-gourmand","status":"publish","type":"post","link":"https:\/\/www.europesays.com\/fr\/362544\/","title":{"rendered":"la billetterie est ouverte pour le grand \u00ab\u00a0week-end gourmand\u00a0\u00bb"},"content":{"rendered":"<p>            Par<br \/>\n        <strong><br \/>\n            <a href=\"https:\/\/actu.fr\/auteur\/laure-gentil\" title=\"Consulter tous les articles de Laure Gentil\" rel=\"nofollow noopener\" target=\"_blank\">Laure Gentil<\/a><br \/>\n        <\/strong><\/p>\n<p>        Publi\u00e9 le<\/p>\n<p>            3 sept. 2025 \u00e0 7h32        <\/p>\n<p>La nouvelle \u00e9dition du guide<strong> Les Tables de Nantes<\/strong> sera diffus\u00e9e gratuitement, en avant-premi\u00e8re, les vendredi\u00a05, samedi\u00a06 et dimanche 7\u00a0septembre lors de la rentr\u00e9e <strong>des Tables de Nantes<\/strong>. L\u2019occasion aussi de participer \u00e0 \u00ab\u2009un week-end gourmand\u2009\u00bb de trois jours \u00e0 <strong>La Cantine du Voyage<\/strong> pour d\u00e9couvrir les Coups de pouce s\u00e9lectionn\u00e9s par les Tables\u2009: Gwaien, Le Mirza et P\u2019tite Pomme.<\/p>\n<p>Qu&rsquo;est-ce que les Coups de pouce ?<\/p>\n<p>Les Coups de pouce sont \u00e9lus en fin de saison par les Tables de Nantes. Ils sont s\u00e9lectionn\u00e9s par un jury. Il s&rsquo;agit des restaurants qui ont marqu\u00e9s l&rsquo;ann\u00e9e, qu&rsquo;ils soient \u00ab\u00a0nouveaux ou non\u00a0\u00bb.<\/p>\n<p>\u00adVendredi\u00a05\u00a0septembre<\/p>\n<p class=\" wall-content\">Le week-end gourmand ouvre avec \u00ab\u2009un d\u00eener \u00e0 quatre mains assur\u00e9 par deux des trois Coups de pouce de la s\u00e9lection 2025-2026 du guide\u2009\u00bb\u2009: Gwaien et P\u2019tite Pomme. L\u2019ambiance musicale sera assur\u00e9e par DJ Atemi.<\/p>\n<p>Tarif\u2009: 40\u00a0euros par personne le menu en quatre temps, accompagn\u00e9 de deux verres de vin. \u00c0 partir de 19\u2009h\u200930.<\/p>\n<p>Samedi 6\u00a0septembre<\/p>\n<p class=\" wall-content\">Les festivit\u00e9s continueront avec une \u00ab\u2009Nuit am\u00e9ricaine\u2009\u00bb. Dans le cadre de la c\u00e9l\u00e9bration du jumelage Nantes\/Seattle, Lucie Berthier Gembara (restaurant S\u00e9pia) invite la cheffe am\u00e9ricaine Kristi Brown (Communion, restaurant \u00e0 Seattle) pour un d\u00eener \u00e0 quatre mains aux saveurs fran\u00e7aises et am\u00e9ricaines. Le vignoble nantais sera repr\u00e9sent\u00e9.<\/p>\n<p>Tarif\u2009: 40\u00a0euros par personne le menu en quatre temps, accompagn\u00e9 de deux verres de vin. \u00c0 partir de 19\u2009h\u200930.<\/p>\n<p>Dimanche 7\u00a0septembre<\/p>\n<p class=\" wall-content\">Ce sera au tour du troisi\u00e8me \u00ab\u2009Coup de pouce\u2009\u00bb de s\u2019illustrer\u2009: Le Mirza qui aura carte blanche d\u00e8s midi. \u00c9galement sur place, d\u00e8s 11\u2009h\u2009: un bar et un mini-salon de vins locaux, des tatouages par Brice Poil et un DJ set envoy\u00e9 par Bellegare.<\/p>\n<p>Entr\u00e9e libre, sans r\u00e9servation, dans la limite des places disponibles. Tarif\u2009: de 7 \u00e0 10\u00a0euros pour les assiettes \u00e0 partager, de 10 \u00e0 15\u00a0euros pour la formule de la Cantine. \u00c0 partir de 11\u2009h (12\u2009h pour la restauration) jusqu\u2019\u00e0 18\u2009h.<\/p>\n<p>Votre r\u00e9gion, votre actu !<\/p>\n<p>Recevez chaque jour les infos qui comptent pour vous.<\/p>\n<p>\t<a href=\"https:\/\/actu.fr\/newsletter\" class=\"ac-btn ac-btn--corner ac-btn--medium ac-btn--blue800\" rel=\"nofollow noopener\" target=\"_blank\">S&rsquo;incrire<\/a><br \/>\nComment s\u2019inscrire\u2009?<\/p>\n<p class=\" wall-content\">Pour les d\u00eeners du vendredi et du samedi, la r\u00e9servation est obligatoire. La billetterie est en ligne le<strong> mardi 2\u00a0septembre depuis 11\u2009h<\/strong> sur <a href=\"https:\/\/www.levoyageanantes.fr\/\" rel=\"nofollow noopener\" target=\"_blank\">www.levoyageanantes.fr<\/a> et sur <a href=\"https:\/\/www.lestablesdenantes.fr\/la-rentree-des-tables-de-nantes\/\" rel=\"nofollow noopener\" target=\"_blank\">www.lestablesdenantes.fr.<\/a><\/p>\n<p class=\" wall-content\">Personnalisez votre actualit\u00e9 en ajoutant vos villes et m\u00e9dias en favori avec <a href=\"https:\/\/moncompte.actu.fr\" title=\"D\u00e9couvez Mon Actu\" rel=\"nofollow noopener\" data-trk=\"{&quot;cta&quot;:{&quot;action&quot;:&quot;https:\\\/\\\/moncompte.actu.fr&quot;,&quot;category&quot;:&quot;mon compte&quot;,&quot;from&quot;:&quot;article footer&quot;,&quot;name&quot;:&quot;Mon actu&quot;,&quot;type&quot;:&quot;cta&quot;}}\" target=\"_blank\">Mon Actu<\/a>.<\/p>\n","protected":false},"excerpt":{"rendered":"Par Laure Gentil Publi\u00e9 le 3 sept. 2025 \u00e0 7h32 La nouvelle \u00e9dition du guide Les Tables de&hellip;\n","protected":false},"author":2,"featured_media":362545,"comment_status":"","ping_status":"","sticky":false,"template":"","format":"standard","meta":{"footnotes":""},"categories":[2818],"tags":[1111,11,1063,902,1777,674,1011,27,1652,766,12,2636,25],"class_list":{"0":"post-362544","1":"post","2":"type-post","3":"status-publish","4":"format-standard","5":"has-post-thumbnail","7":"category-nantes","8":"tag-actu","9":"tag-actualites","10":"tag-animations","11":"tag-cuisine","12":"tag-eu","13":"tag-europe","14":"tag-fr","15":"tag-france","16":"tag-loisirs-culture","17":"tag-nantes","18":"tag-news","19":"tag-pays-de-la-loire","20":"tag-republique-francaise"},"share_on_mastodon":{"url":"https:\/\/pubeurope.com\/@fr\/115138808207997708","error":""},"_links":{"self":[{"href":"https:\/\/www.europesays.com\/fr\/wp-json\/wp\/v2\/posts\/362544","targetHints":{"allow":["GET"]}}],"collection":[{"href":"https:\/\/www.europesays.com\/fr\/wp-json\/wp\/v2\/posts"}],"about":[{"href":"https:\/\/www.europesays.com\/fr\/wp-json\/wp\/v2\/types\/post"}],"author":[{"embeddable":true,"href":"https:\/\/www.europesays.com\/fr\/wp-json\/wp\/v2\/users\/2"}],"replies":[{"embeddable":true,"href":"https:\/\/www.europesays.com\/fr\/wp-json\/wp\/v2\/comments?post=362544"}],"version-history":[{"count":0,"href":"https:\/\/www.europesays.com\/fr\/wp-json\/wp\/v2\/posts\/362544\/revisions"}],"wp:featuredmedia":[{"embeddable":true,"href":"https:\/\/www.europesays.com\/fr\/wp-json\/wp\/v2\/media\/362545"}],"wp:attachment":[{"href":"https:\/\/www.europesays.com\/fr\/wp-json\/wp\/v2\/media?parent=362544"}],"wp:term":[{"taxonomy":"category","embeddable":true,"href":"https:\/\/www.europesays.com\/fr\/wp-json\/wp\/v2\/categories?post=362544"},{"taxonomy":"post_tag","embeddable":true,"href":"https:\/\/www.europesays.com\/fr\/wp-json\/wp\/v2\/tags?post=362544"}],"curies":[{"name":"wp","href":"https:\/\/api.w.org\/{rel}","templated":true}]}}