{"id":362546,"date":"2025-09-03T05:52:14","date_gmt":"2025-09-03T05:52:14","guid":{"rendered":"https:\/\/www.europesays.com\/fr\/362546\/"},"modified":"2025-09-03T05:52:14","modified_gmt":"2025-09-03T05:52:14","slug":"mouvement-bloquons-tout-ce-qui-se-prepare-pour-le-10-septembre-a-bordeaux","status":"publish","type":"post","link":"https:\/\/www.europesays.com\/fr\/362546\/","title":{"rendered":"Mouvement \u00ab\u00a0Bloquons tout !\u00a0\u00bb : ce qui se pr\u00e9pare pour le 10 septembre \u00e0 Bordeaux"},"content":{"rendered":"<p class=\"wp-block-post-excerpt__excerpt\">Partout en France ont fleuri des initiatives pour pr\u00e9parer le blocage du pays mardi 10 septembre. Bordeaux n\u2019est pas en reste. Pilot\u00e9 par les Indign\u00e9s, un groupe citoyen s\u2019organise pour prendre part \u00e0 l\u2019op\u00e9ration \u00ab\u00a0Bloquons Tout!\u00a0\u00bb, une journ\u00e9e encore pleine d\u2019inconnus. Rencontre avec ces activistes lors de la derni\u00e8re assembl\u00e9e g\u00e9n\u00e9rale, qui a rassembl\u00e9 200 personnes. <\/p>\n<p><a href=\"https:\/\/rue89bordeaux.com\/category\/kiosque-abonne\/\" rel=\"tag noopener\" target=\"_blank\">\u00c9dition abonn\u00e9s<\/a>, <a href=\"https:\/\/rue89bordeaux.com\/category\/reportage\/\" rel=\"tag noopener\" target=\"_blank\">Reportage<\/a><\/p>\n<p>Maxime Longuet<\/p>\n<p>Publi\u00e9 le 3 septembre 2025\u00a0\u00a0\u00b7\u00a0\u00a0<\/p>\n<p>Imprim\u00e9 le 3 septembre 2025 \u00e0 07h52\u00a0\u00a0\u00b7\u00a0\u00a0<\/p>\n<p>\t\t\t\t\t7\u00a0minutes\n<\/p>\n<p>Ils \u00e9taient deux cents \u00e0 s\u2019\u00eatre donn\u00e9 rendez-vous \u00e0 Darwin dimanche 31 ao\u00fbt. A l\u2019ordre du jour : la deuxi\u00e8me assembl\u00e9e g\u00e9n\u00e9rale d\u2019<a href=\"https:\/\/indignonsnous.fr\/\" target=\"_blank\" rel=\"noopener\">Indignons-Nous<\/a>, principal mouvement citoyen portant \u00e0 l\u2019\u00e9chelle nationale la journ\u00e9e de mobilisation du mardi 10 septembre et l\u2019appel \u00e0 bloquer le pays n\u00e9 cet \u00e9t\u00e9 sur les r\u00e9seaux sociaux. <\/p>\n<p>La r\u00e9union, ouverte \u00e0 tous, avait pour objectif de d\u00e9finir les revendications du mouvement au niveau local et les actions \u00e0 mener avant, pendant et apr\u00e8s le 10 septembre. L\u2019id\u00e9e est de faire de cette date une rampe de lancement pour la mobilisation. Celle-ci n\u2019est pas sans rappeler celle men\u00e9e par les Gilets jaunes en 2018 de par sa spontan\u00e9it\u00e9 et son rejet cat\u00e9gorique de la politique d\u2019Emmanuel Macron.<\/p>\n<blockquote class=\"wp-block-quote is-layout-flow wp-block-quote-is-layout-flow\">\n<p>\u00ab\u00a0Prenons le sujet des retraites, des millions de personnes sont descendues dans la rue et, au gouvernement, quelle a \u00e9t\u00e9 la r\u00e9ponse ? Rien ! Alors on est l\u00e0 pour se mobiliser \u00e0 nouveau contre l\u2019aust\u00e9rit\u00e9. Il y a beaucoup d\u2019espoir, on y croit\u00a0\u00bb, affirme Armand* (*pour des raisons de confidentialit\u00e9, tous les noms ont \u00e9t\u00e9 modifi\u00e9s), 27 ans, doctorant en science sociale.<\/p>\n<\/blockquote>\n<p>\t\tUn mouvement ancr\u00e9 \u00e0 gauche<\/p>\n<p>Ce sympathisant des Gilets jaunes se consid\u00e8re comme autonome et d\u2019extr\u00eame gauche. Il a fait ses armes \u00e0 Notre-Dame-des-Landes (contre le projet d\u2019a\u00e9roport), \u00e0 la ZAD du Carnet (dans une \u00eele de l\u2019estuaire de la Loire menac\u00e9e par un projet d\u2019extension du port de Saint-Nazaire), ou lors de mobilisations contre des mines de charbon en Allemagne. Il confesse pour sa part avoir \u00ab\u00a0h\u00e2te du d\u00e9bordement\u00a0\u00bb (sic).<\/p>\n<p>Parmi ces activistes r\u00e9unis dimanche \u00e0 Bordeaux, on retrouve des sensibilit\u00e9s politiques distinctes mais majoritairement ancr\u00e9es \u00e0 gauche, confirmant <a href=\"https:\/\/www.jean-jaures.org\/publication\/bloquons-tout-tentative-de-portrait-robot-dun-mouvement-nebuleux\/\" target=\"_blank\" rel=\"noreferrer noopener\">l\u2019analyse d\u2019Antoine Bristielle<\/a>, directeur de l\u2019Observatoire de l\u2019opinion de la Fondation Jean-Jaur\u00e8s. Assez \u00e9loign\u00e9es donc des cercles souverainistes dans lesquels ont surgi les premiers appels au blocage (lire l\u2019encadr\u00e9 ci-dessous).  <\/p>\n<p>Rue89 Bordeaux a besoin de vos dons<\/p>\n<p>Mille mercis \u00e0 nos 131 donateurs ! Gr\u00e2ce \u00e0 vous, nous avons atteint notre objectif initial de 10\u202f000\u202f\u20ac. Ce soutien va nous permettre de renflouer notre tr\u00e9sorerie, apr\u00e8s le d\u00e9sengagement en 2025 d\u2019un annonceur important \u2013 Bordeaux M\u00e9tropole \u2013 et de r\u00e9gler nos factures en attente.<br \/>Cependant, la cagnotte reste ouverte jusqu\u2019\u00e0 fin septembre afin de vous laisser l\u2019occasion de continuer \u00e0 soutenir votre m\u00e9dia ind\u00e9pendant. Chaque don est d\u00e9ductible des imp\u00f4ts \u00e0 hauteur de 66\u202f%. En recevoir davantage nous permettra de consolider nos finances, d\u2019envisager une rentr\u00e9e sereine, et surtout, d\u2019enrichir nos contenus et de renforcer notre r\u00e9daction.<\/p>\n<p><\/p>\n<p class=\"has-warning-color has-text-color\">\n\t\t\t<strong> Cet article fait partie de l\u2019\u00e9dition abonn\u00e9s.<\/strong><br \/>\n\t\t\t| D\u00e9j\u00e0 abonn\u00e9\u00a0?<br \/>\n\t\t\t<a href=\"https:\/\/rue89bordeaux.com\/user\/login\/\" data-type=\"page\" data-id=\"26256\" target=\"_blank\" rel=\"noopener\">Connectez-vous<\/a>\n\t\t<\/p>\n<p>Abonnez-vous maintenant pour poursuivre votre lecture<\/p>\n<p><img loading=\"lazy\" decoding=\"async\" width=\"607\" height=\"480\" src=\"https:\/\/www.europesays.com\/fr\/wp-content\/uploads\/2025\/04\/1744387698_768_04-paywall.png\" alt=\"Abonnez-vous\" class=\"wp-image-128438\"  \/><\/p>\n<p>\t\t\t<a href=\"https:\/\/rue89bordeaux.com\/\" class=\"custom-logo-link\" rel=\"home noopener\" target=\"_blank\"><img loading=\"lazy\" decoding=\"async\" width=\"290\" height=\"49\" src=\"https:\/\/www.europesays.com\/fr\/wp-content\/uploads\/2025\/04\/logo.png\" class=\"custom-logo\" alt=\"Rue89Bordeaux Enqu\u00eates et informations de proximit\u00e9\"  \/><\/a><\/p>\n<p>\n\t\t\t\tAbonnez-vous maintenant pour suivre l\u2019actualit\u00e9 locale.\t\t\t<\/p>\n<p class=\"font-bold font-serif-heading mb-2 text-4xl\">\n\t\t\t\t\t\tL\u2019investigation locale \u00e0 port\u00e9e de main.\n\t\t\t\t\t<\/p>\n<p>\n\t\t\t\t\t\tAbonnez-vous et profitez d\u2019un acc\u00e8s illimit\u00e9 \u00e0 Rue89Bordeaux. Annulez quand vous voulez.\n\t\t\t\t\t<\/p>\n<p class=\"xl:text-sm\">\n\t\t\t\t\tD\u00e9j\u00e0 abonn\u00e9\u00a0?<br \/>\n\t\t\t\t\t<a class=\"border border-transparent text-center transition-colors duration-instant focus:border-info focus:rounded focus:shadow-focus cursor-pointer text-black hover:text-gray-700 active:bg-black-700 font-semibold inline-block\" href=\"https:\/\/rue89bordeaux.com\/user\/login\/?redirect=\/2025\/09\/mouvement-bloquons-tout-ce-qui-se-prepare-pour-le-10-septembre-a-bordeaux\/\" target=\"_blank\" rel=\"noopener\">Connectez-vous<\/a>\t\t\t\t<\/p>\n<p>\n\t\t\t\tChoisissez votre formule\u00a0:\n\t\t\t<\/p>\n<p>\t\t\t\tFermer<\/p>\n","protected":false},"excerpt":{"rendered":"Partout en France ont fleuri des initiatives pour pr\u00e9parer le blocage du pays mardi 10 septembre. Bordeaux n\u2019est&hellip;\n","protected":false},"author":2,"featured_media":362547,"comment_status":"","ping_status":"","sticky":false,"template":"","format":"standard","meta":{"footnotes":""},"categories":[2817],"tags":[1111,11,47212,1997,1777,674,1011,27,802,12,2219,25],"class_list":{"0":"post-362546","1":"post","2":"type-post","3":"status-publish","4":"format-standard","5":"has-post-thumbnail","7":"category-bordeaux","8":"tag-actu","9":"tag-actualites","10":"tag-bloquons-tout","11":"tag-bordeaux","12":"tag-eu","13":"tag-europe","14":"tag-fr","15":"tag-france","16":"tag-greves-et-mouvements-sociaux","17":"tag-news","18":"tag-nouvelle-aquitaine","19":"tag-republique-francaise"},"share_on_mastodon":{"url":"https:\/\/pubeurope.com\/@fr\/115138812003726402","error":""},"_links":{"self":[{"href":"https:\/\/www.europesays.com\/fr\/wp-json\/wp\/v2\/posts\/362546","targetHints":{"allow":["GET"]}}],"collection":[{"href":"https:\/\/www.europesays.com\/fr\/wp-json\/wp\/v2\/posts"}],"about":[{"href":"https:\/\/www.europesays.com\/fr\/wp-json\/wp\/v2\/types\/post"}],"author":[{"embeddable":true,"href":"https:\/\/www.europesays.com\/fr\/wp-json\/wp\/v2\/users\/2"}],"replies":[{"embeddable":true,"href":"https:\/\/www.europesays.com\/fr\/wp-json\/wp\/v2\/comments?post=362546"}],"version-history":[{"count":0,"href":"https:\/\/www.europesays.com\/fr\/wp-json\/wp\/v2\/posts\/362546\/revisions"}],"wp:featuredmedia":[{"embeddable":true,"href":"https:\/\/www.europesays.com\/fr\/wp-json\/wp\/v2\/media\/362547"}],"wp:attachment":[{"href":"https:\/\/www.europesays.com\/fr\/wp-json\/wp\/v2\/media?parent=362546"}],"wp:term":[{"taxonomy":"category","embeddable":true,"href":"https:\/\/www.europesays.com\/fr\/wp-json\/wp\/v2\/categories?post=362546"},{"taxonomy":"post_tag","embeddable":true,"href":"https:\/\/www.europesays.com\/fr\/wp-json\/wp\/v2\/tags?post=362546"}],"curies":[{"name":"wp","href":"https:\/\/api.w.org\/{rel}","templated":true}]}}