{"id":362548,"date":"2025-09-03T05:53:28","date_gmt":"2025-09-03T05:53:28","guid":{"rendered":"https:\/\/www.europesays.com\/fr\/362548\/"},"modified":"2025-09-03T05:53:28","modified_gmt":"2025-09-03T05:53:28","slug":"saison-2025-bordeaux-begles-la-rochelle-rugby-top-14","status":"publish","type":"post","link":"https:\/\/www.europesays.com\/fr\/362548\/","title":{"rendered":"Saison 2025 &#8211; Bordeaux-B\u00e8gles \/ La Rochelle &#8211; Rugby : Top 14"},"content":{"rendered":"<p>            R\u00e9sum\u00e9 du programme<\/p>\n<p>\n                Apr\u00e8s une p\u00e9riode de repos bien m\u00e9rit\u00e9, les rugbymen du Top 14 effectuent leur retour avec ce duel entre Bordeaux-B\u00e8gles et La Rochelle. Vice-champions de France, les Bordelais souhaitent marquer de leur empreinte cette premi\u00e8re journ\u00e9e et ainsi envoyer un message clair \u00e0 tous leurs adversaires. Emmen\u00e9s par leur demi d&rsquo;ouverture Matthieu Jalibert, les joueurs de l&rsquo;UBB comptent sur l\u2019exp\u00e9rience de la saison pr\u00e9c\u00e9dente, et notamment le titre en Champions Cup, pour passer ce cap et aller chercher ce titre de champion de France tant convoit\u00e9.\n            <\/p>\n","protected":false},"excerpt":{"rendered":"R\u00e9sum\u00e9 du programme Apr\u00e8s une p\u00e9riode de repos bien m\u00e9rit\u00e9, les rugbymen du Top 14 effectuent leur retour&hellip;\n","protected":false},"author":2,"featured_media":39176,"comment_status":"","ping_status":"","sticky":false,"template":"","format":"standard","meta":{"footnotes":""},"categories":[2817],"tags":[1111,11,1997,22593,1777,674,1011,27,12,2219,5240,25,479,49755],"class_list":{"0":"post-362548","1":"post","2":"type-post","3":"status-publish","4":"format-standard","5":"has-post-thumbnail","7":"category-bordeaux","8":"tag-actu","9":"tag-actualites","10":"tag-bordeaux","11":"tag-emissionsportive","12":"tag-eu","13":"tag-europe","14":"tag-fr","15":"tag-france","16":"tag-news","17":"tag-nouvelle-aquitaine","18":"tag-programme","19":"tag-republique-francaise","20":"tag-rugby","21":"tag-rugby-top-14"},"share_on_mastodon":{"url":"https:\/\/pubeurope.com\/@fr\/115138815891889052","error":""},"_links":{"self":[{"href":"https:\/\/www.europesays.com\/fr\/wp-json\/wp\/v2\/posts\/362548","targetHints":{"allow":["GET"]}}],"collection":[{"href":"https:\/\/www.europesays.com\/fr\/wp-json\/wp\/v2\/posts"}],"about":[{"href":"https:\/\/www.europesays.com\/fr\/wp-json\/wp\/v2\/types\/post"}],"author":[{"embeddable":true,"href":"https:\/\/www.europesays.com\/fr\/wp-json\/wp\/v2\/users\/2"}],"replies":[{"embeddable":true,"href":"https:\/\/www.europesays.com\/fr\/wp-json\/wp\/v2\/comments?post=362548"}],"version-history":[{"count":0,"href":"https:\/\/www.europesays.com\/fr\/wp-json\/wp\/v2\/posts\/362548\/revisions"}],"wp:featuredmedia":[{"embeddable":true,"href":"https:\/\/www.europesays.com\/fr\/wp-json\/wp\/v2\/media\/39176"}],"wp:attachment":[{"href":"https:\/\/www.europesays.com\/fr\/wp-json\/wp\/v2\/media?parent=362548"}],"wp:term":[{"taxonomy":"category","embeddable":true,"href":"https:\/\/www.europesays.com\/fr\/wp-json\/wp\/v2\/categories?post=362548"},{"taxonomy":"post_tag","embeddable":true,"href":"https:\/\/www.europesays.com\/fr\/wp-json\/wp\/v2\/tags?post=362548"}],"curies":[{"name":"wp","href":"https:\/\/api.w.org\/{rel}","templated":true}]}}