{"id":362549,"date":"2025-09-03T05:54:12","date_gmt":"2025-09-03T05:54:12","guid":{"rendered":"https:\/\/www.europesays.com\/fr\/362549\/"},"modified":"2025-09-03T05:54:12","modified_gmt":"2025-09-03T05:54:12","slug":"ce-qui-est-prevu-pour-ameliorer-la-situation","status":"publish","type":"post","link":"https:\/\/www.europesays.com\/fr\/362549\/","title":{"rendered":"ce qui est pr\u00e9vu pour am\u00e9liorer la situation"},"content":{"rendered":"<p>            Par<br \/>\n        <strong><br \/>\n            <a href=\"https:\/\/actu.fr\/auteur\/lea-afonso\" title=\"Consulter tous les articles de L\u00e9a Afonso\" rel=\"nofollow noopener\" target=\"_blank\">L\u00e9a Afonso<\/a><br \/>\n        <\/strong><\/p>\n<p>        Publi\u00e9 le<\/p>\n<p>            3 sept. 2025 \u00e0 7h12        <\/p>\n<p>Rentr\u00e9e rime avec retour des <strong>bouchons<\/strong> \u00e0 <a href=\"https:\/\/actu.fr\/toulouse\/\" rel=\"nofollow noopener\" target=\"_blank\">Toulouse<\/a>. P\u00e9riph\u00e9rique, centre-ville, de nombreux endroits sont concern\u00e9s par l\u2019affluence de voitures\u2026 les Toulousains sont bien rentr\u00e9s de vacances, cela ne fait aucun doute. Mais alors que certains <strong>carrefours<\/strong> sont <strong>l\u2019\u00e9picentre de ces encombrements,<\/strong> la mairie pr\u00e9voit-elle d\u2019am\u00e9liorer cela\u2009? Focus et reportage sur l\u2019un des points noirs de la ville ce mardi 2\u00a0septembre 2025.<\/p>\n<p>Un point noir de Toulouse<\/p>\n<p class=\" wall-content\">Alors que la rentr\u00e9e est tout juste pass\u00e9e, les vieilles habitudes sont revenues sur les routes de Toulouse\u2009: des heures dans les bouchons matin et soir. Et ce mardi, aux alentours de 8\u2009h\u200930, le carrefour entre le<strong> Boulevard des Minimes, l\u2019Avenue de Lyon et le Pont Matabiau<\/strong> ne d\u00e9roge pas \u00e0 la r\u00e8gle, avec ses files de dizaines de voitures en tous les sens. Nous sommes ici sur l\u2019un des points noirs de la ville.<\/p>\n<p>    <a href=\"https:\/\/www.google.com\/maps\/embed?pb=!1m14!1m12!1m3!1d858.8058181994339!2d1.451753062751279!3d43.61347600115043!2m3!1f0!2f0!3f0!3m2!1i1024!2i768!4f13.1!5e0!3m2!1sfr!2sfr!4v1756805844331!5m2!1sfr!2sfr\" title=\"Ouvrie le lien\" rel=\"nofollow noopener\" target=\"_blank\">Cliquez ici pour visualiser le contenu<\/a><\/p>\n<p>Pourquoi ce carrefour est probl\u00e9matique\u2009?<br \/>\n    <img   decoding=\"async\" loading=\"lazy\" src=\"https:\/\/www.europesays.com\/fr\/wp-content\/uploads\/2025\/09\/carrefour-bouchons-14-censored-960x640.jpg\" alt=\"C\u00f4t\u00e9 Boulevard des Minimes, les voitures s'accumulent \u00e0 cause des travaux de la piste cyclable et du fait que ce soit une entr\u00e9e dans la Ville rose. \" width=\"960\" height=\"640\"\/><br \/>\n    C\u00f4t\u00e9 Boulevard des Minimes, les voitures s\u2019accumulent \u00e0 cause des travaux de la piste cyclable et du fait que ce soit une entr\u00e9e dans la Ville rose. (\u00a9L\u00e9a Afonso \/ Actu Toulouse)<\/p>\n<p class=\" wall-content\">Effectivement, ici, des milliers de v\u00e9hicules s\u2019accumulent matin et soir pour diverses raisons. Prenons le <strong>Boulevard des Minimes<\/strong>. Il s\u2019agit d\u2019une des entr\u00e9es dans la Ville rose depuis le <strong>p\u00e9riph\u00e9rique<\/strong> en longeant le Canal du Midi, et qui plus est, dessert la <strong>gare Matabiau<\/strong>. Une conjoncture qui favorise ainsi le nombre de voitures. Ajout\u00e9 \u00e0 cela les <a href=\"https:\/\/actu.fr\/occitanie\/toulouse_31555\/toulouse-a-peine-commences-les-travaux-de-perennisation-de-cette-piste-cyclable-creent-des-bouchons_62936965.html\" rel=\"nofollow noopener\" target=\"_blank\">travaux de la<strong> piste cyclable<\/strong><\/a> qui sont en cours et qui r\u00e9duisent \u00e0 certains endroits les voies de circulation. R\u00e9sultat\u2009: le carrefour est comme la sortie d\u2019un entonnoir, avec les voitures qui arrivent en masse.<\/p>\n<p>    <img   decoding=\"async\" loading=\"lazy\" src=\"https:\/\/www.europesays.com\/fr\/wp-content\/uploads\/2025\/09\/carrefour-bouchons-3-960x640.jpg\" alt=\"Une longue file de voitures s'\u00e9tend Avenue de Lyon. \" width=\"960\" height=\"640\"\/><br \/>\n    Une longue file de voitures s\u2019\u00e9tend Avenue de Lyon. (\u00a9L\u00e9a Afonso \/ Actu Toulouse)<\/p>\n<p class=\" wall-content\">C\u00f4t\u00e9 <a href=\"https:\/\/actu.fr\/occitanie\/toulouse_31555\/toulouse-la-premiere-operation-immobiliere-du-grand-matabiau-demarre-voici-combien-coutent-les-appartements_62778186.html\" rel=\"nofollow noopener\" target=\"_blank\"><strong>Avenue de Lyon<\/strong>,<\/a> nous sommes ici aussi sur l\u2019une des entr\u00e9es de la Ville rose en raison de la<strong> route d\u2019Albi<\/strong> qui succ\u00e8de au Faubourg Bonnefoy et \u00e0 l\u2019Avenue de Lyon. Un axe donc strat\u00e9gique qui relie ensuite la D888 (L\u2019Union, Saint-Jean, Castelmaurou\u2026) permettant ainsi d\u2019\u00e9viter l\u2019autoroute A68. Des embouteillages qui ne devraient pas s\u2019amoindrir au fil des mois avec tout bient\u00f4t le d\u00e9but de la<a href=\"https:\/\/actu.fr\/occitanie\/toulouse_31555\/voici-le-projet-definitif-pour-l-avenue-fantome-de-toulouse-la-metamorphose-se-concretise-debut-2025_62023164.html\" rel=\"nofollow noopener\" target=\"_blank\"> construction des immeubles du Grand Matabiau quais d\u2019Oc<\/a>.<\/p>\n<p>Votre r\u00e9gion, votre actu !<\/p>\n<p>Recevez chaque jour les infos qui comptent pour vous.<\/p>\n<p>\t<a href=\"https:\/\/actu.fr\/newsletter\" class=\"ac-btn ac-btn--corner ac-btn--medium ac-btn--blue800\" rel=\"nofollow noopener\" target=\"_blank\">S&rsquo;incrire<\/a><br \/>\nDes routes alentour impact\u00e9es<br \/>\n    <img   decoding=\"async\" loading=\"lazy\" src=\"https:\/\/www.europesays.com\/fr\/wp-content\/uploads\/2025\/09\/carrefour-bouchons-1-censored-960x640.jpg\" alt=\"Les bouchons remontent tout le long de l'avenue de Lyon, jusqu'au Faubourg Bonnefoy. \" width=\"960\" height=\"640\"\/><br \/>\n    Les bouchons remontent tout le long de l\u2019avenue de Lyon, jusqu\u2019au Faubourg Bonnefoy. (\u00a9L\u00e9a Afonso \/ Actu Toulouse)<\/p>\n<p class=\" wall-content\">Mais les bouchons ne s\u2019arr\u00eatent pas qu\u2019\u00e0 ce carrefour. Effectivement, les routes environnantes se voient impact\u00e9es elles aussi. De c\u00f4t\u00e9 de l\u2019Avenue de Lyon, les <strong>bouchons remontent<\/strong> sur plusieurs centaines de m\u00e8tres<strong> jusque sur le Faubourg Bonnefoy<\/strong>, d\u00e9j\u00e0 bien encombr\u00e9 <a href=\"https:\/\/actu.fr\/occitanie\/toulouse_31555\/nouvelle-etape-pour-la-ligne-c-du-metro-a-toulouse-la-station-bonnefoy-est-percee_62537693.html\" rel=\"nofollow noopener\" target=\"_blank\">avec les travaux de la ligne C du m\u00e9tro.<\/a><\/p>\n<p>    <img   decoding=\"async\" loading=\"lazy\" src=\"https:\/\/www.europesays.com\/fr\/wp-content\/uploads\/2025\/09\/carrefour-bouchons-15-censored-960x640.jpg\" alt=\"Au niveau du pont Matabiau, les bouchons s'\u00e9tendent sur plusieurs centaines de m\u00e8tres au nivau du Boulevard Bonrepos.\" width=\"960\" height=\"640\"\/><br \/>\n    Au niveau du pont Matabiau, les bouchons s\u2019\u00e9tendent sur plusieurs centaines de m\u00e8tres au nivau du Boulevard Bonrepos. (\u00a9L\u00e9a Afonso \/ Actu Toulouse)<\/p>\n<p class=\" wall-content\">Tandis que du c\u00f4t\u00e9 du pont Matabiau, la<strong> file des voitures<\/strong> s\u2019accumule d\u00e9j\u00e0 depuis la<strong> rue Matabiau et le Boulevard Bonrepos.<\/strong> Des flux qui sont g\u00e9r\u00e9s gr\u00e2ce aux nombreux feux tricolores install\u00e9s \u00e0 chaque intersection, mais qui ne suffisent pas \u00e0 fluidifier la circulation aux heures de pointes.<\/p>\n<p>Quelles solutions envisag\u00e9es pour fluidifier le trafic\u2009?<\/p>\n<p class=\" wall-content\">\u00ab\u00a0On sait que cet axe est compliqu\u00e9 avec l\u2019intersection de quatre boulevards et des <strong>multimodalit\u00e9s<\/strong> (bus, v\u00e9lo, pi\u00e9tons et vitures), conc\u00e8de Maxime Boyer, \u00e9lu \u00e0 la mairie de Toulouse. Alors, on essaie d\u2019am\u00e9liorer la situation par \u00e9tapes. Pour les mobilit\u00e9s douces, avec Europolia, nous r\u00e9fl\u00e9chissons \u00e0<strong> am\u00e9nager une passerelle<\/strong> en amont du pont Matabiau. Nous travaillons actuellement dessus\u00a0\u00bb.\u00a0<\/p>\n<p class=\" wall-content\">Mais si le r\u00e8glement des probl\u00e9matiques se fait par \u00e9tapes, c\u2019est parce que plusieurs solutions sont en cours de d\u00e9veloppement. \u00ab\u00a0Nous attendons la 3e ligne de m\u00e9tro qui va retirer sur tout Toulouse 90 000 v\u00e9hicules par jours. Cela va faciliter le trafic \u00e0 divers endroits, dont ici avec la station Bonnefoy\u00a0\u00bb, poursuit l\u2019\u00e9lu.\u00a0<\/p>\n<p class=\" wall-content\">Autre outil mis en \u0153uvre, pour fluidifier cette fois : l\u2019<strong>onde verte<\/strong> pour r\u00e9duire la congestion automobile. \u00ab\u00a0C\u2019est-\u00e0-dire que l\u2019on synchronise les feux de signalisation pour que quand l\u2019un passe au vert, les autres suivent. C\u2019est ce que l\u2019on a adopt\u00e9 Boulevard des Minimes\u00a0\u00bb, termine-t-il. Divers projets qui vont ainsi s\u2019\u00e9chelonner et permettre \u00e0 plus ou moins long terme de fluidifier ici le trafic.\u00a0<\/p>\n<p class=\" wall-content\">Personnalisez votre actualit\u00e9 en ajoutant vos villes et m\u00e9dias en favori avec <a href=\"https:\/\/moncompte.actu.fr\" title=\"D\u00e9couvez Mon Actu\" rel=\"nofollow noopener\" data-trk=\"{&quot;cta&quot;:{&quot;action&quot;:&quot;https:\\\/\\\/moncompte.actu.fr&quot;,&quot;category&quot;:&quot;mon compte&quot;,&quot;from&quot;:&quot;article footer&quot;,&quot;name&quot;:&quot;Mon actu&quot;,&quot;type&quot;:&quot;cta&quot;}}\" target=\"_blank\">Mon Actu<\/a>.<\/p>\n","protected":false},"excerpt":{"rendered":"Par L\u00e9a Afonso Publi\u00e9 le 3 sept. 2025 \u00e0 7h12 Rentr\u00e9e rime avec retour des bouchons \u00e0 Toulouse.&hellip;\n","protected":false},"author":2,"featured_media":362550,"comment_status":"","ping_status":"","sticky":false,"template":"","format":"standard","meta":{"footnotes":""},"categories":[2816],"tags":[1111,11,1777,674,1011,27,12,2680,25,104,2312],"class_list":{"0":"post-362549","1":"post","2":"type-post","3":"status-publish","4":"format-standard","5":"has-post-thumbnail","7":"category-toulouse","8":"tag-actu","9":"tag-actualites","10":"tag-eu","11":"tag-europe","12":"tag-fr","13":"tag-france","14":"tag-news","15":"tag-occitanie","16":"tag-republique-francaise","17":"tag-societe","18":"tag-toulouse"},"share_on_mastodon":{"url":"https:\/\/pubeurope.com\/@fr\/115138819889241462","error":""},"_links":{"self":[{"href":"https:\/\/www.europesays.com\/fr\/wp-json\/wp\/v2\/posts\/362549","targetHints":{"allow":["GET"]}}],"collection":[{"href":"https:\/\/www.europesays.com\/fr\/wp-json\/wp\/v2\/posts"}],"about":[{"href":"https:\/\/www.europesays.com\/fr\/wp-json\/wp\/v2\/types\/post"}],"author":[{"embeddable":true,"href":"https:\/\/www.europesays.com\/fr\/wp-json\/wp\/v2\/users\/2"}],"replies":[{"embeddable":true,"href":"https:\/\/www.europesays.com\/fr\/wp-json\/wp\/v2\/comments?post=362549"}],"version-history":[{"count":0,"href":"https:\/\/www.europesays.com\/fr\/wp-json\/wp\/v2\/posts\/362549\/revisions"}],"wp:featuredmedia":[{"embeddable":true,"href":"https:\/\/www.europesays.com\/fr\/wp-json\/wp\/v2\/media\/362550"}],"wp:attachment":[{"href":"https:\/\/www.europesays.com\/fr\/wp-json\/wp\/v2\/media?parent=362549"}],"wp:term":[{"taxonomy":"category","embeddable":true,"href":"https:\/\/www.europesays.com\/fr\/wp-json\/wp\/v2\/categories?post=362549"},{"taxonomy":"post_tag","embeddable":true,"href":"https:\/\/www.europesays.com\/fr\/wp-json\/wp\/v2\/tags?post=362549"}],"curies":[{"name":"wp","href":"https:\/\/api.w.org\/{rel}","templated":true}]}}