{"id":362551,"date":"2025-09-03T05:55:10","date_gmt":"2025-09-03T05:55:10","guid":{"rendered":"https:\/\/www.europesays.com\/fr\/362551\/"},"modified":"2025-09-03T05:55:10","modified_gmt":"2025-09-03T05:55:10","slug":"a-levignac-pres-de-toulouse-la-mairie-distribue-des-flyers-sur-le-pare-brise-des-voitures-mal-garees","status":"publish","type":"post","link":"https:\/\/www.europesays.com\/fr\/362551\/","title":{"rendered":"A L\u00e9vignac, pr\u00e8s de Toulouse, la mairie distribue des flyers sur le pare-brise des voitures mal gar\u00e9es"},"content":{"rendered":"<p class=\"PopSlotParagraph qg-tx2 qg-xtra-lh svelte-1r0pyek\">En plein milieu de l&rsquo;\u00e9t\u00e9, le 19 ao\u00fbt dernier, <a href=\"https:\/\/www.mairie-levignac.com\/stationnement-a-levignac-des-papillons-pour-sensibiliser\/\" target=\"_blank\" rel=\"noopener noreferrer nofollow\" class=\"\" data-testid=\"link\">la commune de L\u00e9vignac<\/a>, \u00e0 l&rsquo;ouest de Toulouse a cr\u00e9\u00e9 une police de la bienveillance, faute de police municipale. Elle a con\u00e7u et imprim\u00e9 un flyer, un papillon, que le maire, l&rsquo;\u00e9quipe municipale et le personnel technique glissent sous le pare-brise des automobilistes mal gar\u00e9s. Etre p\u00e9dagogue plut\u00f4t que sanctionner. Le maire affirme que c&rsquo;est n\u00e9cessaire notamment le vendredi matin, jour de march\u00e9. Sur place, l&rsquo;id\u00e9e est plut\u00f4t bien appr\u00e9ci\u00e9e.<\/p>\n<p class=\"qg-sr-only\" role=\"heading\" aria-level=\"3\">Pour voir ce contenu, acceptez les cookies.<\/p>\n<p class=\"ConsentNotice-description qg-tx3 svelte-m9wmt1\">Pour afficher ce contenu Instagram, vous devez accepter les cookies <b>R\u00e9seaux Sociaux<\/b>.<br \/>Ces cookies permettent de partager ou r\u00e9agir directement sur les r\u00e9seaux sociaux auxquels vous \u00eates connect\u00e9s ou d&rsquo;int\u00e9grer du contenu initialement post\u00e9 sur ces r\u00e9seaux sociaux. Ils permettent aussi aux r\u00e9seaux sociaux d&rsquo;utiliser vos visites sur nos sites et applications \u00e0 des fins de personnalisation et de ciblage publicitaire.<\/p>\n<p>  G\u00e9rer mes choix     J&rsquo;autorise  <\/p>\n<p>Les administr\u00e9s de L\u00e9vignac d\u00e9couvrent le papillon p\u00e9dagogue qui incite \u00e0 se garer correctement<\/p>\n<p class=\"PopSlotParagraph qg-tx2 qg-xtra-lh svelte-1r0pyek\">Pour se rendre \u00e0 L\u00e9vignac\u00a0depuis Toulouse, il faut traverser la for\u00eat de Braconne. On arrive alors sur un village travers\u00e9 par une route principale. De part et d&rsquo;autre, des commerces, une halle, et gar\u00e9e \u00e0 quelques m\u00e8tres de la mairie, sur le trottoir la voiture de Lisa pr\u00eate \u00e0 d\u00e9marrer. Un gros autocollant rouge \u00e0 moiti\u00e9 d\u00e9coll\u00e9 d\u00e9core son pare-brise. Ce qui est \u00e9crit sur son pare brise? : \u00ab\u00a0Vous \u00eates gar\u00e9 comme une merde?\u00a0\u00bb La jeune femme explique\u00a0: \u00ab\u00a0Et bien en fait, j&rsquo;ai pas le droit de me garer devant chez moi, du coup, je me gare un peu o\u00f9 je peux, car sinon il fat marcher.\u00a0\u00bb Lisa d\u00e9couvre alors la campagne de police de la bienveillance de la mairie et finit par d\u00e9clarer\u00a0: \u00a0\u00bb\u00a0Bon ok moi je ferais mais je ferai gaffe.\u00a0\u00bb<\/p>\n<p class=\"PopSlotParagraph qg-tx2 qg-xtra-lh svelte-1r0pyek\"><strong>Lisa n&rsquo;est pas la seule \u00e0 mal se garer<\/strong>. Cet employ\u00e9 de passage, Nawfal, aussi, il est sur une place livraison\u00a0: \u00ab\u00a0Je fais un arr\u00eat rapide, j&rsquo;a pas le temps (de mieux me garer ndlr).\u00a0\u00bb<\/p>\n<p class=\"PopSlotParagraph qg-tx2 qg-xtra-lh svelte-1r0pyek\">Alors le papillon, \u00ab\u00a0police de la bienveillance\u00a0\u00bb de la mairie, que nous lit l&rsquo;agent immobilier David\u00a0: \u00ab\u00a0Saviez-vous que vous \u00eates gar\u00e9s au mauvais endroit? La prochaine fois, je prends cinq minutes de plus pour trouver une place. Je respecte les droits de tous les usagers. J&rsquo;\u00e9conomise 135\u00a0\u20ac d&rsquo;amende\u00a0\u00bb, et\u00a0bien, <strong>ce papillon est plut\u00f4t appr\u00e9ci\u00e9 par les habitants<\/strong>. Comme Jo\u00eblle\u00a0: \u00ab\u00a0Quand je vais au kin\u00e9, souvent il y a les voitures gar\u00e9es sur le trottoir. Du coup, on est oblig\u00e9, nous pi\u00e9tons sur la route. Et j&rsquo;ai une amie qui handicap\u00e9e qui est en fauteuil. Ben pareil, au m\u00eame endroit, mais la dame suivait, plus personne \u00e0 rousp\u00e9ter. Je me mis un mot sur la voiture, elle pouvait m\u00eame pas passer avec son fauteuil. La bienveillance. Ben il faut que chacun pense un peu \u00e0 l&rsquo;autre aussi.\u00a0\u00bb<\/p>\n<p> La mairie se veut p\u00e9dagogue<\/p>\n<p class=\"PopSlotParagraph qg-tx2 qg-xtra-lh svelte-1r0pyek\"><strong>Le maire, St\u00e9phane Charpentier, explique sa d\u00e9marche<\/strong>\u00a0: \u00ab\u00a0On arrive \u00e0 beaucoup de r\u00e9sultats avec de la p\u00e9dagogie. Ma commune n&rsquo;est pas dot\u00e9e de police municipale. Et puis je ne me vois pas, en tant que maire, avec mon carnet \u00e0 souches, \u00e0 verbaliser. Et on a mis ces petits papillons en place sur les stationnements g\u00eanants, parce que les gens ont pris cette habitude l\u00e0. de sortir de la voiture et enjamber juste le trottoir pour aller acheter sa baguette. Alors qu&rsquo;on dispose de plus de 500 places de parking public \u00e0 L\u00e9vignac, je pense que c&rsquo;est suffisant. Il suffit de marcher quelques pas pour aller faire ses courses.\u00a0\u00bb Le premier magistrat pr\u00e9cise comment s&rsquo;organise la pose des papillons sur les pare-brise\u00a0:\u00a0 \u00ab\u00a0Alors ceux qui les distribuent, c&rsquo;est moi, tous les adjoints et les conseillers qui le souhaitent, ils ont quelques exemplaires. \u00c7a m&rsquo;est arriv\u00e9 encore la semaine derni\u00e8re d&rsquo;en mettre un ou deux.\u00a0\u00bb<\/p>\n<p class=\"PopSlotParagraph qg-tx2 qg-xtra-lh svelte-1r0pyek\">Quand un automobiliste abuse, c&rsquo;est la gendarmerie qui est envoy\u00e9e pour verbaliser.<\/p>\n","protected":false},"excerpt":{"rendered":"En plein milieu de l&rsquo;\u00e9t\u00e9, le 19 ao\u00fbt dernier, la commune de L\u00e9vignac, \u00e0 l&rsquo;ouest de Toulouse a&hellip;\n","protected":false},"author":2,"featured_media":362552,"comment_status":"","ping_status":"","sticky":false,"template":"","format":"standard","meta":{"footnotes":""},"categories":[2816],"tags":[1111,11,1777,674,1011,27,12,2680,25,2312],"class_list":{"0":"post-362551","1":"post","2":"type-post","3":"status-publish","4":"format-standard","5":"has-post-thumbnail","7":"category-toulouse","8":"tag-actu","9":"tag-actualites","10":"tag-eu","11":"tag-europe","12":"tag-fr","13":"tag-france","14":"tag-news","15":"tag-occitanie","16":"tag-republique-francaise","17":"tag-toulouse"},"share_on_mastodon":{"url":"https:\/\/pubeurope.com\/@fr\/115138823639598637","error":""},"_links":{"self":[{"href":"https:\/\/www.europesays.com\/fr\/wp-json\/wp\/v2\/posts\/362551","targetHints":{"allow":["GET"]}}],"collection":[{"href":"https:\/\/www.europesays.com\/fr\/wp-json\/wp\/v2\/posts"}],"about":[{"href":"https:\/\/www.europesays.com\/fr\/wp-json\/wp\/v2\/types\/post"}],"author":[{"embeddable":true,"href":"https:\/\/www.europesays.com\/fr\/wp-json\/wp\/v2\/users\/2"}],"replies":[{"embeddable":true,"href":"https:\/\/www.europesays.com\/fr\/wp-json\/wp\/v2\/comments?post=362551"}],"version-history":[{"count":0,"href":"https:\/\/www.europesays.com\/fr\/wp-json\/wp\/v2\/posts\/362551\/revisions"}],"wp:featuredmedia":[{"embeddable":true,"href":"https:\/\/www.europesays.com\/fr\/wp-json\/wp\/v2\/media\/362552"}],"wp:attachment":[{"href":"https:\/\/www.europesays.com\/fr\/wp-json\/wp\/v2\/media?parent=362551"}],"wp:term":[{"taxonomy":"category","embeddable":true,"href":"https:\/\/www.europesays.com\/fr\/wp-json\/wp\/v2\/categories?post=362551"},{"taxonomy":"post_tag","embeddable":true,"href":"https:\/\/www.europesays.com\/fr\/wp-json\/wp\/v2\/tags?post=362551"}],"curies":[{"name":"wp","href":"https:\/\/api.w.org\/{rel}","templated":true}]}}