{"id":362553,"date":"2025-09-03T05:57:40","date_gmt":"2025-09-03T05:57:40","guid":{"rendered":"https:\/\/www.europesays.com\/fr\/362553\/"},"modified":"2025-09-03T05:57:40","modified_gmt":"2025-09-03T05:57:40","slug":"football-chancel-mbemba-un-nouveau-depart-a-lille","status":"publish","type":"post","link":"https:\/\/www.europesays.com\/fr\/362553\/","title":{"rendered":"Football &#8211; Chancel Mbemba, un nouveau d\u00e9part \u00e0 Lille"},"content":{"rendered":"<p class=\"t-content__chapo\">\n                                                Sans club depuis son d\u00e9part libre de Marseille d\u00e9but juillet, Chancel Mbemba rebondit finalement \u00e0 Lille aux derni\u00e8res heures du mercato estival europ\u00e9en. Le d\u00e9fenseur de la RDC, \u00e2g\u00e9 de 31 ans, prix Marc-Vivien Fo\u00e9 2023, esp\u00e8re retrouver du temps de jeu au LOSC, un an apr\u00e8s son dernier match en Ligue 1.                    <\/p>\n<p><img decoding=\"async\" fetchpriority=\"low\" src=\"https:\/\/www.europesays.com\/fr\/wp-content\/uploads\/2025\/09\/journal-des-sports-afrique-1.png\"   width=\"1024\" height=\"576\" alt=\"Journal des sports Afrique\" loading=\"eager\" class=\"a-img \"\/><\/p>\n<p>                Journal des sports Afrique                \u00a9 Studio Graphique FMM            <\/p>\n","protected":false},"excerpt":{"rendered":"Sans club depuis son d\u00e9part libre de Marseille d\u00e9but juillet, Chancel Mbemba rebondit finalement \u00e0 Lille aux derni\u00e8res&hellip;\n","protected":false},"author":2,"featured_media":362554,"comment_status":"","ping_status":"","sticky":false,"template":"","format":"standard","meta":{"footnotes":""},"categories":[2815],"tags":[1111,11,1777,674,63,1011,27,811,49756,66,1307,12,25,60],"class_list":{"0":"post-362553","1":"post","2":"type-post","3":"status-publish","4":"format-standard","5":"has-post-thumbnail","7":"category-lille","8":"tag-actu","9":"tag-actualites","10":"tag-eu","11":"tag-europe","12":"tag-football","13":"tag-fr","14":"tag-france","15":"tag-hauts-de-france","16":"tag-journal-des-sports-afrique","17":"tag-ligue-1","18":"tag-lille","19":"tag-news","20":"tag-republique-francaise","21":"tag-sports"},"share_on_mastodon":{"url":"https:\/\/pubeurope.com\/@fr\/115138831828273117","error":""},"_links":{"self":[{"href":"https:\/\/www.europesays.com\/fr\/wp-json\/wp\/v2\/posts\/362553","targetHints":{"allow":["GET"]}}],"collection":[{"href":"https:\/\/www.europesays.com\/fr\/wp-json\/wp\/v2\/posts"}],"about":[{"href":"https:\/\/www.europesays.com\/fr\/wp-json\/wp\/v2\/types\/post"}],"author":[{"embeddable":true,"href":"https:\/\/www.europesays.com\/fr\/wp-json\/wp\/v2\/users\/2"}],"replies":[{"embeddable":true,"href":"https:\/\/www.europesays.com\/fr\/wp-json\/wp\/v2\/comments?post=362553"}],"version-history":[{"count":0,"href":"https:\/\/www.europesays.com\/fr\/wp-json\/wp\/v2\/posts\/362553\/revisions"}],"wp:featuredmedia":[{"embeddable":true,"href":"https:\/\/www.europesays.com\/fr\/wp-json\/wp\/v2\/media\/362554"}],"wp:attachment":[{"href":"https:\/\/www.europesays.com\/fr\/wp-json\/wp\/v2\/media?parent=362553"}],"wp:term":[{"taxonomy":"category","embeddable":true,"href":"https:\/\/www.europesays.com\/fr\/wp-json\/wp\/v2\/categories?post=362553"},{"taxonomy":"post_tag","embeddable":true,"href":"https:\/\/www.europesays.com\/fr\/wp-json\/wp\/v2\/tags?post=362553"}],"curies":[{"name":"wp","href":"https:\/\/api.w.org\/{rel}","templated":true}]}}