{"id":362555,"date":"2025-09-03T05:58:15","date_gmt":"2025-09-03T05:58:15","guid":{"rendered":"https:\/\/www.europesays.com\/fr\/362555\/"},"modified":"2025-09-03T05:58:15","modified_gmt":"2025-09-03T05:58:15","slug":"on-fait-quoi-ce-week-end-du-5-au-7-septembre-a-marseille-et-dans-les-bouches-du-rhone-bouches-du-rhone","status":"publish","type":"post","link":"https:\/\/www.europesays.com\/fr\/362555\/","title":{"rendered":"On fait quoi ce week-end du 5 au 7 septembre \u00e0 Marseille et dans les Bouches-du-Rh\u00f4ne ? &#8211; Bouches du Rh\u00f4ne"},"content":{"rendered":"<p>Envie de sorties en famille, de f\u00eates traditionnelles ou de tester des activit\u00e9s sportives ? Ce premier week-end de septembre dans les Bouches-du-Rh\u00f4ne promet une belle diversit\u00e9 d\u2019\u00e9v\u00e9nements pour petits et grands ! <strong>Voici une s\u00e9lection des rendez-vous \u00e0 ne pas manquer.<\/strong><\/p>\n<p>&#13;<br \/>\n&#13;<\/p>\n<p>\t\t\t\tNotre s\u00e9lection de temps forts pour ce\u00a0 week-end\u00a0du 5 au 7septembre\u00a0c&rsquo;est par ici :\u00a0&#13;<br \/>\n&#13;<br \/>\nLes sorties \u00e0 ne pas rater ce weekend \u00e0 Marseille !&#13;<br \/>\n&#13;<br \/>\n\u00a0&#13;<br \/>\nUne enqu\u00eate th\u00e9\u00e2trale et d\u00e9cal\u00e9e au Ch\u00e2teau d&rsquo;If &#8211;\u00a0samedi 6 septembre\u00a0&#13;<\/p>\n<p>Le ch\u00e2teau d&rsquo;If accueille une visite th\u00e9\u00e2tralis\u00e9e o\u00f9 l&rsquo;imaginaire prend le pas sur l&rsquo;Histoire. Entre enqu\u00eate fictive et humour absurde, le collectif marseillais L&rsquo;Agonie du Palmier propose une autre fa\u00e7on de d\u00e9couvrir le monument.<\/p>\n<p>&#13;<\/p>\n<p> &#13;<br \/>\n&#13;<br \/>\n\u00a0La grande braderie du centre ville \u00e0 Marseille\u00a0revient samedi 6 septembre\u00a0&#13;<\/p>\n<p>Tout au long de la journ\u00e9e, d\u00e9ambulez dans le centre-ville, pi\u00e9tonnis\u00e9 en partie pour l\u2019\u00e9v\u00e9nement, \u00e0 la recherche des bonnes affaires !<\/p>\n<p>&#13;<\/p>\n<p> &#13;<br \/>\n&#13;<br \/>\n\u00a0Grand march\u00e9 Kouss.Kouss sur le Vieux-Port\u00a0 7 septembre&#13;<\/p>\n<p>Cl\u00f4ture du festival Kouss.Kouss\u00a0sur le Vieux-Port avec :<\/p>\n<p>&#13;<\/p>\n<p>&#8211; des dizaines d&rsquo;exposants, producteurs de pois chiches et artisans locaux,<br \/>&#8211; d\u00e9monstrations culinaires,<br \/>&#8211; la Carriole Kous.Kous qui propose des recettes issues du livre Couscous ! Le meilleur, c\u2019est celui de ma m\u00e8re de Marie-Jos\u00e9e Ordener et Emmanuel Perrodin.<\/p>\n<p>&#13;<\/p>\n<p>\u00a0  <\/p>\n<p> &#13;<br \/>\n&#13;<br \/>\nVivacit\u00e9, le festival des associations marseillaises\u00a0&#8211; 7 septembre&#13;<\/p>\n<p>Vivacit\u00e9, le festival des associations marseillaises, aura lieu le 7 septembre 2025, de 10h \u00e0 18h30, sur le Vieux-Port avec\u00a0plus de 400 associations qui proposent une pl\u00e9iade d&rsquo;activit\u00e9s et de loisirs pour pr\u00e9parer la rentr\u00e9e.<\/p>\n<p>&#13;<br \/>\n&#13;<br \/>\n&#13;<br \/>\nCe dimanche, on visite gratuitement les expositions temporaires des Mus\u00e9es de Marseille\u00a0&#8211; 7 septembre&#13;<\/p>\n<p style=\"margin-left: 30px;\">Chaque premier\u00a0dimanche du mois, on visite gratuitement les expositions temporaires des Mus\u00e9es de Marseille. Alors que voir ? Voil\u00e0 quelques suggestions !<\/p>\n<p>&#13;<\/p>\n<p> &#13;<br \/>\n&#13;<br \/>\n\u00a0Et de nombreux temps forts dans les Bouches-du-Rh\u00f4ne&#13;<br \/>\n&#13;<br \/>\nLes Fl\u00e2neries au Miroir\u00a0\u00e0 Martigues\u00a0du 6 au 7 septembre&#13;<\/p>\n<p class=\"text-body2 q-py-sm\" style=\"margin-left: 30px;\">Le temps d&rsquo;un week-end les masqu\u00e9s v\u00e9nitiens de France s&rsquo;approprient la Venise proven\u00e7ale, les 6 et 7 septembre.<\/p>\n<p>&#13;<\/p>\n<p>\t<a href=\"https:\/\/www.frequence-sud.fr\/art-49673-les_flaneries_au_miroir__martigues\" rel=\"nofollow noopener\" target=\"_blank\"><\/p>\n<p>               <img decoding=\"async\" src=\"https:\/\/www.europesays.com\/fr\/wp-content\/uploads\/2025\/09\/a49673.jpg\" alt=\"Les Fl\u00e2neries au Miroir \" border=\"0\" class=\"ph_200\" loading=\"lazy\"\/><\/p>\n<p>     <\/a>   <\/p>\n<p> &#13;<br \/>\n&#13;<br \/>\n\u00a0F\u00eate votive de Graveson\u00a0tout le week-end\u00a0&#13;<\/p>\n<p style=\"margin-left: 30px;\"><strong>F\u00eate foraine, soir\u00e9es, animations, forum des associations&#8230; Graveson est en f\u00eate du 4 au 7 septembre, d\u00e9couvrez le programme des animations !<\/strong><\/p>\n<p>&#13;<\/p>\n<p class=\"text-body1 poi-description-long gt-sm content-ellipsis\" data-v-0ccc5f5a=\"\">\u00a0  <\/p>\n<p>\t<a href=\"https:\/\/www.frequence-sud.fr\/art-49426-fete_votive_de_graveson__graveson\" rel=\"nofollow noopener\" target=\"_blank\"><\/p>\n<p>               <img decoding=\"async\" src=\"https:\/\/www.europesays.com\/fr\/wp-content\/uploads\/2025\/09\/a49426.jpg\" alt=\"F\u00eate votive de Graveson \" border=\"0\" class=\"ph_200\" loading=\"lazy\"\/><\/p>\n<p>     <\/a>   <\/p>\n<p> &#13;<br \/>\n&#13;<\/p>\n<p class=\"text-body1 poi-description-long gt-sm content-ellipsis\" data-v-0ccc5f5a=\"\">\u00a0<\/p>\n<p>&#13;<br \/>\nForums des associations\u00a0ce weekend dans les Bouches-du-Rh\u00f4ne&#13;<\/p>\n<p style=\"margin-left: 30px;\">Les forums des associations sont parfaits pour d\u00e9couvrir les activit\u00e9s propos\u00e9es dans votre ville. Nous avons s\u00e9lectionn\u00e9 les forums des associations organis\u00e9s en cette rentr\u00e9e de septembre 2025 dans les Bouches-du-Rh\u00f4ne.<\/p>\n<p>&#13;<\/p>\n<p class=\"text-body1 poi-description-long gt-sm content-ellipsis\" data-v-0ccc5f5a=\"\">\u00a0  <\/p>\n<p> &#13;<br \/>\n&#13;<br \/>\nLuminiscence\u00a0\u00e0 Aix en Provence&#13;<\/p>\n<p data-start=\"2298\" data-end=\"2616\">D\u00e8s le 4 juillet, franchissez les portes de la Cath\u00e9drale Saint-Sauveur et plongez dans la l\u00e9gende ! D\u00e9couvrez un spectacle m\u00ealant histoire, vid\u00e9o mapping \u00e0 360 degr\u00e9s et musique live dans l&rsquo;un des plus anciens monuments au coeur d&rsquo;Aix-en-Provence.<\/p>\n<p>&#13;<\/p>\n<p> &#13;<br \/>\n&#13;<br \/>\nVivez un spectacle voyage dans le temps au Rocher Mistral&#13;<\/p>\n<p>Le Rocher Mistral est un parc de loisirs unique en Provence. Il fait vivre un voyage extraordinaire dans le temps \u00e0 travers 11 spectacles et de nombreuses animations \u00e0 partager en famille. Cascades, com\u00e9die, danse, combats \u00e0 l&rsquo;\u00e9p\u00e9e, son et lumi\u00e8re \u00e9merveillent le public au coeur du ch\u00e2teau mill\u00e9naire de La Barben. En journ\u00e9e ou en soir\u00e9e, vivez l&rsquo;aventure au Rocher Mistral!<\/p>\n<p>&#13;<\/p>\n<p> &#13;<br \/>\nExpos et \u00e9v\u00e9nements autour de Cezanne \u00e0 Aix en Provence&#13;<\/p>\n<p>Expositions majeures, r\u00e9ouvertures de sites embl\u00e9matiques, parcours p\u00e9dagogiques\u2026 c\u2019est toute une ville qui vit au rythme de Paul C\u00e9zanne<\/p>\n<p> &#13;<\/p>\n<p>\u00a0<\/p>\n<p>&#13;<br \/>\nExposition \u00e9v\u00e9nement au Mucem : Lire le ciel Sous les \u00e9toiles en M\u00e9diterran\u00e9e&#13;<\/p>\n<p>Du 9 juillet 2025 au 5 janvier 2026, le Mucem invite \u00e0 lever les yeux vers la vo\u00fbte c\u00e9leste. L\u2019exposition \u00ab\u202fLire le ciel \u2013 Sous les \u00e9toiles en M\u00e9diterran\u00e9e\u202f\u00bb explore la mani\u00e8re dont les soci\u00e9t\u00e9s m\u00e9diterran\u00e9ennes ont observ\u00e9, interpr\u00e9t\u00e9 et repr\u00e9sent\u00e9 le ciel nocturne au fil des mill\u00e9naires.Une fascinante travers\u00e9e c\u00e9leste au Mucem&#8230;<\/p>\n<p>&#13;<\/p>\n<p> &#13;<\/p>\n<p>\u00a0<\/p>\n<p>&#13;<br \/>\n&#13;<br \/>\nUn week-end en spectacles et concerts&#13;<\/p>\n<p>Plut\u00f4t th\u00e9\u00e2tre classique ou exp\u00e9rimental ? Musique rock ou classique ? Peu importe ! Quels que soient vos go\u00fbts musicaux vous trouverez dans cette rubrique l&rsquo;agenda des concerts programm\u00e9s ce week-end \u00e0 Marseille et dans les Bouches du Rh\u00f4ne.<\/p>\n<p>&#13;<\/p>\n<p>C\u00f4t\u00e9 th\u00e9\u00e2tre la suggestion fluctue naturellement en fonction de la programmation des salles du d\u00e9partement. Th\u00e9\u00e2tre de la Cri\u00e9e, Badaboum Th\u00e9\u00e2tre pour les familles, ou encore Th\u00e9\u00e2tre des Salins \u00e0 Martiques&#8230;d\u00e9couvrez ce que vous r\u00e9servent les salles de spectacles des Bouches du Rh\u00f4ne ce week-end.<\/p>\n<p>&#13;<br \/>\nAix En Provence<br \/>\n\t\t\t\t Marseille<br \/>Saint-Cannat<br \/>\n\t\t\t\t Salernes<br \/>\n\t\t\t\t Salon-De-Provence<br \/>\n\t\t\t\t &#13;<br \/>\n<a href=\"https:\/\/www.europesays.com\/fr\/wp-content\/uploads\/2025\/04\/5034.jpg\" data-fancybox=\"gallery\" class=\"grouped_elements\" rel=\"example_group\"><img decoding=\"async\" src=\"https:\/\/www.europesays.com\/fr\/wp-content\/uploads\/2025\/04\/5034.jpg\" class=\"include_img\" loading=\"lazy\"\/><\/a>&#13;<br \/>\nUn week-end de f\u00eates et de loisirs&#13;<\/p>\n<p>F\u00eate populaire ? F\u00eate gourmande ? En avant les loisirs ! Profitez de ce week-end pour vous offrir une parenth\u00e8se conviviale en participant \u00e0 l&rsquo;une des festivit\u00e9s organis\u00e9es \u00e0 Marseille ou dans les Bouches du Rh\u00f4ne.<\/p>\n<p>&#13;<\/p>\n<p>Une rubrique sp\u00e9cialement pens\u00e9e pour ceux qui aiment : bouger, rire, bien manger. Aix, Marseille, Salon de Provence, Aubagne&#8230;retrouvez vos loisirs du week-end !<\/p>\n<p>&#13;<br \/>\nAix en Provence<br \/>\n\t\t\t\t Allauch<br \/>\n\t\t\t\t Arles<br \/>\n\t\t\t\t Auriol<br \/>\n\t\t\t\t Cassis<br \/>\n\t\t\t\t Gardanne<br \/>Graveson<br \/>\n\t\t\t\t Istres<br \/>\n\t\t\t\t Lancon-Provence<br \/>\n\t\t\t\t Les Baux De Provence<br \/>\n\t\t\t\t Marseille<br \/>Martigues<br \/>Miramas<br \/>Saint-Cannat<br \/>\n\t\t\t\t Salernes<br \/>\n\t\t\t\t Salon-De-Provence<br \/>&#13;<br \/>\n<a href=\"https:\/\/www.europesays.com\/fr\/wp-content\/uploads\/2025\/04\/5035.jpg\" data-fancybox=\"gallery\" class=\"grouped_elements\" rel=\"example_group\"><img decoding=\"async\" src=\"https:\/\/www.europesays.com\/fr\/wp-content\/uploads\/2025\/04\/5035.jpg\" class=\"include_img\" loading=\"lazy\"\/><\/a>&#13;<br \/>\nUn week-end d&rsquo;expositions&#13;<\/p>\n<p>Pourquoi ne pas profiter du week-end pour d\u00e9couvrir les expositions programm\u00e9es dans les mus\u00e9es des Bouches du Rh\u00f4ne ? Entre grandes expositions incontournables port\u00e9es par des structures phares, et expositions plus intimes&#8230;il y en a pour tous les go\u00fbts !<\/p>\n<p>&#13;<\/p>\n<p>Photographie, peinture, art contemporain,&#8230; les lieux culturels rivalisent d&rsquo;ing\u00e9niosit\u00e9 pour vous offrir un moment artistique. D\u00e9couvrez la liste des expositions programm\u00e9es en ce moment \u00e0 Marseille et dans les Bouches du Rh\u00f4ne !<\/p>\n<p>&#13;<\/p>\n<p>A savourer le week-end seul, en couple, entre amis ou en famille.\u00a0<\/p>\n<p>&#13;<br \/>\nAix En Provence<br \/>Arles<br \/>Carry-Le-Rouet<br \/>\n\t\t\t\t Draguignan<br \/>\n\t\t\t\t Gardanne<br \/>\n\t\t\t\t Le Tholonet<br \/>\n\t\t\t\t Les Baux de Provence<br \/>Marseille<br \/>Saint-Remy-De-Provence<br \/>\n\t\t\t\t Salon-De-Provence<br \/>\n\t\t\t\t &#13;<\/p>\n<p>\u00a0<\/p>\n<p>&#13;<br \/>\n&#13;<\/p>\n<p>\u00a0<\/p>\n","protected":false},"excerpt":{"rendered":"Envie de sorties en famille, de f\u00eates traditionnelles ou de tester des activit\u00e9s sportives ? Ce premier week-end&hellip;\n","protected":false},"author":2,"featured_media":362556,"comment_status":"","ping_status":"","sticky":false,"template":"","format":"standard","meta":{"footnotes":""},"categories":[2814],"tags":[1111,11,1777,674,1011,27,884,12,882,25],"class_list":{"0":"post-362555","1":"post","2":"type-post","3":"status-publish","4":"format-standard","5":"has-post-thumbnail","7":"category-marseille","8":"tag-actu","9":"tag-actualites","10":"tag-eu","11":"tag-europe","12":"tag-fr","13":"tag-france","14":"tag-marseille","15":"tag-news","16":"tag-provence-alpes-cote-dazur","17":"tag-republique-francaise"},"share_on_mastodon":{"url":"https:\/\/pubeurope.com\/@fr\/115138835639215087","error":""},"_links":{"self":[{"href":"https:\/\/www.europesays.com\/fr\/wp-json\/wp\/v2\/posts\/362555","targetHints":{"allow":["GET"]}}],"collection":[{"href":"https:\/\/www.europesays.com\/fr\/wp-json\/wp\/v2\/posts"}],"about":[{"href":"https:\/\/www.europesays.com\/fr\/wp-json\/wp\/v2\/types\/post"}],"author":[{"embeddable":true,"href":"https:\/\/www.europesays.com\/fr\/wp-json\/wp\/v2\/users\/2"}],"replies":[{"embeddable":true,"href":"https:\/\/www.europesays.com\/fr\/wp-json\/wp\/v2\/comments?post=362555"}],"version-history":[{"count":0,"href":"https:\/\/www.europesays.com\/fr\/wp-json\/wp\/v2\/posts\/362555\/revisions"}],"wp:featuredmedia":[{"embeddable":true,"href":"https:\/\/www.europesays.com\/fr\/wp-json\/wp\/v2\/media\/362556"}],"wp:attachment":[{"href":"https:\/\/www.europesays.com\/fr\/wp-json\/wp\/v2\/media?parent=362555"}],"wp:term":[{"taxonomy":"category","embeddable":true,"href":"https:\/\/www.europesays.com\/fr\/wp-json\/wp\/v2\/categories?post=362555"},{"taxonomy":"post_tag","embeddable":true,"href":"https:\/\/www.europesays.com\/fr\/wp-json\/wp\/v2\/tags?post=362555"}],"curies":[{"name":"wp","href":"https:\/\/api.w.org\/{rel}","templated":true}]}}