{"id":362557,"date":"2025-09-03T05:59:14","date_gmt":"2025-09-03T05:59:14","guid":{"rendered":"https:\/\/www.europesays.com\/fr\/362557\/"},"modified":"2025-09-03T05:59:14","modified_gmt":"2025-09-03T05:59:14","slug":"les-habitants-denoncent-une-ville-devenue-invivable","status":"publish","type":"post","link":"https:\/\/www.europesays.com\/fr\/362557\/","title":{"rendered":"les habitants d\u00e9noncent une ville \u00abdevenue invivable\u00bb"},"content":{"rendered":"<p class=\"intro \">Une attaque au couteau dans le quartier de Belsunce \u00e0 Marseille a fait cinq bless\u00e9s ce mardi 2 septembre. Le suspect a \u00e9t\u00e9 abattu par les forces de l&rsquo;ordre apr\u00e8s avoir d\u00e9ambul\u00e9 dans le centre-ville arm\u00e9 d&rsquo;une matraque et d&rsquo;un couteaux. Quelques habitants t\u00e9moignent et font part de leur d\u00e9sarroi.<\/p>\n<p><a href=\"https:\/\/www.europe1.fr\/dossiers\/marseille\" rel=\"nofollow noopener\" target=\"_blank\">Marseille<\/a>\u00a0est sous le choc apr\u00e8s l&rsquo;attaque au couteau survenue dans le 1er arrondissement de la cit\u00e9 phoc\u00e9enne, \u00e0 proximit\u00e9 d\u2019un commerce situ\u00e9 cours Belsunce. Cinq personnes ont \u00e9t\u00e9 bless\u00e9es par l&rsquo;assaillant, un Tunisien en situation r\u00e9guli\u00e8re qui venait d\u2019\u00eatre expuls\u00e9 d\u2019un h\u00f4tel de la rue des Petites Maries. Arm\u00e9 d&rsquo;un <a href=\"https:\/\/www.europe1.fr\/Police-Justice\/paris-un-homme-recoit-cinq-coups-de-couteau-a-une-station-de-tramway-alors-quil-defendait-sa-compagne-lagresseur-interpelle-par-les-forces-de-lordre-769894\" rel=\"nofollow noopener\" target=\"_blank\">couteau<\/a>\u00a0et d&rsquo;une matraque, il a \u00e9t\u00e9 abattu par les forces de l&rsquo;ordre. L&rsquo;une des victimes est dans un \u00e9tat critique.<\/p>\n<p>    La suite apr\u00e8s cette publicit\u00e9<\/p>\n<p>    La suite apr\u00e8s cette publicit\u00e9<\/p>\n<p>\u00ab\u00a0On n&rsquo;est m\u00eame plus \u00e9tonn\u00e9\u00a0\u00bb<\/p>\n<p>Des trams \u00e0 l&rsquo;arr\u00eat, des rues bloqu\u00e9es et partout des policiers en armes&#8230; Le centre-ville de Marseille\u00a0\u00e9tait difficile d&rsquo;acc\u00e8s, durant une partie de l&rsquo;apr\u00e8s-midi, le\u00a0cours Belsunce \u00e9tant boucl\u00e9 sur plusieurs dizaines de m\u00e8tres. La d\u00e9pouille de l&rsquo;agresseur \u00e9tait \u00e9tendue sous une tente blanche.\u00a0Malik, un habitant du quartier, a assist\u00e9 \u00e0 la sc\u00e8ne.\u00a0\u00ab\u00a0Il a couru, il est sorti. La police \u00e9tait l\u00e0 tout de suite. Ils lui ont demander d&rsquo;arr\u00eater de fuir, mais il ne s&rsquo;est pas arr\u00eat\u00e9 et il est tomb\u00e9. C&rsquo;est incroyable ce qui se passe\u00a0\u00bb, confie-t-il, encore sous le choc.\u00a0<\/p>\n<p>\u00c0 quelques pas de la sc\u00e8ne de crime, cantonn\u00e9s derri\u00e8re les balises de la police, certains badauds regardent en boucle les vid\u00e9os o\u00f9 l&rsquo;on voit les policiers stopper l&rsquo;agresseur. Un commer\u00e7ant explique qu&rsquo;il \u00e9tait \u00e0 l&rsquo;int\u00e9rieur de son magasin, au moment o\u00f9 les tires ont retenti. \u00ab\u00a0J&rsquo;ai entendu et j&rsquo;ai pens\u00e9 que c&rsquo;\u00e9taient les enfants qui jouaient au p\u00e9tard parce que \u00e7a arrive souvent. Mais c&rsquo;\u00e9tait le coup de feu. D&rsquo;un c\u00f4t\u00e9, c&rsquo;est bien qu&rsquo;il ait \u00e9t\u00e9 neutralis\u00e9 rapidement, mais de l&rsquo;autre c\u00f4t\u00e9, c&rsquo;est un peu choquant quand m\u00eame\u00a0\u00bb.\u00a0<\/p>\n<p>    La suite apr\u00e8s cette publicit\u00e9<\/p>\n<p>    La suite apr\u00e8s cette publicit\u00e9<\/p>\n<p>Anne-Marie vit depuis 40 ans \u00e0 Marseille et avoue \u00eatre r\u00e9sign\u00e9e. \u00ab\u00a0Oui \u00e7a devient habituel, on n&rsquo;est m\u00eame plus \u00e9tonn\u00e9, c&rsquo;est une ville qui est devenue tr\u00e8s violente et invivable, \u00e7a peut \u00eatre \u00e0 tout moment\u00a0\u00bb, d\u00e9plore-t-elle. Un sentiment partag\u00e9 par de nombreux habitants.<\/p>\n","protected":false},"excerpt":{"rendered":"Une attaque au couteau dans le quartier de Belsunce \u00e0 Marseille a fait cinq bless\u00e9s ce mardi 2&hellip;\n","protected":false},"author":2,"featured_media":362558,"comment_status":"","ping_status":"","sticky":false,"template":"","format":"standard","meta":{"footnotes":""},"categories":[2814],"tags":[1111,11,1777,674,1011,27,884,12,882,25],"class_list":{"0":"post-362557","1":"post","2":"type-post","3":"status-publish","4":"format-standard","5":"has-post-thumbnail","7":"category-marseille","8":"tag-actu","9":"tag-actualites","10":"tag-eu","11":"tag-europe","12":"tag-fr","13":"tag-france","14":"tag-marseille","15":"tag-news","16":"tag-provence-alpes-cote-dazur","17":"tag-republique-francaise"},"share_on_mastodon":{"url":"https:\/\/pubeurope.com\/@fr\/115138839417646200","error":""},"_links":{"self":[{"href":"https:\/\/www.europesays.com\/fr\/wp-json\/wp\/v2\/posts\/362557","targetHints":{"allow":["GET"]}}],"collection":[{"href":"https:\/\/www.europesays.com\/fr\/wp-json\/wp\/v2\/posts"}],"about":[{"href":"https:\/\/www.europesays.com\/fr\/wp-json\/wp\/v2\/types\/post"}],"author":[{"embeddable":true,"href":"https:\/\/www.europesays.com\/fr\/wp-json\/wp\/v2\/users\/2"}],"replies":[{"embeddable":true,"href":"https:\/\/www.europesays.com\/fr\/wp-json\/wp\/v2\/comments?post=362557"}],"version-history":[{"count":0,"href":"https:\/\/www.europesays.com\/fr\/wp-json\/wp\/v2\/posts\/362557\/revisions"}],"wp:featuredmedia":[{"embeddable":true,"href":"https:\/\/www.europesays.com\/fr\/wp-json\/wp\/v2\/media\/362558"}],"wp:attachment":[{"href":"https:\/\/www.europesays.com\/fr\/wp-json\/wp\/v2\/media?parent=362557"}],"wp:term":[{"taxonomy":"category","embeddable":true,"href":"https:\/\/www.europesays.com\/fr\/wp-json\/wp\/v2\/categories?post=362557"},{"taxonomy":"post_tag","embeddable":true,"href":"https:\/\/www.europesays.com\/fr\/wp-json\/wp\/v2\/tags?post=362557"}],"curies":[{"name":"wp","href":"https:\/\/api.w.org\/{rel}","templated":true}]}}