{"id":362559,"date":"2025-09-03T06:00:10","date_gmt":"2025-09-03T06:00:10","guid":{"rendered":"https:\/\/www.europesays.com\/fr\/362559\/"},"modified":"2025-09-03T06:00:10","modified_gmt":"2025-09-03T06:00:10","slug":"la-qualite-de-lair-toujours-relativement-bonne","status":"publish","type":"post","link":"https:\/\/www.europesays.com\/fr\/362559\/","title":{"rendered":"la qualit\u00e9 de l&rsquo;air toujours relativement bonne"},"content":{"rendered":"<p class=\"content\" style=\"font-size:1.2em;font-weight:700\">La qualit\u00e9 de l&rsquo;air sera toujours bonne \u00e0 moyenne ce mercredi 3 septembre \u00e0 Lyon et dans l&rsquo;agglom\u00e9ration lyonnaise.<\/p>\n<p>Ce mercredi 3 septembre, malgr\u00e9 le retour du soleil et des temp\u00e9ratures en l\u00e9g\u00e8re hausse <a href=\"https:\/\/www.lyoncapitale.fr\/actualite\/une-journee-ensoleillee-et-estivale-ce-mercredi-jusqu-a-27-degres-attendus\" target=\"_blank\" rel=\"noreferrer noopener nofollow\">(il fera jusqu&rsquo;\u00e0 27 degr\u00e9s dans l&rsquo;apr\u00e8s-midi<\/a>), la qualit\u00e9 de l&rsquo;air restera moyenne \u00e0 bonne \u00e0 Lyon et dans toute la m\u00e9tropole de Lyon. Si les niveaux d&rsquo;ozone augmenteront l\u00e9g\u00e8rement, les concentrations en particules fines et dioxyde de soufre seront bons.<\/p>\n<p>Hormis autour des grands axes de circulation comme la M6 et la M7, Atmo, l&rsquo;observatoire de la qualit\u00e9 de l&rsquo;air en Auvergne-Rh\u00f4ne-Alpes classe la r\u00e9gion lyonnaise comme bonne.<\/p>\n","protected":false},"excerpt":{"rendered":"La qualit\u00e9 de l&rsquo;air sera toujours bonne \u00e0 moyenne ce mercredi 3 septembre \u00e0 Lyon et dans l&rsquo;agglom\u00e9ration&hellip;\n","protected":false},"author":2,"featured_media":10164,"comment_status":"","ping_status":"","sticky":false,"template":"","format":"standard","meta":{"footnotes":""},"categories":[1889],"tags":[1111,11,2430,1777,674,1011,27,2428,12,25],"class_list":{"0":"post-362559","1":"post","2":"type-post","3":"status-publish","4":"format-standard","5":"has-post-thumbnail","7":"category-lyon","8":"tag-actu","9":"tag-actualites","10":"tag-auvergne-rhone-alpes","11":"tag-eu","12":"tag-europe","13":"tag-fr","14":"tag-france","15":"tag-lyon","16":"tag-news","17":"tag-republique-francaise"},"share_on_mastodon":{"url":"https:\/\/pubeurope.com\/@fr\/115138843735731127","error":""},"_links":{"self":[{"href":"https:\/\/www.europesays.com\/fr\/wp-json\/wp\/v2\/posts\/362559","targetHints":{"allow":["GET"]}}],"collection":[{"href":"https:\/\/www.europesays.com\/fr\/wp-json\/wp\/v2\/posts"}],"about":[{"href":"https:\/\/www.europesays.com\/fr\/wp-json\/wp\/v2\/types\/post"}],"author":[{"embeddable":true,"href":"https:\/\/www.europesays.com\/fr\/wp-json\/wp\/v2\/users\/2"}],"replies":[{"embeddable":true,"href":"https:\/\/www.europesays.com\/fr\/wp-json\/wp\/v2\/comments?post=362559"}],"version-history":[{"count":0,"href":"https:\/\/www.europesays.com\/fr\/wp-json\/wp\/v2\/posts\/362559\/revisions"}],"wp:featuredmedia":[{"embeddable":true,"href":"https:\/\/www.europesays.com\/fr\/wp-json\/wp\/v2\/media\/10164"}],"wp:attachment":[{"href":"https:\/\/www.europesays.com\/fr\/wp-json\/wp\/v2\/media?parent=362559"}],"wp:term":[{"taxonomy":"category","embeddable":true,"href":"https:\/\/www.europesays.com\/fr\/wp-json\/wp\/v2\/categories?post=362559"},{"taxonomy":"post_tag","embeddable":true,"href":"https:\/\/www.europesays.com\/fr\/wp-json\/wp\/v2\/tags?post=362559"}],"curies":[{"name":"wp","href":"https:\/\/api.w.org\/{rel}","templated":true}]}}