{"id":362560,"date":"2025-09-03T06:01:22","date_gmt":"2025-09-03T06:01:22","guid":{"rendered":"https:\/\/www.europesays.com\/fr\/362560\/"},"modified":"2025-09-03T06:01:22","modified_gmt":"2025-09-03T06:01:22","slug":"que-faire-a-lyon-en-famille-ce-week-end-6-et-7-septembre-2025","status":"publish","type":"post","link":"https:\/\/www.europesays.com\/fr\/362560\/","title":{"rendered":"Que faire \u00e0 Lyon en famille ce week-end (6 et 7 septembre 2025) ?"},"content":{"rendered":"<p>\t\t\t\t\t\t\t\t<img data-recalc-dims=\"1\" loading=\"lazy\" decoding=\"async\" class=\"aligncenter wp-image-21673 size-medium\" src=\"https:\/\/www.europesays.com\/fr\/wp-content\/uploads\/2025\/09\/504.jpg\" alt=\"Par ici les bons plans de Lyon Family Crunch \u00e0 faire avec vos kids ce week-end du 6 et 7 septembre 2025 !\" width=\"800\" height=\"533\"  \/><\/p>\n<p>Tchao la morosit\u00e9 de la rentr\u00e9e, on rallonge un peu les vacances avec le retour de nos bons plans du week-end \u00e0 faire en famille. Et le premier de septembre s\u2019annonce comme une aire de jeu g\u00e9ante pour tous.<\/p>\n<p>Entre un festival de l\u2019imaginaire XXL, une kermesse pour tous, de l\u2019escalade gratuite, des ateliers pour petits h\u00e9ros ou encore une grande f\u00eate en plein air, toute la famille va se r\u00e9galer de cette fin de semaine grandiose.\u00a0 On vous embarque avec nous pour cette s\u00e9lection 100% joyeuse !<\/p>\n<p>Samedi 6 septembre 2025<br \/>\n10h00\uff5cFestival Yggdrasil Fort Fort Lointain \u00e0 l\u2019Hippodrome de Parilly (Bron)\uff5cpour tous<\/p>\n<p><img data-recalc-dims=\"1\" loading=\"lazy\" decoding=\"async\" class=\"aligncenter wp-image-22986 size-full\" src=\"https:\/\/www.europesays.com\/fr\/wp-content\/uploads\/2025\/09\/Yggdrasil-sept-2025.jpg\" alt=\"Yggdrasil f\u00eate ses 10 bougies les 6 et 7 septembre 2025 et vous embarque Fort Fort Lointain pour un week-end fantastique ! \" width=\"720\" height=\"312\"  \/><\/p>\n<p>Le <strong data-start=\"98\" data-end=\"120\">Festival Yggdrasil<\/strong> f\u00eate <strong>ses 10 ans<\/strong> et promet une \u00e9dition encore plus magique, immersive et fun ! Au programme : <strong>univers th\u00e9matiques<\/strong> repens\u00e9s (contes de f\u00e9es, m\u00e9di\u00e9val-fantasy, steampunk, sorcellerie), invit\u00e9s de la <strong>pop culture<\/strong>, <strong>animations in\u00e9dites<\/strong> et<strong> spectacles grandioses<\/strong>. Direction l\u2019<strong>Hippodrome de Parilly<\/strong> pour cette \u00e9dition anniversaire au c\u0153ur de l\u2019imaginaire.<\/p>\n<p>\ud83d\udcc6 Samedi 6 et dimanche 7 septembre de 10h \u00e0 18h<br \/>\ud83d\udc5b Tarifs : d\u00e8s 8\u20ac<br \/><strong>\ud83d\udc49 <a href=\"https:\/\/www.facebook.com\/events\/2564281670603545\/?acontext=%7B%22event_action_history%22%3A[%7B%22mechanism%22%3A%22discovery_local_tab%22%2C%22surface%22%3A%22bookmark%22%7D]%2C%22ref_notif_type%22%3Anull%7D\" target=\"_blank\" rel=\"noopener nofollow\">Plus d\u2019infos<\/a><\/strong><\/p>\n<p>11h00\uff5c La Kermesse des Mains Libres au Heat Lyon (Lyon 2)\uff5cpour tous<\/p>\n<p><img data-recalc-dims=\"1\" loading=\"lazy\" decoding=\"async\" class=\"aligncenter wp-image-22976 size-medium\" src=\"https:\/\/www.europesays.com\/fr\/wp-content\/uploads\/2025\/09\/Kermesse-les-Mains-Libres-sept-25.jpg\" alt=\"Ce samedi 6 septembre 2025, c'est kermesse g\u00e9ante au Heat Lyon et c'est pour toute la famille ! \" width=\"800\" height=\"450\"  \/><\/p>\n<p>Le studio <strong data-start=\"71\" data-end=\"91\">Les Mains Libres<\/strong> souffle ses 5 bougies et transforme le <strong>HEAT Lyon<\/strong> en <strong>kermesse g\u00e9ante<\/strong> ! Au menu : <strong>chamboule-tout<\/strong>, <strong>p\u00eache aux canards<\/strong>, <strong>fresque participative<\/strong>, coloriages et m\u00eame un grand <strong>bingo<\/strong>\u00a0pour toute la famille. Et pour les grands, tattoos \u00e9ph\u00e9m\u00e8res, vinyles \u00e0 chiner et DJ sets jusqu\u2019\u00e0 minuit. Une <strong>sortie kids-friendly<\/strong> pour ce premier samedi de septembre post-rentr\u00e9e.<\/p>\n<p>\ud83d\udcc6 Rendez-vous d\u00e8s 12h<br \/>\ud83d\udc5b <strong>ENTR\u00c9E GRATUITE<\/strong><br \/><strong>\ud83d\udc49 <a href=\"https:\/\/www.facebook.com\/events\/1311648346981399\/?acontext=%7B%22event_action_history%22%3A[%7B%22mechanism%22%3A%22discovery_local_tab%22%2C%22surface%22%3A%22bookmark%22%7D]%2C%22ref_notif_type%22%3Anull%7D\" target=\"_blank\" rel=\"noopener nofollow\">Plus d\u2019infos<\/a><\/strong><\/p>\n<p>10h00\uff5cJourn\u00e9es portes Ouvertes Climb Up Confluence (Lyon 2)\uff5cd\u00e8s 3 ans<\/p>\n<p><img data-recalc-dims=\"1\" loading=\"lazy\" decoding=\"async\" class=\"aligncenter wp-image-22977 size-medium\" src=\"https:\/\/www.europesays.com\/fr\/wp-content\/uploads\/2025\/09\/JPO-Climb-up-sept-2025.jpg\" alt=\"D\u00e9couvrez l'escalade en famille chez Climb up Confluence samedi 6 septembre 2025, pour une journ\u00e9e pleine de sensations. \" width=\"800\" height=\"419\"  \/><\/p>\n<p>Ce samedi, on tente la grimpette du c\u00f4t\u00e9 de Confluence. <strong data-start=\"115\" data-end=\"138\">Climb Up Confluence<\/strong> ouvre ses portes pour une <strong>journ\u00e9e 100 % escalade<\/strong> en famille ! <strong>D\u00e8s 3 ans<\/strong>, les kids peuvent<strong> s\u2019initier \u00e0 la grimpe<\/strong>, relever des <strong>d\u00e9fis color\u00e9s<\/strong> ou tester le <strong>Power Jump<\/strong> pour les plus t\u00e9m\u00e9raires. Un bon plan pour d\u00e9couvrir l\u2019escalade ensemble et en plus, c\u2019est <strong>GRATUIT<\/strong> !<\/p>\n<p>\ud83d\udcc6\u00a0 Rendez-vous de 10h \u00e0 18h<br \/>\ud83d\udc5b <strong>GRATUIT\u00a0<\/strong><br \/><strong>\ud83d\udc49 <a href=\"https:\/\/www.facebook.com\/events\/1104460298301535\/?acontext=%7B%22event_action_history%22%3A[%7B%22mechanism%22%3A%22discovery_local_tab%22%2C%22surface%22%3A%22bookmark%22%7D]%2C%22ref_notif_type%22%3Anull%7D\" target=\"_blank\" rel=\"noopener nofollow\">Plus d\u2019infos<\/a><\/strong><\/p>\n<p>15h00\uff5cAtelier Corporel \u00e0 la Biblioth\u00e8que du 9e la Duch\u00e8re (Lyon 9)\uff5cde 7 \u00e0 11 ans<\/p>\n<p><img data-recalc-dims=\"1\" loading=\"lazy\" decoding=\"async\" class=\"aligncenter wp-image-22979 size-full\" src=\"https:\/\/www.europesays.com\/fr\/wp-content\/uploads\/2025\/09\/Atelier-Bib-9e-sept-2025.jpg\" alt=\"Nouvel atelier corporel \u00e0 partager en famille, autour des super-h\u00e9ros \u00e0 la biblioth\u00e8que du 9e ce samedi 6 septembre 2025. \" width=\"500\" height=\"335\"  \/><\/p>\n<p>Cap sur <strong>l\u2019univers Marvel<\/strong> \u00e0 la <strong>biblioth\u00e8que du 9e<\/strong> avec un <strong>atelier corporel<\/strong> o\u00f9 parents et enfants deviennent de vrais super-h\u00e9ros ! Entre mouvements dynamiques,<strong> jeux ludiques<\/strong> et <strong>parcours d\u2019agilit\u00e9<\/strong> Avengers, chacun explore sa force, sa coordination et sa confiance en soi. Cet atelier pour nos kids (mais les grands aussi pourront \u00eatre de la partie !) m\u00ealera <strong>jeux de respiration<\/strong>, <strong>d\u00e9tente<\/strong> et <strong>imagination<\/strong> pour r\u00e9v\u00e9ler le h\u00e9ros \/ l\u2019h\u00e9ro\u00efne qui sommeille en chacun.<\/p>\n<p>\ud83d\udcc6 Rendez-vous de 15h \u00e0 16h30\u00a0<br \/>\ud83d\udc5b <strong>GRATUIT<\/strong>, sur inscription<br \/><strong>\ud83d\udc49 <a href=\"https:\/\/www.bm-lyon.fr\/les-rendez-vous-des-bibliotheques-municipales-de-lyon\/#\/animation\/4362\/date\/10770\" target=\"_blank\" rel=\"noopener nofollow\">Plus d\u2019infos<\/a><\/strong><\/p>\n<p>16h00\uff5cYoga Parents-Bambins chez Pandi Panda Yoga (Villeurbanne)\uff5cde 18 mois \u00e0 4 ans<\/p>\n<p><img data-recalc-dims=\"1\" loading=\"lazy\" decoding=\"async\" class=\"aligncenter wp-image-22978 size-medium\" src=\"https:\/\/www.europesays.com\/fr\/wp-content\/uploads\/2025\/09\/Yoga-parents-enfants-sept-25.jpg\" alt=\"On d\u00e9couvre le yoga avec nos bambins chez Pandi Panda. premi\u00e8re session ce samedi 6 septembre 2025. \" width=\"800\" height=\"450\"  \/><\/p>\n<p>Place \u00e0 la <strong>douceur en duo<\/strong> du c\u00f4t\u00e9 de <strong>Pandi Panda Yoga<\/strong> avec cette premi\u00e8re s\u00e9ance de\u00a0<strong data-start=\"146\" data-end=\"170\">Yoga Parents-Bambins<\/strong>. Une occasion r\u00eav\u00e9e pour partager un vrai <strong>moment de complicit\u00e9 <\/strong>avec votre loulou. Au programme : <strong>postures ludiques<\/strong> pour stimuler la motricit\u00e9 et la cr\u00e9ativit\u00e9 des enfants, respiration et \u00e9quilibre pour les parents et surtout des instants de rire et de <strong>d\u00e9couverte ensemble<\/strong>.<\/p>\n<p>\ud83d\udcc6 Rendez-vous de 16h \u00e0 17h\u00a0<br \/>\ud83d\udc5b Tarifs : \u00e0 partir de 15\u20ac<br \/><strong>\ud83d\udc49 <a href=\"https:\/\/www.facebook.com\/events\/542112122246991\/542112135580323\/?active_tab=about\" target=\"_blank\" rel=\"noopener nofollow\">Plus d\u2019infos<\/a><\/strong><\/p>\n<p>Dimanche 7 septembre 2025<br \/>\n14h00\uff5cGones Crazy Colombie \u00e0 la Commune (Lyon 7) \uff5cd\u00e8s 6 ans<\/p>\n<p><img data-recalc-dims=\"1\" loading=\"lazy\" decoding=\"async\" class=\"aligncenter wp-image-22980 size-medium\" src=\"https:\/\/www.europesays.com\/fr\/wp-content\/uploads\/2025\/09\/Gones-Crazy-sept-2025.jpg\" alt=\"Nouvelle \u00e9dition de Gones Crazy \u00e0 la Commune ce dimanche 7 septembre 2025, aux couleurs de la Colombie ! \" width=\"800\" height=\"419\"  \/><\/p>\n<p><strong>La Commune<\/strong> passe <strong>aux couleurs de la Colombie<\/strong> pour son, d\u00e9sormais c\u00e9l\u00e8bre, <strong>rendez-vous kids<\/strong> du dimanche ! En partenariat avec <strong>Club Confettis<\/strong>, les enfants vont pouvoir <strong>fabriquer<\/strong> et <strong>d\u00e9corer leur cornet de sucettes<\/strong> <strong>colombiennes<\/strong>, s\u2019illuminer avec un <strong>maquillage \u00e0 paillettes<\/strong> et s\u2019amuser autour de <strong>coloriages festifs<\/strong> et cr\u00e9atifs. Une apr\u00e8s-midi gourmande, artistique et pleine de bonne humeur pour tous.<\/p>\n<p>\ud83d\udcc6 Rendez-vous de 14h \u00e0 16h30<br \/>\ud83d\udc5b <strong>GRATUIT<\/strong>, sur inscription\u00a0<br \/><strong>\ud83d\udc49<a href=\"https:\/\/www.facebook.com\/events\/1469805820686253\/?acontext=%7B%22event_action_history%22%3A[%7B%22mechanism%22%3A%22discovery_local_tab%22%2C%22surface%22%3A%22bookmark%22%7D]%2C%22ref_notif_type%22%3Anull%7D\" target=\"_blank\" rel=\"noopener nofollow\">Plus d\u2019infos<\/a><\/strong><\/p>\n<p>14h30\uff5c D\u00e9fil\u00e9 de la Biennale de la Danse rue de la R\u00e9publique (Lyon 2)\uff5cpour tous<br \/>\n<img data-recalc-dims=\"1\" loading=\"lazy\" decoding=\"async\" class=\"wp-image-22987 size-medium\" src=\"https:\/\/www.europesays.com\/fr\/wp-content\/uploads\/2025\/09\/Defile-sept-2025-c-thanh-habui-copie-e1756800078667-800x436.jpg\" alt=\"Rendez-vous avec toute la famille, rue de la R\u00e9publique \u00e0 16h pour le cort\u00e8ge de la plus c\u00e9l\u00e8bre et joyeuse des f\u00eates \u00e0 ciel ouvert : le D\u00e9fil\u00e9 de la Biennale de la Danse. \" width=\"800\" height=\"436\"  \/>(c) Thanh Habui<\/p>\n<p>Un des \u00e9v\u00e9nements les plus attendus de la <strong>Biennale de la Danse<\/strong> est bien <strong>Le D\u00e9fil\u00e9<\/strong>. V\u00e9ritable <strong>f\u00eate g\u00e9ante \u00e0 ciel ouvert<\/strong>, Le D\u00e9fil\u00e9 retrouvera la <strong>rue de la R\u00e9publique<\/strong> pour un concentr\u00e9 de <strong>joie pure<\/strong>. Glissez vous en famille pour d\u00e9couvrir un <strong>cort\u00e8ge haut en couleurs<\/strong> autour du <strong>th\u00e8me<\/strong> <strong>\u00ab Danses recycl\u00e9es \u00bb<\/strong>. Hip-hop, samba, danses folkloriques ou latines, <strong>huit groupes d\u2019artistes<\/strong> d\u2019un jour, et un invit\u00e9 sp\u00e9cial venu du Br\u00e9sil, vous feront vibrer et danser en plein coeur de la ville.<\/p>\n<p>\ud83d\udcc6 D\u00e9part \u00e0 16h<br \/>\ud83d\udc5b<strong> GRATUIT<\/strong><br \/><strong>\ud83d\udc49<a href=\"https:\/\/www.labiennaledelyon.com\/le-defile\" target=\"_blank\" rel=\"noopener nofollow\">Plus d\u2019infos<\/a>\u00a0<\/strong><\/p>\n<p>16h00\uff5cIlozia, l\u2019aventure fantastique \u00e0 l\u2019\u00celoz\u2019 (Parc Miribel Jonage)\uff5cd\u00e8s 6 ans<\/p>\n<p><img data-recalc-dims=\"1\" loading=\"lazy\" decoding=\"async\" class=\"aligncenter wp-image-22983 size-full\" src=\"https:\/\/www.europesays.com\/fr\/wp-content\/uploads\/2025\/09\/Ilozia-sept-25.jpg\" alt=\"Derni\u00e8re occasion de plonger dans l'aventure fantastique Ilozia avec toute la famille, au parc Miribel Jonage ce dimanche 7 septembre 2025.\" width=\"600\" height=\"400\"  \/><\/p>\n<p>Pr\u00e9parez-vous pour l\u2019aventure avec le grand jeu de piste de <strong data-start=\"114\" data-end=\"125\">L\u2019\u00celoz\u2019<\/strong> ! <strong>Ilozia, l\u2019aventure fantastique<\/strong>, c\u2019est une \u00e9pop\u00e9e \u00e0 partager en famille, <strong>en pleine nature<\/strong>. Partez sur les sentiers \u00e0 la recherche d\u2019<strong>\u00e9nigmes<\/strong> et de <strong>d\u00e9fis<\/strong> m\u00ealant <strong>r\u00e9flexion<\/strong>, <strong>habilet\u00e9<\/strong> et <strong>imagination<\/strong> dans un <strong>univers fantastique<\/strong>. Une <strong>histoire originale<\/strong> vous guidera pour une sortie pleine de suspense et de complicit\u00e9.<\/p>\n<p>\ud83d\udcc6 Rendez-vous \u00e0 14h, 15h et 16h<br \/>\ud83d\udc5b Tarif : 1\u20ac, inscription obligatoire<br \/><strong>\ud83d\udc49<a href=\"https:\/\/www.facebook.com\/events\/717691104280992\/717691127614323\/?active_tab=about\" target=\"_blank\" rel=\"noopener nofollow\">Plus d\u2019infos<\/a>\u00a0<\/strong><\/p>\n<p>16h00\uff5cSpectacle Cuivre et Caoutchouc \u00e0 la Station Mue (Lyon 2)\uff5cpour tous<br \/>\n<img data-recalc-dims=\"1\" loading=\"lazy\" decoding=\"async\" class=\"wp-image-22984 size-medium\" src=\"https:\/\/www.europesays.com\/fr\/wp-content\/uploads\/2025\/09\/Cirque-Station-Mue-sept-2025-c-Vanessa-Chambard.png\" alt=\"Cuivres et Caoutchouc, un seul en piste surprenant et p\u00e9tillant \u00e0 la Station Mue ce dimanche 7 septembre 2025 \u00e0 16h. \" width=\"800\" height=\"450\"  \/>(c) Vanessa Chambard<\/p>\n<p>On termine tranquillement le week-end du c\u00f4t\u00e9 de la <strong>Station Mue<\/strong> avec un <strong>cirque pas comme les autres<\/strong>. <strong data-start=\"97\" data-end=\"121\">Cuivre et Caoutchouc<\/strong> m\u00e9lange <strong>m\u00e2t chinois<\/strong>, <strong>musique live<\/strong> et bonne dose de folie ! Pour ce seul en piste port\u00e9 par la <strong>Cie les Cieux Galvanis\u00e9s<\/strong>, l\u2019humour et le talent seront les pi\u00e8ces maitresses. Un <strong>spectacle atypique<\/strong> et <strong>d\u00e9jant\u00e9<\/strong> qui promet de surprendre toute la famille.<\/p>\n<p>\ud83d\udcc6 Rendez-vous \u00e0 16h\u00a0<br \/>\ud83d\udc5b <strong>GRATUIT\u00a0<\/strong><br \/><strong>\ud83d\udc49 <a href=\"https:\/\/www.lyon-confluence.fr\/fr\/au-programme-en-2025-la-station-mue\" target=\"_blank\" rel=\"noopener nofollow\">Plus d\u2019infos<\/a><\/strong><\/p>\n<p>16h30\uff5cAtelier Sous l\u2019Oc\u00e9an au Mus\u00e9e des Confluences (Lyon 2)\uff5cde 0 \u00e0 18 mois<\/p>\n<p><img data-recalc-dims=\"1\" loading=\"lazy\" decoding=\"async\" class=\"aligncenter wp-image-22985 size-full\" src=\"https:\/\/www.europesays.com\/fr\/wp-content\/uploads\/2025\/09\/Musee-des-confluences-sept-2025-e1756799223534.jpg\" alt=\"Nouvel atelier au Mus\u00e9e des Confluences : Sous l'oc\u00e9an, d\u00e9di\u00e9 aux tout-petits pour un moment de douceur en famille ce dimanche 7 septembre 2025. \" width=\"700\" height=\"416\"  \/><\/p>\n<p>En ce d\u00e9but de mois, le <strong data-start=\"63\" data-end=\"88\">Mus\u00e9e des Confluences<\/strong> sort son <strong>nouvel atelier<\/strong> d\u00e9di\u00e9 aux <strong>tout-petits <\/strong>:\u00a0<strong>Sous l\u2019oc\u00e9an <\/strong>B\u00e9b\u00e9 embarque pour une <strong>immersion sensorielle<\/strong> au fil des vagues, rythm\u00e9e par des <strong>histoires<\/strong>, des <strong>chansons<\/strong> et de jolies <strong>d\u00e9couvertes marines<\/strong>. Une <strong>bulle douce<\/strong> et <strong>po\u00e9tique<\/strong> pour \u00e9veiller les sens et explorer ensemble le monde sous-marin.<\/p>\n<p>\ud83d\udcc6 Rendez-vous \u00e0 16h30<br \/>\ud83d\udc5b <strong>Tarifs : de 2\u20ac \u00e0 6\u20ac\u00a0<\/strong><br \/><strong>\ud83d\udc49 <a href=\"https:\/\/museedesconfluences.fr\/fr\/agenda\/sous-locean\" target=\"_blank\" rel=\"noopener nofollow\">Plus d\u2019infos<\/a><\/strong><\/p>\n<p>Quelques liens qui vont bien pour finir\u2026<\/p>\n<p>\ud83c\udf33 Si vous cherchez une id\u00e9e de balade, consultez notre rubrique d\u00e9di\u00e9e aux <a href=\"https:\/\/lyon.familycrunch.fr\/category\/balades-et-escapades-en-famille-autour-de-lyon\/\" rel=\"nofollow noopener\" target=\"_blank\">balades \u00e0 faire en famille autour de Lyon<\/a><br \/>\ud83e\udd38 Si vous cherchez une activit\u00e9 \u00e0 l\u2019int\u00e9rieur pour que vos enfants se d\u00e9foulent, jetez un oeil aux <a href=\"https:\/\/lyon.familycrunch.fr\/category\/activites-avec-les-enfants-a-lyon\/\" rel=\"nofollow noopener\" target=\"_blank\">derni\u00e8res activit\u00e9s test\u00e9es par l\u2019\u00e9quipe de FamilyCrunch<\/a><br \/>\ud83d\uddbc\ufe0f Si vous voulez vous faire une expo, consultez<a href=\"https:\/\/lyon.familycrunch.fr\/category\/culture\/expo\/\" rel=\"nofollow noopener\" target=\"_blank\"> nos derni\u00e8res recommandations en la mati\u00e8re<\/a><br \/>\ud83c\udf7d\ufe0f Si vous avez pr\u00e9vu de manger \u00e0 l\u2019ext\u00e9rieur avec les kids ce week-end, trouvez l\u2019adresse parfaite dans notre rubrique sur <a href=\"https:\/\/lyon.familycrunch.fr\/category\/bonnes-adresses\/resto\/\" rel=\"nofollow noopener\" target=\"_blank\">les restaurants kids friendly de Lyon<\/a>.<\/p>\n<p style=\"text-align: center\"><strong>Bon week-end \u00e0 tous ! \u2600\ufe0f<\/strong><\/p>\n","protected":false},"excerpt":{"rendered":"Tchao la morosit\u00e9 de la rentr\u00e9e, on rallonge un peu les vacances avec le retour de nos bons&hellip;\n","protected":false},"author":2,"featured_media":12271,"comment_status":"","ping_status":"","sticky":false,"template":"","format":"standard","meta":{"footnotes":""},"categories":[1889],"tags":[1111,11,2430,1777,674,1011,27,2428,12,25],"class_list":{"0":"post-362560","1":"post","2":"type-post","3":"status-publish","4":"format-standard","5":"has-post-thumbnail","7":"category-lyon","8":"tag-actu","9":"tag-actualites","10":"tag-auvergne-rhone-alpes","11":"tag-eu","12":"tag-europe","13":"tag-fr","14":"tag-france","15":"tag-lyon","16":"tag-news","17":"tag-republique-francaise"},"share_on_mastodon":{"url":"https:\/\/pubeurope.com\/@fr\/115138847660607682","error":""},"_links":{"self":[{"href":"https:\/\/www.europesays.com\/fr\/wp-json\/wp\/v2\/posts\/362560","targetHints":{"allow":["GET"]}}],"collection":[{"href":"https:\/\/www.europesays.com\/fr\/wp-json\/wp\/v2\/posts"}],"about":[{"href":"https:\/\/www.europesays.com\/fr\/wp-json\/wp\/v2\/types\/post"}],"author":[{"embeddable":true,"href":"https:\/\/www.europesays.com\/fr\/wp-json\/wp\/v2\/users\/2"}],"replies":[{"embeddable":true,"href":"https:\/\/www.europesays.com\/fr\/wp-json\/wp\/v2\/comments?post=362560"}],"version-history":[{"count":0,"href":"https:\/\/www.europesays.com\/fr\/wp-json\/wp\/v2\/posts\/362560\/revisions"}],"wp:featuredmedia":[{"embeddable":true,"href":"https:\/\/www.europesays.com\/fr\/wp-json\/wp\/v2\/media\/12271"}],"wp:attachment":[{"href":"https:\/\/www.europesays.com\/fr\/wp-json\/wp\/v2\/media?parent=362560"}],"wp:term":[{"taxonomy":"category","embeddable":true,"href":"https:\/\/www.europesays.com\/fr\/wp-json\/wp\/v2\/categories?post=362560"},{"taxonomy":"post_tag","embeddable":true,"href":"https:\/\/www.europesays.com\/fr\/wp-json\/wp\/v2\/tags?post=362560"}],"curies":[{"name":"wp","href":"https:\/\/api.w.org\/{rel}","templated":true}]}}