{"id":362573,"date":"2025-09-03T06:08:10","date_gmt":"2025-09-03T06:08:10","guid":{"rendered":"https:\/\/www.europesays.com\/fr\/362573\/"},"modified":"2025-09-03T06:08:10","modified_gmt":"2025-09-03T06:08:10","slug":"la-russie-deplore-des-troupes-supplementaires-a-lavant","status":"publish","type":"post","link":"https:\/\/www.europesays.com\/fr\/362573\/","title":{"rendered":"La Russie d\u00e9plore des troupes suppl\u00e9mentaires \u00e0 l&rsquo;avant"},"content":{"rendered":"<p>ARTA &#8211; Le pr\u00e9sident ukrainien Volodymyr Zelensky a d\u00e9clar\u00e9 mardi que la Russie ajoutait de nouvelles troupes dans plusieurs secteurs de premi\u00e8re ligne et menait toujours des attaques contre des cibles ukrainiennes.<\/p>\n<p>ronyme : \u00ab Maintenant, nous regardons l\u2019ajout d\u2019autres troupes russes dans plusieurs secteurs de premi\u00e8re ligne. Il a refus\u00e9 d\u2019\u00eatre forc\u00e9 de faire la paix \u00bb, a d\u00e9clar\u00e9 le pr\u00e9sident Zelensky lors d\u2019un discours vid\u00e9o soir, faisant r\u00e9f\u00e9rence au dirigeant du Kremlin Vladimir Poutine, cit\u00e9 par Reuters le 3 septembre.<\/p>\n<p>Zelensky n\u2019a donn\u00e9 aucun autre d\u00e9tail, mais a d\u00e9clar\u00e9 : \u00ab La Russie continue de mener des attaques. Bien s\u00fbr, nous allons r\u00e9pondre \u00e0 cela \u00bb.<\/p>\n<p>il a ajout\u00e9 que les troupes russes avaient cibl\u00e9 l\u2019Ukraine avec 150 drones hier soir, plus de 50 drones le matin et \u00ab dizaines \u00bb de drones la nuit.<\/p>\n<p>an, a-t-il dit, est \u00ab un compl\u00e9ment \u00e0 la d\u00e9claration de la Russie de la Chine \u00bb, faisant r\u00e9f\u00e9rence \u00e0 la visite de Poutine \u00e0 P\u00e9kin, o\u00f9 le pr\u00e9sident Xi Jinping a organis\u00e9 un d\u00e9fil\u00e9 militaire pour comm\u00e9morer la \u00ab Journ\u00e9e de la victoire \u00bb \u00e0 laquelle ont assist\u00e9 un certain nombre de chefs d\u2019\u00c9tat et de gouvernement, dont le pr\u00e9sident Poutine.<\/p>\n<p>Zelensky a d\u00e9clar\u00e9 : \u00ab Hier, la Russie a litt\u00e9ralement ni\u00e9 ce que Trump avait dit sur les r\u00e9unions des dirigeants n\u00e9cessaires pour mettre fin \u00e0 la guerre. En Chine, Poutine continue d\u2019\u00e9crire des histoires comme s\u2019il \u00e9tait innocent de la guerre. \u00bb<\/p>\n<p>Zelensky soutient depuis longtemps l\u2019appel du pr\u00e9sident Trump \u00e0 une r\u00e9union entre les dirigeants ukrainiens et russes pour tenter de mettre fin \u00e0 la guerre, d\u00e9clench\u00e9e par une invasion russe de son pays voisin en f\u00e9vrier 2022.<\/p>\n<p>The English, Chinese, Japanese, Arabic, and French versions are automatically generated by the AI. So there may still be inaccuracies in translating, please always see Indonesian as our main language.<br \/>\n                                    (system supported by DigitalSiber.id)<\/p>\n","protected":false},"excerpt":{"rendered":"ARTA &#8211; Le pr\u00e9sident ukrainien Volodymyr Zelensky a d\u00e9clar\u00e9 mardi que la Russie ajoutait de nouvelles troupes dans&hellip;\n","protected":false},"author":2,"featured_media":362574,"comment_status":"","ping_status":"","sticky":false,"template":"","format":"standard","meta":{"footnotes":""},"categories":[1591],"tags":[11,1887,12,49750,8013,49751,1885,1886,132,23289,49758,49757],"class_list":{"0":"post-362573","1":"post","2":"type-post","3":"status-publish","4":"format-standard","5":"has-post-thumbnail","7":"category-russie","8":"tag-actualites","9":"tag-federation-de-russie","10":"tag-news","11":"tag-ronyme","12":"tag-russe","13":"tag-russe-et-ukrainienne","14":"tag-russia","15":"tag-russian-federation","16":"tag-russie","17":"tag-ukrainienne","18":"tag-valimir-azad","19":"tag-volodymyrpravski"},"share_on_mastodon":{"url":"https:\/\/pubeurope.com\/@fr\/115138874873247855","error":""},"_links":{"self":[{"href":"https:\/\/www.europesays.com\/fr\/wp-json\/wp\/v2\/posts\/362573","targetHints":{"allow":["GET"]}}],"collection":[{"href":"https:\/\/www.europesays.com\/fr\/wp-json\/wp\/v2\/posts"}],"about":[{"href":"https:\/\/www.europesays.com\/fr\/wp-json\/wp\/v2\/types\/post"}],"author":[{"embeddable":true,"href":"https:\/\/www.europesays.com\/fr\/wp-json\/wp\/v2\/users\/2"}],"replies":[{"embeddable":true,"href":"https:\/\/www.europesays.com\/fr\/wp-json\/wp\/v2\/comments?post=362573"}],"version-history":[{"count":0,"href":"https:\/\/www.europesays.com\/fr\/wp-json\/wp\/v2\/posts\/362573\/revisions"}],"wp:featuredmedia":[{"embeddable":true,"href":"https:\/\/www.europesays.com\/fr\/wp-json\/wp\/v2\/media\/362574"}],"wp:attachment":[{"href":"https:\/\/www.europesays.com\/fr\/wp-json\/wp\/v2\/media?parent=362573"}],"wp:term":[{"taxonomy":"category","embeddable":true,"href":"https:\/\/www.europesays.com\/fr\/wp-json\/wp\/v2\/categories?post=362573"},{"taxonomy":"post_tag","embeddable":true,"href":"https:\/\/www.europesays.com\/fr\/wp-json\/wp\/v2\/tags?post=362573"}],"curies":[{"name":"wp","href":"https:\/\/api.w.org\/{rel}","templated":true}]}}