{"id":362577,"date":"2025-09-03T06:10:14","date_gmt":"2025-09-03T06:10:14","guid":{"rendered":"https:\/\/www.europesays.com\/fr\/362577\/"},"modified":"2025-09-03T06:10:14","modified_gmt":"2025-09-03T06:10:14","slug":"le-monde-qui-bouge-linterview-le-groenland-convoite-par-les-etats-unis","status":"publish","type":"post","link":"https:\/\/www.europesays.com\/fr\/362577\/","title":{"rendered":"Le monde qui bouge &#8211; L&rsquo;Interview : Le Groenland convoit\u00e9 par les \u00c9tats-Unis"},"content":{"rendered":"<p><img loading=\"lazy\" decoding=\"async\" src=\"https:\/\/www.europesays.com\/fr\/wp-content\/uploads\/2025\/09\/Le-monde-qui-bouge-L-Interview-Le-Groenland-convoite-par-les-Etats-Unis-03-09-2131216.webp.webp\" width=\"1200\" height=\"675\" alt=\"placeholder video\"\/><\/p>\n<p>Ce mercredi 3 septembre, Mikaa Blugeon-Mered, expert en g\u00e9opolitique des p\u00f4les, \u00e9tait l&rsquo;invit\u00e9 de Caroline Loyer dans Le monde qui bouge &#8211; L&rsquo;Interview, de l&rsquo;\u00e9mission Good Morning Business, pr\u00e9sent\u00e9e par Laure Closier. Il a expliqu\u00e9 pourquoi Donald Trump s&rsquo;int\u00e9resse tant au Groenland. Retrouvez l&rsquo;\u00e9mission du lundi au vendredi et r\u00e9\u00e9coutez la en podcast.<\/p>\n<p>Aujourd&rsquo;hui \u00e0 07h24 | Dur\u00e9e : 6:38<\/p>\n","protected":false},"excerpt":{"rendered":"Ce mercredi 3 septembre, Mikaa Blugeon-Mered, expert en g\u00e9opolitique des p\u00f4les, \u00e9tait l&rsquo;invit\u00e9 de Caroline Loyer dans Le&hellip;\n","protected":false},"author":2,"featured_media":362578,"comment_status":"","ping_status":"","sticky":false,"template":"","format":"standard","meta":{"footnotes":""},"categories":[1589],"tags":[11,73,1866,12,1864,1865,1863,308],"class_list":{"0":"post-362577","1":"post","2":"type-post","3":"status-publish","4":"format-standard","5":"has-post-thumbnail","7":"category-etats-unis","8":"tag-actualites","9":"tag-etats-unis","10":"tag-etats-unis-damerique","11":"tag-news","12":"tag-united-states","13":"tag-united-states-of-america","14":"tag-us","15":"tag-usa"},"share_on_mastodon":{"url":"https:\/\/pubeurope.com\/@fr\/115138883025759124","error":""},"_links":{"self":[{"href":"https:\/\/www.europesays.com\/fr\/wp-json\/wp\/v2\/posts\/362577","targetHints":{"allow":["GET"]}}],"collection":[{"href":"https:\/\/www.europesays.com\/fr\/wp-json\/wp\/v2\/posts"}],"about":[{"href":"https:\/\/www.europesays.com\/fr\/wp-json\/wp\/v2\/types\/post"}],"author":[{"embeddable":true,"href":"https:\/\/www.europesays.com\/fr\/wp-json\/wp\/v2\/users\/2"}],"replies":[{"embeddable":true,"href":"https:\/\/www.europesays.com\/fr\/wp-json\/wp\/v2\/comments?post=362577"}],"version-history":[{"count":0,"href":"https:\/\/www.europesays.com\/fr\/wp-json\/wp\/v2\/posts\/362577\/revisions"}],"wp:featuredmedia":[{"embeddable":true,"href":"https:\/\/www.europesays.com\/fr\/wp-json\/wp\/v2\/media\/362578"}],"wp:attachment":[{"href":"https:\/\/www.europesays.com\/fr\/wp-json\/wp\/v2\/media?parent=362577"}],"wp:term":[{"taxonomy":"category","embeddable":true,"href":"https:\/\/www.europesays.com\/fr\/wp-json\/wp\/v2\/categories?post=362577"},{"taxonomy":"post_tag","embeddable":true,"href":"https:\/\/www.europesays.com\/fr\/wp-json\/wp\/v2\/tags?post=362577"}],"curies":[{"name":"wp","href":"https:\/\/api.w.org\/{rel}","templated":true}]}}