{"id":362582,"date":"2025-09-03T06:13:19","date_gmt":"2025-09-03T06:13:19","guid":{"rendered":"https:\/\/www.europesays.com\/fr\/362582\/"},"modified":"2025-09-03T06:13:19","modified_gmt":"2025-09-03T06:13:19","slug":"le-triangle-populiste-qui-menace-leurope-lexpress","status":"publish","type":"post","link":"https:\/\/www.europesays.com\/fr\/362582\/","title":{"rendered":"le triangle populiste qui menace l\u2019Europe \u2013 L&rsquo;Express"},"content":{"rendered":"<p class=\"paragraph article-body-paragraph article__item   article-body-paragraph--first \">Peut-on imaginer \u00e0 quoi ressemblerait l\u2019Europe aujourd\u2019hui si <a href=\"https:\/\/www.lexpress.fr\/politique\/rn\/au-rn-recit-dune-semaine-noire-marine-le-pen-perd-une-bataille-le-siege-perquisitionne-DLARQI53NBBSVEYQWDNVCFCFVQ\/\" target=\"_blank\" rel=\"nofollow noopener\" title=\"https:\/\/www.lexpress.fr\/politique\/rn\/au-rn-recit-dune-semaine-noire-marine-le-pen-perd-une-bataille-le-siege-perquisitionne-DLARQI53NBBSVEYQWDNVCFCFVQ\/\">Marine Le Pen<\/a> \u00e9tait install\u00e9e \u00e0 l\u2019Elys\u00e9e, <a href=\"https:\/\/www.lexpress.fr\/monde\/europe\/royaume-uni-les-propositions-choc-de-nigel-farage-contre-limmigration-en-cas-de-victoire-de-son-VSRLFADXS5ELPL23S4EY3RZDBU\/\" target=\"_blank\" rel=\"nofollow noopener\" title=\"https:\/\/www.lexpress.fr\/monde\/europe\/royaume-uni-les-propositions-choc-de-nigel-farage-contre-limmigration-en-cas-de-victoire-de-son-VSRLFADXS5ELPL23S4EY3RZDBU\/\">Nigel Farage<\/a>, le champion des ultranationalistes anglais, au 10, Downing Street et <a href=\"https:\/\/www.lexpress.fr\/monde\/europe\/de-la-politique-avec-une-tronconneuse-alice-weidel-la-candidate-de-lafd-qui-reve-de-devenir-LXBKP4W7XNCPJOUCYZVQGIUBT4\/\" target=\"_self\" rel=\"nofollow noopener\" title=\"https:\/\/www.lexpress.fr\/monde\/europe\/de-la-politique-avec-une-tronconneuse-alice-weidel-la-candidate-de-lafd-qui-reve-de-devenir-LXBKP4W7XNCPJOUCYZVQGIUBT4\/\">Alice Weidel<\/a>, la patronne de l\u2019extr\u00eame droite allemande, \u00e0 la chancellerie f\u00e9d\u00e9rale \u00e0 Berlin ? Le sc\u00e9nario rel\u00e8ve de la politique-fiction et pourtant, il a cess\u00e9 d\u2019\u00eatre invraisemblable. Car ces jours-ci, la droite populiste est plac\u00e9e en t\u00eate des intentions de vote au Royaume-Uni comme en Allemagne et en France.<\/p>\n<p class=\"paragraph article-body-paragraph article__item   \">Une telle configuration politique, simultan\u00e9ment dans les trois plus grands pays d\u2019Europe de l\u2019Ouest, est unique dans l\u2019histoire contemporaine. Et bien qu\u2019elle ne risque gu\u00e8re de d\u00e9boucher sur une prise de pouvoir dans l\u2019imm\u00e9diat, puisque aucune \u00e9lection nationale n\u2019est programm\u00e9e \u00e0 l\u2019heure actuelle dans les trois pays, elle p\u00e8se d\u2019ores et d\u00e9j\u00e0 lourdement sur la vie politique europ\u00e9enne.<\/p>\n<p><strong class=\"article-body-link-list__item text-gray-800 article-body-link-list__item--one-item\">LIRE AUSSI : <a class=\"article-body-link-list__item-link\" href=\"https:\/\/www.lexpress.fr\/politique\/la-coalition-a-lallemande-modele-demmanuel-macron-le-president-face-aux-contradictions-francaises-MXP5GX5VHFAWPDCBF5CVUU7Z64\/\" target=\"_blank\" rel=\"noreferrer nofollow noopener\">La coalition \u00e0 l\u2019allemande, mod\u00e8le d\u2019Emmanuel Macron ? Le pr\u00e9sident face aux contradictions fran\u00e7aises<\/a><\/strong><\/p>\n<p class=\"paragraph article-body-paragraph article__item   \">Dans ce trio, c\u2019est au Royaume-Uni que les bouleversements sont les plus r\u00e9cents. Au d\u00e9but de l\u2019an dernier, Nigel Farage, l\u2019inspirateur du Brexit, avait d\u00e9j\u00e0 un pied en dehors de la vie politique insulaire. Il expliquait \u00e0 qui voulait l\u2019entendre qu\u2019il ne serait pas candidat aux l\u00e9gislatives britanniques du 4 juillet 2024 car il \u00e9tait trop occup\u00e9 \u00e0 aider son ami <a href=\"https:\/\/www.lexpress.fr\/monde\/amerique\/donald-trump_1702460.html\" target=\"_blank\" rel=\"nofollow noopener\" title=\"https:\/\/www.lexpress.fr\/monde\/amerique\/donald-trump_1702460.html\">Donald Trump<\/a> \u00e0 se faire r\u00e9\u00e9lire en Am\u00e9rique. Il s\u2019est ravis\u00e9 et a non seulement \u00e9t\u00e9 \u00e9lu mais son parti, Reform UK, est cr\u00e9dit\u00e9 aujourd\u2019hui de plus de 30 % des intentions de vote, loin devant le Parti travailliste au pouvoir (environ 20 %) et \u00e9clipsant le Parti conservateur (18 %).<\/p>\n<p class=\"paragraph article-body-paragraph article__item   \">Le Premier ministre, Keir Starmer, a jug\u00e9 au d\u00e9but de l\u2019\u00e9t\u00e9 que Farage, qui se targue d\u2019avoir \u00e0 lui seul plus de followers sur TikTok que l\u2019ensemble des 649 autres d\u00e9put\u00e9s britanniques r\u00e9unis, devait d\u00e9sormais \u00eatre consid\u00e9r\u00e9 comme le chef de la \u00ab\u00a0vraie opposition\u00a0\u00bb. Loin d\u2019affaiblir le trublion, cette reconnaissance officielle l\u2019a encore renforc\u00e9, alors que Reform UK tient les 5 et 6 septembre \u00e0 Birmingham un congr\u00e8s qui s\u2019annonce triomphal pour le leader nationaliste.<\/p>\n<p>La question centrale de l\u2019immigration<\/p>\n<p class=\"paragraph article-body-paragraph article__item   \">Reform UK, l\u2019Alternative pour l\u2019Allemagne (AfD) ou le Rassemblement national ont chacun leurs caract\u00e9ristiques propres. Mais ils partagent aussi beaucoup de traits communs. Ils utilisent les m\u00eames recettes populistes, prosp\u00e8rent en particulier dans les classes d\u00e9favoris\u00e9es et exploitent tous les trois les m\u00eames tendances de fond dans l\u2019opinion : le rejet de l\u2019immigration de masse, le ressentiment contre les \u00e9lites traditionnelles, la nostalgie d\u2019un pass\u00e9 largement fantasm\u00e9, le scepticisme climatique. Tous les trois ont une inclination pour Vladimir Poutine (moins marqu\u00e9e chez Farage cependant) et cherchent \u00e0 s\u2019inspirer des succ\u00e8s \u00e9lectoraux de Donald Trump.<\/p>\n<p><strong class=\"article-body-link-list__item text-gray-800 article-body-link-list__item--one-item\">LIRE AUSSI : <a class=\"article-body-link-list__item-link\" href=\"https:\/\/www.lexpress.fr\/economie\/royaume-uni-derriere-la-croissance-surprise-une-realite-economique-moins-rose-ZYO5VMK2DFD4XOWYAUJDGXXZT4\/\" target=\"_blank\" rel=\"noreferrer nofollow noopener\">Royaume-Uni : derri\u00e8re la croissance surprise, une r\u00e9alit\u00e9 \u00e9conomique moins rose<\/a><\/strong><\/p>\n<p class=\"paragraph article-body-paragraph article__item   \">L\u2019\u00e9chec de Keir Starmer \u00e0 endiguer l\u2019immigration ill\u00e9gale contribue \u00e0 expliquer la perc\u00e9e de Farage. Le travailliste avait promis de juguler les travers\u00e9es clandestines de la Manche. Or, celles-ci ont approch\u00e9 les 30 000 pendant les huit premiers mois de l\u2019ann\u00e9e, un record depuis 2018. Les arriv\u00e9es l\u00e9gales, contrairement \u00e0 la promesse du Brexit, ont elles aussi explos\u00e9 sous le gouvernement conservateur pr\u00e9c\u00e9dent : de 2021 \u00e0 2024, quelque 4,5 millions de personnes (venues notamment d\u2019Inde, du Nigeria ou encore de Chine) sont venues s\u2019installer au Royaume-Uni. Une personne sur 25 vivant aujourd\u2019hui dans le pays est arriv\u00e9e durant ces quatre ann\u00e9es !<\/p>\n<p class=\"paragraph article-body-paragraph article__item   \">Le sch\u00e9ma est similaire en Allemagne. La d\u00e9cision prise il y a dix ans par la chanceli\u00e8re Angela Merkel d\u2019accueillir une arriv\u00e9e massive des r\u00e9fugi\u00e9s fuyant la guerre civile en Syrie a puissamment aliment\u00e9 le vote en faveur de l\u2019AfD. A la faveur des \u00e9lections f\u00e9d\u00e9rales de f\u00e9vrier dernier, le parti d\u2019extr\u00eame droite a obtenu le plus grand nombre de d\u00e9put\u00e9s au Bundestag, avec 152 si\u00e8ges sur 630 (69 si\u00e8ges de plus qu\u2019en 2021). L\u2019Allemagne a ainsi rejoint la France, o\u00f9 le Rassemblement national est depuis 2024 le premier parti repr\u00e9sent\u00e9 \u00e0 l\u2019Assembl\u00e9e nationale, avec 123 d\u00e9put\u00e9s (y compris 3 apparent\u00e9s) sur 577. Des sondages placent aujourd\u2019hui l\u2019AfD tr\u00e8s l\u00e9g\u00e8rement devant la CDU de Friedrich Merz (26 % contre 25 % selon le sondage Forsa pour RTL publi\u00e9 fin ao\u00fbt).<\/p>\n<p>Perc\u00e9e populiste<\/p>\n<p class=\"paragraph article-body-paragraph article__item   \">M\u00eame confin\u00e9s \u00e0 l\u2019opposition, ces partis p\u00e8sent d\u00e9j\u00e0 lourdement sur la vie politique nationale. Au Royaume-Uni, le Parti conservateur continue \u00e0 c\u00e9der du terrain bien que sa nouvelle cheffe, Kemi Badenoch, ait largement repris \u00e0 son compte les th\u00e8mes anti-immigration. En Allemagne, le poids de l\u2019AfD au Bundestag oblige les partis traditionnels \u00e0 s\u2019allier entre eux, ce qui tend \u00e0 paralyser la politique nationale. Quant \u00e0 la France, elle est devenue quasiment ingouvernable depuis que les \u00e9lecteurs ont plac\u00e9 le RN en t\u00eate de leurs suffrages apr\u00e8s la dissolution de 2024.<\/p>\n<p><strong class=\"article-body-link-list__item text-gray-800 article-body-link-list__item--one-item\">LIRE AUSSI : <a class=\"article-body-link-list__item-link\" href=\"https:\/\/www.lexpress.fr\/monde\/europe\/benjamin-haddad-jentends-souvent-que-trump-na-pas-peur-de-leurope-mais-cest-le-contraire-JQPV2T2O3JA2XIK2ZZTSWBA6XU\/\" target=\"_blank\" rel=\"noreferrer nofollow noopener\">Benjamin Haddad : \u00ab\u00a0Les Europ\u00e9ens doivent r\u00e9apprendre la logique du rapport de force\u00a0\u00bb<\/a><\/strong><\/p>\n<p class=\"paragraph article-body-paragraph article__item    article__text__endpicto\">Au niveau europ\u00e9en, la perc\u00e9e populiste affaiblit le duo franco-allemand, entrave les r\u00e9formes n\u00e9cessaires \u00e0 la croissance \u00e9conomique, nourrit la m\u00e9fiance entre les pays europ\u00e9ens et hypoth\u00e8que le projet de b\u00e2tir une Europe puissance face au chantage de Donald Trump et aux app\u00e9tits revanchards de la Russie. Il est loin le temps o\u00f9 l\u2019extr\u00eame droite \u00e9tait confin\u00e9e \u00e0 l\u2019Europe centrale.<\/p>\n<p>.<\/p>\n","protected":false},"excerpt":{"rendered":"Peut-on imaginer \u00e0 quoi ressemblerait l\u2019Europe aujourd\u2019hui si Marine Le Pen \u00e9tait install\u00e9e \u00e0 l\u2019Elys\u00e9e, Nigel Farage, le&hellip;\n","protected":false},"author":2,"featured_media":362583,"comment_status":"","ping_status":"","sticky":false,"template":"","format":"standard","meta":{"footnotes":""},"categories":[1586],"tags":[11,1777,674,1011,27,74,12,25],"class_list":{"0":"post-362582","1":"post","2":"type-post","3":"status-publish","4":"format-standard","5":"has-post-thumbnail","7":"category-europe","8":"tag-actualites","9":"tag-eu","10":"tag-europe","11":"tag-fr","12":"tag-france","13":"tag-monde","14":"tag-news","15":"tag-republique-francaise"},"share_on_mastodon":{"url":"https:\/\/pubeurope.com\/@fr\/115138894465537318","error":""},"_links":{"self":[{"href":"https:\/\/www.europesays.com\/fr\/wp-json\/wp\/v2\/posts\/362582","targetHints":{"allow":["GET"]}}],"collection":[{"href":"https:\/\/www.europesays.com\/fr\/wp-json\/wp\/v2\/posts"}],"about":[{"href":"https:\/\/www.europesays.com\/fr\/wp-json\/wp\/v2\/types\/post"}],"author":[{"embeddable":true,"href":"https:\/\/www.europesays.com\/fr\/wp-json\/wp\/v2\/users\/2"}],"replies":[{"embeddable":true,"href":"https:\/\/www.europesays.com\/fr\/wp-json\/wp\/v2\/comments?post=362582"}],"version-history":[{"count":0,"href":"https:\/\/www.europesays.com\/fr\/wp-json\/wp\/v2\/posts\/362582\/revisions"}],"wp:featuredmedia":[{"embeddable":true,"href":"https:\/\/www.europesays.com\/fr\/wp-json\/wp\/v2\/media\/362583"}],"wp:attachment":[{"href":"https:\/\/www.europesays.com\/fr\/wp-json\/wp\/v2\/media?parent=362582"}],"wp:term":[{"taxonomy":"category","embeddable":true,"href":"https:\/\/www.europesays.com\/fr\/wp-json\/wp\/v2\/categories?post=362582"},{"taxonomy":"post_tag","embeddable":true,"href":"https:\/\/www.europesays.com\/fr\/wp-json\/wp\/v2\/tags?post=362582"}],"curies":[{"name":"wp","href":"https:\/\/api.w.org\/{rel}","templated":true}]}}