{"id":362584,"date":"2025-09-03T06:14:13","date_gmt":"2025-09-03T06:14:13","guid":{"rendered":"https:\/\/www.europesays.com\/fr\/362584\/"},"modified":"2025-09-03T06:14:13","modified_gmt":"2025-09-03T06:14:13","slug":"pres-de-7-europeens-sur-10-souhaitent-que-lunion-europeenne-joue-un-role-plus-important-pour-assurer-leur-securite","status":"publish","type":"post","link":"https:\/\/www.europesays.com\/fr\/362584\/","title":{"rendered":"Pr\u00e8s de 7 Europ\u00e9ens sur 10 souhaitent que l&rsquo;Union europ\u00e9enne joue un r\u00f4le plus important pour assurer leur s\u00e9curit\u00e9"},"content":{"rendered":"<p><img loading=\"lazy\" decoding=\"async\" class=\"w-full lazyload lazyload--opacity object-contain\" style=\"aspect-ratio:105 \/ 100;opacity:1\" alt=\"https:\/\/www.lalibre.be\/\" width=\"768\" height=\"731\" fetchpriority=\"auto\" src=\"https:\/\/www.europesays.com\/fr\/wp-content\/uploads\/2025\/04\/S5VKD3X55FFF3BW6V4SEHXNP7I.png\"  data- data-optimumx=\"1\"\/>\/ \u00a9IPM GRAPHICS \/ PARLEMENT EUROP\u00c9EN<\/p>\n<p class=\"ap-StoryElement ap-StoryElement--mb ap-StoryText\">\u00c0 noter qu&rsquo;au moment o\u00f9 vont commencer les n\u00e9gociations du cadre financier pluriannuel de l&rsquo;UE pour 2028-2034, 78 % des Europ\u00e9ens et 84 % des Belges sont d&rsquo;avis qu&rsquo;un nombre croissant de projets doivent \u00eatre financ\u00e9s par l&rsquo;Union, et pas par les \u00c9tats membres individuellement.<\/p>\n<p><a href=\"https:\/\/www.lalibre.be\/international\/europe\/2025\/07\/16\/la-commission-propose-un-budget-de-rupture-qui-renforce-son-independance-UF7C4ME7IRFMDAWNBX3GQCENFA\/\" target=\"_blank\" rel=\"noopener noreferrer nofollow\" class=\"ap-StoryInterstitialLink ap-StoryElement ap-StoryElement--mb\">La Commission propose un budget de rupture pour la p\u00e9riode 2028-2034<\/a><\/p>\n<p class=\"ap-StoryElement ap-StoryElement--mb ap-StoryText\">Les citoyens et citoyennes europ\u00e9ens sond\u00e9s sont 37 % (40 % des Belges) \u00e0 penser que la d\u00e9fense et la s\u00e9curit\u00e9 sont le domaine qu&rsquo;il faut renforcer en priorit\u00e9 pour consolider la place de l&rsquo;Union dans le monde. Suivent la comp\u00e9titivit\u00e9, l&rsquo;\u00e9conomie et l&rsquo;industrie, avec 32 % (25 % des Belges), puis l&rsquo;ind\u00e9pendance \u00e9nerg\u00e9tique, les ressources et les infrastructures (27 %, mais 33 % des Belges).<\/p>\n<p class=\"ap-StoryElement ap-StoryElement--mb ap-StoryText\">La lutte contre le changement climatique et la r\u00e9duction des \u00e9missions \u00e0 effet de serre n&rsquo;arrivent qu&rsquo;en 8e position des priorit\u00e9s des sond\u00e9s (17 % \u00e0 l&rsquo;\u00e9chelle de l&rsquo;UE ; 19 % pour les Belges) et la d\u00e9mographie, la migration et le vieillissement de la population en 9e position (17 % des Europ\u00e9ens, 11 % des Belges).<\/p>\n<p><img loading=\"lazy\" decoding=\"async\" class=\"w-full lazyload lazyload--opacity object-contain\" style=\"aspect-ratio:102 \/ 100;opacity:1\" alt=\"https:\/\/www.lalibre.be\/\" width=\"768\" height=\"752\" fetchpriority=\"auto\" src=\"https:\/\/www.europesays.com\/fr\/wp-content\/uploads\/2025\/04\/S5VKD3X55FFF3BW6V4SEHXNP7I.png\"  data- data-optimumx=\"1\"\/>\/ \u00a9PARLEMENT EUROP\u00c9EN \/ IPM GRAPHICS<\/p>\n","protected":false},"excerpt":{"rendered":"\/ \u00a9IPM GRAPHICS \/ PARLEMENT EUROP\u00c9EN \u00c0 noter qu&rsquo;au moment o\u00f9 vont commencer les n\u00e9gociations du cadre financier&hellip;\n","protected":false},"author":2,"featured_media":362585,"comment_status":"","ping_status":"","sticky":false,"template":"","format":"standard","meta":{"footnotes":""},"categories":[1586],"tags":[11,1777,674,1779,1011,27,1227,12,25,1778,364],"class_list":{"0":"post-362584","1":"post","2":"type-post","3":"status-publish","4":"format-standard","5":"has-post-thumbnail","7":"category-europe","8":"tag-actualites","9":"tag-eu","10":"tag-europe","11":"tag-european-union","12":"tag-fr","13":"tag-france","14":"tag-horizontal","15":"tag-news","16":"tag-republique-francaise","17":"tag-ue","18":"tag-union-europeenne"},"share_on_mastodon":{"url":"https:\/\/pubeurope.com\/@fr\/115138898530878478","error":""},"_links":{"self":[{"href":"https:\/\/www.europesays.com\/fr\/wp-json\/wp\/v2\/posts\/362584","targetHints":{"allow":["GET"]}}],"collection":[{"href":"https:\/\/www.europesays.com\/fr\/wp-json\/wp\/v2\/posts"}],"about":[{"href":"https:\/\/www.europesays.com\/fr\/wp-json\/wp\/v2\/types\/post"}],"author":[{"embeddable":true,"href":"https:\/\/www.europesays.com\/fr\/wp-json\/wp\/v2\/users\/2"}],"replies":[{"embeddable":true,"href":"https:\/\/www.europesays.com\/fr\/wp-json\/wp\/v2\/comments?post=362584"}],"version-history":[{"count":0,"href":"https:\/\/www.europesays.com\/fr\/wp-json\/wp\/v2\/posts\/362584\/revisions"}],"wp:featuredmedia":[{"embeddable":true,"href":"https:\/\/www.europesays.com\/fr\/wp-json\/wp\/v2\/media\/362585"}],"wp:attachment":[{"href":"https:\/\/www.europesays.com\/fr\/wp-json\/wp\/v2\/media?parent=362584"}],"wp:term":[{"taxonomy":"category","embeddable":true,"href":"https:\/\/www.europesays.com\/fr\/wp-json\/wp\/v2\/categories?post=362584"},{"taxonomy":"post_tag","embeddable":true,"href":"https:\/\/www.europesays.com\/fr\/wp-json\/wp\/v2\/tags?post=362584"}],"curies":[{"name":"wp","href":"https:\/\/api.w.org\/{rel}","templated":true}]}}