{"id":362588,"date":"2025-09-03T06:16:11","date_gmt":"2025-09-03T06:16:11","guid":{"rendered":"https:\/\/www.europesays.com\/fr\/362588\/"},"modified":"2025-09-03T06:16:11","modified_gmt":"2025-09-03T06:16:11","slug":"vitesse-de-reduction-du-deficit-taxe-zucman-baisse-de-la-csg-le-budget-du-ps-passe-au-crible-liberation","status":"publish","type":"post","link":"https:\/\/www.europesays.com\/fr\/362588\/","title":{"rendered":"Vitesse de r\u00e9duction du d\u00e9ficit, taxe Zucman, baisse de la CSG\u2026 Le budget du PS pass\u00e9 au crible \u2013 Lib\u00e9ration"},"content":{"rendered":"<p class=\"sc-ksZaOG ehjQrN text-element\">\u00abEviter la purge budg\u00e9taire qui est en train d\u2019\u00eatre pr\u00e9par\u00e9e par les services de Matignon.\u00bb Apr\u00e8s avoir pr\u00e9sent\u00e9 samedi 30 ao\u00fbt un budget alternatif \u2013 ou plut\u00f4t une s\u00e9rie de mesures budg\u00e9taires \u2013 lors de ses <a href=\"https:\/\/www.liberation.fr\/politique\/nous-prenons-lengagement-de-ne-pas-utiliser-le-493-a-blois-les-socialistes-sappretent-a-vendre-un-budget-pour-gouverner-20250829_TBT5VEHL6BGHLF3UVMCIC4KZAU\/\" target=\"_blank\" rel=\"noopener\" title=\"https:\/\/www.liberation.fr\/politique\/nous-prenons-lengagement-de-ne-pas-utiliser-le-493-a-blois-les-socialistes-sappretent-a-vendre-un-budget-pour-gouverner-20250829_TBT5VEHL6BGHLF3UVMCIC4KZAU\/\">universit\u00e9s d\u2019\u00e9t\u00e9 \u00e0 Blois<\/a>, Olivier Faure a fait dimanche, sur BFMTV, le service apr\u00e8s-vente. La proposition du premier secr\u00e9taire du Parti socialiste se veut \u00eatre un contre-pied au budget d\u2019aust\u00e9rit\u00e9 pr\u00e9sent\u00e9 par Fran\u00e7ois Bayrou mi-juillet.<\/p>\n","protected":false},"excerpt":{"rendered":"\u00abEviter la purge budg\u00e9taire qui est en train d\u2019\u00eatre pr\u00e9par\u00e9e par les services de Matignon.\u00bb Apr\u00e8s avoir pr\u00e9sent\u00e9&hellip;\n","protected":false},"author":2,"featured_media":362589,"comment_status":"","ping_status":"","sticky":false,"template":"","format":"standard","meta":{"footnotes":""},"categories":[2],"tags":[11,25548,1011,27,12,4393,429,25],"class_list":{"0":"post-362588","1":"post","2":"type-post","3":"status-publish","4":"format-standard","5":"has-post-thumbnail","7":"category-actualites","8":"tag-actualites","9":"tag-budget-public","10":"tag-fr","11":"tag-france","12":"tag-news","13":"tag-olivier-faure","14":"tag-ps","15":"tag-republique-francaise"},"share_on_mastodon":{"url":"https:\/\/pubeurope.com\/@fr\/115138906238343405","error":""},"_links":{"self":[{"href":"https:\/\/www.europesays.com\/fr\/wp-json\/wp\/v2\/posts\/362588","targetHints":{"allow":["GET"]}}],"collection":[{"href":"https:\/\/www.europesays.com\/fr\/wp-json\/wp\/v2\/posts"}],"about":[{"href":"https:\/\/www.europesays.com\/fr\/wp-json\/wp\/v2\/types\/post"}],"author":[{"embeddable":true,"href":"https:\/\/www.europesays.com\/fr\/wp-json\/wp\/v2\/users\/2"}],"replies":[{"embeddable":true,"href":"https:\/\/www.europesays.com\/fr\/wp-json\/wp\/v2\/comments?post=362588"}],"version-history":[{"count":0,"href":"https:\/\/www.europesays.com\/fr\/wp-json\/wp\/v2\/posts\/362588\/revisions"}],"wp:featuredmedia":[{"embeddable":true,"href":"https:\/\/www.europesays.com\/fr\/wp-json\/wp\/v2\/media\/362589"}],"wp:attachment":[{"href":"https:\/\/www.europesays.com\/fr\/wp-json\/wp\/v2\/media?parent=362588"}],"wp:term":[{"taxonomy":"category","embeddable":true,"href":"https:\/\/www.europesays.com\/fr\/wp-json\/wp\/v2\/categories?post=362588"},{"taxonomy":"post_tag","embeddable":true,"href":"https:\/\/www.europesays.com\/fr\/wp-json\/wp\/v2\/tags?post=362588"}],"curies":[{"name":"wp","href":"https:\/\/api.w.org\/{rel}","templated":true}]}}