{"id":362590,"date":"2025-09-03T06:17:16","date_gmt":"2025-09-03T06:17:16","guid":{"rendered":"https:\/\/www.europesays.com\/fr\/362590\/"},"modified":"2025-09-03T06:17:16","modified_gmt":"2025-09-03T06:17:16","slug":"un-premier-defi-a-relever-pour-saintes-face-a-une-starligue","status":"publish","type":"post","link":"https:\/\/www.europesays.com\/fr\/362590\/","title":{"rendered":"un premier d\u00e9fi \u00e0 relever pour Saintes face \u00e0 une Starligue"},"content":{"rendered":"<p>Ce mercredi 3\u00a0septembre \u00e0 20\u00a0h\u00a030, les Saintais accueillent Chartres pour une rencontre qui fera office de super match de gala. Mais aussi de travail en vue d\u2019un championnat qui s\u2019annonce ardu. Une belle affiche qui se d\u00e9roulera donc au Grand-Coudret. Pour les 16es de finale de la Coupe de France, c\u2019est dans son port d\u2019attache que la toute nouvelle \u00e9quipe fanion de l\u2019US Saintes compte bien poser probl\u00e8me \u00e0 des Eur\u00e9liens plus exp\u00e9riment\u00e9s.<\/p>\n<p>En effet, les Maritimes comptent bien se d\u00e9marquer pour rester dans cette r\u00e9gate r\u00e9serv\u00e9e exclusivement aux \u00e9quipes de Starligue (D1) et Proligue (D2). \u00ab\u00a0Je n\u2019ai pas grand-chose \u00e0 dire sur cette rencontre, si ce n\u2019est qu\u2019il y a quand m\u00eame un grand \u00e9cart entre cette \u00e9quipe de premi\u00e8re division et nous. Donc, nous y allons sans nous mettre la pression. Par contre, s\u2019agissant d\u2019une rencontre \u00e0 domicile, on a vraiment l\u2019intention de proposer notre meilleur handball pour voir ce que l\u2019on est capable de faire face \u00e0 une formation comme Chartres. C\u2019est s\u00fbr, on va tout faire pour essayer d\u2019aller cherche quelque chose\u2026 comme une victoire\u00a0!\u00a0\u00bb, confie Yannick Verdier, le coach des Fox.<\/p>\n<p>Uelington, nouveau capitaine<\/p>\n<p>Avec 10 nouveaux arrivants et seulement 4 anciens \u2013 mais pas des moindres \u2013, il y aura encore des r\u00e9glages \u00e0 faire pour coordonner ce groupe avec minutie. Et cela a d\u00e9but\u00e9 avec le remplacement d\u2019Axel Rosier, l\u2019ancien capitaine de l\u2019US qui professionnellement a d\u00fb quitter le circuit handballistique.<\/p>\n<p>Dor\u00e9navant, ce r\u00f4le de valeur d\u2019exemple, qui est de mettre en avant son \u00e9quipe, la faire progresser sans se d\u00e9courager au premier obstacle et l\u2019amener vers la victoire, revient \u00e0 Uelington Da Silva Ferreira, 39\u00a0ans, de nationalit\u00e9 br\u00e9silienne. En provenance de Tremblay-en-France, il tiendra le poste d\u2019arri\u00e8re droit. Il a \u00e9t\u00e9 h\u00e9rit\u00e9 du capitainat car il s\u2019agit du joueur le plus exp\u00e9riment\u00e9, triple champion de France de Proligue, deux fois \u00e0 Saran puis l\u2019ann\u00e9e derni\u00e8re avec Tremblay.<\/p>\n<p>\u00ab\u00a0Matchs de rodage\u00a0\u00bb<\/p>\n<p>Ce qui n\u2019est pas n\u00e9gligeable, car il a l\u2019habitude de ce niveau de jeu. Il en conna\u00eet la rigueur et l\u2019exigence pour gagner des matchs. De surcro\u00eet dans le pass\u00e9, par deux fois, il a tenu ce r\u00f4le de capitaine, en Hongrie puis au Portugal.<\/p>\n<p>Uelington de rappeler\u00a0: \u00ab\u00a0Avec les copains cela fait d\u00e9j\u00e0 un mois que l\u2019on bosse ensemble et toute l\u2019\u00e9quipe va bien. Professionnellement, on t\u00e2che encore de r\u00e9gler des probl\u00e8mes de tactique bas\u00e9s sur la d\u00e9fense et l\u2019attaque, ainsi que sur nos soucis de communication, pour nous permettre d\u2019affiner notre feeling. On va jouer Chartres sans s\u2019occuper de son statut, on va simplement faire notre jeu pour gagner. Les matchs de pr\u00e9paration restent des matchs de rodage et bien que l\u2019on en ait perdu deux face \u00e0 Angers, cette rencontre de Coupe de France va avant tout permettre \u00e0 notre \u00e9quipe de trouver la bonne route pour s\u2019attaquer \u00e0 100\u00a0% au championnat. Justement face \u00e0 Angers \u00e0 la maison.\u00a0\u00bb<\/p>\n<p>    Saintes (Proligue) &#8211; Chartres (Starligue)<br \/>\n<strong>Lieu<\/strong>\u00a0Saintes (Grand-Coudret) <strong>Horaire<\/strong>\u00a0Samedi 3\u00a0septembre, \u00e0 20\u00a0h\u00a030\u00a0<strong>Arbitres<\/strong>\u00a0MMes Derache et Plouhinec<br \/><strong>SAINTES<\/strong>\u00a0Gardiens\u00a0: Ewe, S.\u00a0Traor\u00e9. Les joueurs\u00a0: Begarin, Chatillon, Uelington (cap), Goupillon, Hakiki, Kouadio, Lappara, Lenclume, Modest, Paul, Pierson, K.\u00a0Traor\u00e9<\/p>\n","protected":false},"excerpt":{"rendered":"Ce mercredi 3\u00a0septembre \u00e0 20\u00a0h\u00a030, les Saintais accueillent Chartres pour une rencontre qui fera office de super match&hellip;\n","protected":false},"author":2,"featured_media":362591,"comment_status":"","ping_status":"","sticky":false,"template":"","format":"standard","meta":{"footnotes":""},"categories":[4],"tags":[11,1011,27,12,25],"class_list":{"0":"post-362590","1":"post","2":"type-post","3":"status-publish","4":"format-standard","5":"has-post-thumbnail","7":"category-france","8":"tag-actualites","9":"tag-fr","10":"tag-france","11":"tag-news","12":"tag-republique-francaise"},"share_on_mastodon":{"url":"https:\/\/pubeurope.com\/@fr\/115138910103318153","error":""},"_links":{"self":[{"href":"https:\/\/www.europesays.com\/fr\/wp-json\/wp\/v2\/posts\/362590","targetHints":{"allow":["GET"]}}],"collection":[{"href":"https:\/\/www.europesays.com\/fr\/wp-json\/wp\/v2\/posts"}],"about":[{"href":"https:\/\/www.europesays.com\/fr\/wp-json\/wp\/v2\/types\/post"}],"author":[{"embeddable":true,"href":"https:\/\/www.europesays.com\/fr\/wp-json\/wp\/v2\/users\/2"}],"replies":[{"embeddable":true,"href":"https:\/\/www.europesays.com\/fr\/wp-json\/wp\/v2\/comments?post=362590"}],"version-history":[{"count":0,"href":"https:\/\/www.europesays.com\/fr\/wp-json\/wp\/v2\/posts\/362590\/revisions"}],"wp:featuredmedia":[{"embeddable":true,"href":"https:\/\/www.europesays.com\/fr\/wp-json\/wp\/v2\/media\/362591"}],"wp:attachment":[{"href":"https:\/\/www.europesays.com\/fr\/wp-json\/wp\/v2\/media?parent=362590"}],"wp:term":[{"taxonomy":"category","embeddable":true,"href":"https:\/\/www.europesays.com\/fr\/wp-json\/wp\/v2\/categories?post=362590"},{"taxonomy":"post_tag","embeddable":true,"href":"https:\/\/www.europesays.com\/fr\/wp-json\/wp\/v2\/tags?post=362590"}],"curies":[{"name":"wp","href":"https:\/\/api.w.org\/{rel}","templated":true}]}}