{"id":362596,"date":"2025-09-03T06:23:11","date_gmt":"2025-09-03T06:23:11","guid":{"rendered":"https:\/\/www.europesays.com\/fr\/362596\/"},"modified":"2025-09-03T06:23:11","modified_gmt":"2025-09-03T06:23:11","slug":"franco-morbidelli-renforce-son-contrat-avec-vr46","status":"publish","type":"post","link":"https:\/\/www.europesays.com\/fr\/362596\/","title":{"rendered":"Franco Morbidelli renforce son contrat avec VR46"},"content":{"rendered":"<p>ARTA \u2013 L\u2019\u00e9quipe de course Pertamina Enduro VR46 Racing Team appartenant \u00e0 Valentino Rossi a officiellement prolong\u00e9 le contrat de Franco Morbidelli jusqu\u2019\u00e0 la fin de la saison de comp\u00e9tition 2026.<\/p>\n<p>Morbidelli suivait son coll\u00e8gue d\u2019\u00e9quipe, Fabio Di Giannant svp, qui avait d\u00e9j\u00e0 pr\u00e9tendu de prolongation de contrat jusqu\u2019\u00e0 fin 2026 en ao\u00fbt 2024.<\/p>\n<p>\u00ab Le voyage se poursuit. Franco Morbidelli portera l\u2019uniforme de la \u00e9quipe de course Pertamina Enduro VR46 jusqu\u2019en 2026 \u00bb, a \u00e9crit le MotoGP sur leur site officiel.<\/p>\n<p>VR46 a donn\u00e9 un nouveau contrat pour Morbidelli apr\u00e8s son succ\u00e8s en pouvoir grimper au podium jusqu\u2019\u00e0 cette saison. Il a totalis\u00e9 deux fois le troisi\u00e8me podium, cons\u00e9cutives en Argentine et au Qatar.<\/p>\n<p>en outre, il est \u00e9galement sur les podiums de Sprint Race au Qatar et en Hongrie. La prolongation du contrat de Morbidelli rend automatiquement la formation de Pertamina Enduro VR46 Racing Team lors de la saison comp\u00e9tition de l\u2019ann\u00e9e prochaine compl\u00e8te.<\/p>\n<p>\u00bb Mon amour pour cette \u00e9quipe est profond. Je me sens tr\u00e8s \u00e0 l\u2019aise ici et j\u2019ai une relation incroyable avec chaque membre de l\u2019\u00e9quipe \u00bb, a d\u00e9clar\u00e9 Morbidelli.<\/p>\n<p>Morbidelli a \u00e9t\u00e9 le premier pilote de la VR46 Rums Academy. Il est \u00e9galement le premier pilote du projet \u00e0 remporter avec succ\u00e8s le titre des Championnats du monde en Moto2 en 2017.<\/p>\n<p>ero fait partie de la VR46 Rums Academy d\u00e8s le d\u00e9but. Voyant le porter la couleur de l\u2019\u00e9quipe de Racing Pertamina Enduro VR46 a une signification sp\u00e9ciale pour nous, c\u2019est comme \u00eatre revenu au d\u00e9but \u00bb, a d\u00e9clar\u00e9 Alessio Salucci, directeur de la VR46, dans un communiqu\u00e9.<\/p>\n<p>Morbidelli est actuellement class\u00e9 sixi\u00e8me au classement MotoGP 2025. Il a jusqu\u2019\u00e0 pr\u00e9sent r\u00e9colt\u00e9 161 points sur 14 s\u00e9ries en cours.<\/p>\n<p>The English, Chinese, Japanese, Arabic, and French versions are automatically generated by the AI. So there may still be inaccuracies in translating, please always see Indonesian as our main language.<br \/>\n                                    (system supported by DigitalSiber.id)<\/p>\n","protected":false},"excerpt":{"rendered":"ARTA \u2013 L\u2019\u00e9quipe de course Pertamina Enduro VR46 Racing Team appartenant \u00e0 Valentino Rossi a officiellement prolong\u00e9 le&hellip;\n","protected":false},"author":2,"featured_media":362597,"comment_status":"","ping_status":"","sticky":false,"template":"","format":"standard","meta":{"footnotes":""},"categories":[1413],"tags":[1011,27,7985,1457,1456,1458,49759,60,5929,49760],"class_list":{"0":"post-362596","1":"post","2":"type-post","3":"status-publish","4":"format-standard","5":"has-post-thumbnail","7":"category-moto","8":"tag-fr","9":"tag-france","10":"tag-franco-morbidelli","11":"tag-moto","12":"tag-motocycle","13":"tag-motogp","14":"tag-pertamina-enduro-vr46-racing-team","15":"tag-sports","16":"tag-valentino-rossi","17":"tag-vr46-racing-team"},"share_on_mastodon":{"url":"https:\/\/pubeurope.com\/@fr\/115138933809408443","error":""},"_links":{"self":[{"href":"https:\/\/www.europesays.com\/fr\/wp-json\/wp\/v2\/posts\/362596","targetHints":{"allow":["GET"]}}],"collection":[{"href":"https:\/\/www.europesays.com\/fr\/wp-json\/wp\/v2\/posts"}],"about":[{"href":"https:\/\/www.europesays.com\/fr\/wp-json\/wp\/v2\/types\/post"}],"author":[{"embeddable":true,"href":"https:\/\/www.europesays.com\/fr\/wp-json\/wp\/v2\/users\/2"}],"replies":[{"embeddable":true,"href":"https:\/\/www.europesays.com\/fr\/wp-json\/wp\/v2\/comments?post=362596"}],"version-history":[{"count":0,"href":"https:\/\/www.europesays.com\/fr\/wp-json\/wp\/v2\/posts\/362596\/revisions"}],"wp:featuredmedia":[{"embeddable":true,"href":"https:\/\/www.europesays.com\/fr\/wp-json\/wp\/v2\/media\/362597"}],"wp:attachment":[{"href":"https:\/\/www.europesays.com\/fr\/wp-json\/wp\/v2\/media?parent=362596"}],"wp:term":[{"taxonomy":"category","embeddable":true,"href":"https:\/\/www.europesays.com\/fr\/wp-json\/wp\/v2\/categories?post=362596"},{"taxonomy":"post_tag","embeddable":true,"href":"https:\/\/www.europesays.com\/fr\/wp-json\/wp\/v2\/tags?post=362596"}],"curies":[{"name":"wp","href":"https:\/\/api.w.org\/{rel}","templated":true}]}}