{"id":362598,"date":"2025-09-03T06:24:09","date_gmt":"2025-09-03T06:24:09","guid":{"rendered":"https:\/\/www.europesays.com\/fr\/362598\/"},"modified":"2025-09-03T06:24:09","modified_gmt":"2025-09-03T06:24:09","slug":"les-entraineurs-de-plus-en-plus-jeunes-sauf-en-ligue-1","status":"publish","type":"post","link":"https:\/\/www.europesays.com\/fr\/362598\/","title":{"rendered":"les entra\u00eeneurs de plus en plus jeunes, sauf en Ligue 1"},"content":{"rendered":"<p>Son nom ne vous dit pas grand-chose et pourtant, Carlos Cuesta a \u00e9t\u00e9 l&rsquo;une des attractions de l&rsquo;\u00e9t\u00e9. Il avait seulement 29\u202fans lorsque Parme l&rsquo;a choisi comme entra\u00eeneur en juin. Si l&rsquo;Espagnol est depuis entr\u00e9 dans la trentaine, son \u00e2ge continue d&rsquo;interpeller.<\/p>\n<p>\u00ab\u202fDans mon parcours, \u00e7a a toujours \u00e9t\u00e9 le cas, mais pour moi ce n&rsquo;est qu&rsquo;un nombre\u202f\u00bb, a d\u00e9min\u00e9 l&rsquo;ancien adjoint de Mikel Arteta \u00e0 <a href=\"https:\/\/www.latribune.fr\/la-tribune-dimanche\/sports\/gilles-grimandi-arsenal-a-depense-beaucoup-d-argent-mais-l-a-bien-depense-1023670.html\" target=\"_blank\" rel=\"noopener\">Arsenal<\/a> dans un italien fluide qui rappelle un passage \u00e0 la Juventus mais aussi une pr\u00e9paration minutieuse. Il a r\u00e9clam\u00e9 d&rsquo;\u00eatre jug\u00e9 sur les r\u00e9sultats de son \u00e9quipe et s&rsquo;ils n&rsquo;\u00e9taient pas \u00e0 la hauteur, que sa date de naissance ne constitue pas un \u00ab\u202falibi\u202f\u00bb.<\/p>\n<p>L&rsquo;ancien membre du staff des Gunners illustre le rajeunissement du m\u00e9tier. Il y a quatre ans, le benjamin sur le banc de touche d&rsquo;un club de premi\u00e8re division en Europe de l&rsquo;Ouest avait 30\u202fans r\u00e9volus \u00e0 sa prise de fonction : Edward Still \u00e0 Charleroi (Belgique). \u00c0 l&rsquo;\u00e9chelle plan\u00e9taire, les recensements effectu\u00e9s par l&rsquo;Observatoire du football entre 2020 et 2022 indiquaient que l&rsquo;\u00e2ge du plus jeune entra\u00eeneur avait diminu\u00e9 de six mois, pour atteindre un peu plus de 26\u202fans, ce qui correspond plut\u00f4t \u00e0 l&rsquo;\u00e2ge de la maturit\u00e9 des footballeurs.<\/p>\n","protected":false},"excerpt":{"rendered":"Son nom ne vous dit pas grand-chose et pourtant, Carlos Cuesta a \u00e9t\u00e9 l&rsquo;une des attractions de l&rsquo;\u00e9t\u00e9.&hellip;\n","protected":false},"author":2,"featured_media":362599,"comment_status":"","ping_status":"","sticky":false,"template":"","format":"standard","meta":{"footnotes":""},"categories":[1412],"tags":[6253,17,49761,1451,63,1452,1453,1454,1455,1011,27,4074,151,378,60],"class_list":{"0":"post-362598","1":"post","2":"type-post","3":"status-publish","4":"format-standard","5":"has-post-thumbnail","7":"category-f1","8":"tag-sauf","9":"tag-17","10":"tag-entraineurs","11":"tag-f1","12":"tag-football","13":"tag-formula-1","14":"tag-formula1","15":"tag-formule-1","16":"tag-formule1","17":"tag-fr","18":"tag-france","19":"tag-jeunes","20":"tag-les","21":"tag-plus","22":"tag-sports"},"share_on_mastodon":{"url":"https:\/\/pubeurope.com\/@fr\/115138937978986351","error":""},"_links":{"self":[{"href":"https:\/\/www.europesays.com\/fr\/wp-json\/wp\/v2\/posts\/362598","targetHints":{"allow":["GET"]}}],"collection":[{"href":"https:\/\/www.europesays.com\/fr\/wp-json\/wp\/v2\/posts"}],"about":[{"href":"https:\/\/www.europesays.com\/fr\/wp-json\/wp\/v2\/types\/post"}],"author":[{"embeddable":true,"href":"https:\/\/www.europesays.com\/fr\/wp-json\/wp\/v2\/users\/2"}],"replies":[{"embeddable":true,"href":"https:\/\/www.europesays.com\/fr\/wp-json\/wp\/v2\/comments?post=362598"}],"version-history":[{"count":0,"href":"https:\/\/www.europesays.com\/fr\/wp-json\/wp\/v2\/posts\/362598\/revisions"}],"wp:featuredmedia":[{"embeddable":true,"href":"https:\/\/www.europesays.com\/fr\/wp-json\/wp\/v2\/media\/362599"}],"wp:attachment":[{"href":"https:\/\/www.europesays.com\/fr\/wp-json\/wp\/v2\/media?parent=362598"}],"wp:term":[{"taxonomy":"category","embeddable":true,"href":"https:\/\/www.europesays.com\/fr\/wp-json\/wp\/v2\/categories?post=362598"},{"taxonomy":"post_tag","embeddable":true,"href":"https:\/\/www.europesays.com\/fr\/wp-json\/wp\/v2\/tags?post=362598"}],"curies":[{"name":"wp","href":"https:\/\/api.w.org\/{rel}","templated":true}]}}