{"id":362600,"date":"2025-09-03T06:25:14","date_gmt":"2025-09-03T06:25:14","guid":{"rendered":"https:\/\/www.europesays.com\/fr\/362600\/"},"modified":"2025-09-03T06:25:14","modified_gmt":"2025-09-03T06:25:14","slug":"le-parcours-et-le-profil-de-la-11e-etape-du-tour-despagne-ce-mercredi-3-septembre","status":"publish","type":"post","link":"https:\/\/www.europesays.com\/fr\/362600\/","title":{"rendered":"Le parcours et le profil de la 11e \u00e9tape du Tour d\u2019Espagne ce mercredi 3\u00a0septembre"},"content":{"rendered":"<p>Mercredi, la 11e \u00e9tape du Tour d\u2019Espagne se d\u00e9roule \u00e0 Bilbao, au <a href=\"https:\/\/www.20minutes.fr\/dossier\/pays_basque\" class=\"c-link c-link--is-underlined\" rel=\"nofollow noopener\" target=\"_blank\">Pays basque<\/a> espagnol, sur 167 kilom\u00e8tres. Des mont\u00e9es raides et courtes pars\u00e8ment ce parcours qui ressemble fortement aux classiques ardennaises.<\/p>\n<p>\u00c0 quelle heure et sur quelle cha\u00eene voir la 11e \u00e9tape de la Vuelta 2025<\/p>\n<p>La course sera diffus\u00e9e \u00e0 partir de 13h15, le mercredi 3\u00a0septembre 2025 sur <a href=\"https:\/\/www.20minutes.fr\/dossier\/eurosport\" class=\"c-link c-link--is-underlined\" rel=\"nofollow noopener\" target=\"_blank\">Eurosport<\/a>, en direct.<\/p>\n<p>Le profil de la 11e \u00e9tape de la Vuelta 2025<img decoding=\"async\" alt=\"Le profil de la 11e \u00e9tape de la Vuelta 2025\" class=\"c-img\" loading=\"lazy\" fetchpriority=\"auto\" width=\"718\"  src=\"https:\/\/img.20mn.fr\/G9JN8Gv0RG-wpfN6mmscmyk\/718x0\" \/>Le profil de la 11e \u00e9tape de la Vuelta 2025\u2002-\u00a0ASO<\/p>\n<p>3185 m\u00e8tres de d\u00e9nivel\u00e9 attendent les coureurs lors de cette course aux allures de montagnes russes. <\/p>\n<p class=\"mb-xxl@xs color-ultramarine font-weight-semi-bold@xs font-source-serif-pro heading-s@xs\">L\u2019acc\u00e8s \u00e0 ce contenu a \u00e9t\u00e9 bloqu\u00e9 afin de respecter votre choix de consentement<\/p>\n<p class=\"mb-m@xs text-l@xs\">En cliquant sur\u00ab J\u2019accepte \u00bb, vous acceptez le d\u00e9p\u00f4t de cookies par des services externes et aurez ainsi acc\u00e8s aux contenus de nos partenaires.<\/p>\n<p class=\"mb-xl@xs text-s@xs\">Plus d\u2019informations sur la page<a href=\"https:\/\/www.20minutes.fr\/gestion-cookies\" class=\"mx-xxs@xs color-ultramarine\" rel=\"nofollow noopener\" target=\"_blank\">Politique de gestion des cookies<\/a><\/p>\n<p>J\u2019accepteLe parcours de la 11\u00e8me \u00e9tape du Tour d\u2019Espagne 2025<\/p>\n<p>C\u2019est la 34e fois que le d\u00e9part de la Vuelta sera donn\u00e9 \u00e0 Bilbao. La ville basque a \u00e9galement accueilli 44 arriv\u00e9es.<\/p>\n<p><img decoding=\"async\" alt=\"Le parcours de la 11e \u00e9tape de la Vuelta\" class=\"c-img\" loading=\"lazy\" fetchpriority=\"auto\" width=\"718\"  src=\"https:\/\/img.20mn.fr\/h9kmnIqaQQSimSIFHcF_Hik\/718x0\" \/>Le parcours de la 11e \u00e9tape de la Vuelta\u2002-\u00a0SOURCE sanlucacc<\/p>\n<p>La premi\u00e8re ascension du jour sera celle de l\u2019Alto de Laukiz, avec ses 2,6 kilom\u00e8tres \u00e0 6,6\u00a0%, (passage \u00e0 12\u00a0%). Puis viendra le tour du Puerto de San Pelayo, sur 4 kilom\u00e8tres avec 7,3\u00a0% de moyenne.<\/p>\n<p>Les coureurs passeront par Guernica, c\u00e9l\u00e8bre pour le tableau de Pablo Picasso. Ils devront gravir le Balc\u00f3n de Bizkaia (4,3 kilom\u00e8tres \u00e0 5,8\u00a0%) et l\u2019Alto de Morga (4,1 kilom\u00e8tres \u00e0 4,8\u00a0%). La double ascension de l\u2019Alto del Vivero (4,7 kilom\u00e8tres \u00e0 7,8\u00a0%) marquera les organismes. Pour finir, les participants aborderont l\u2019Alto de Pike (2,2 kilom\u00e8tres \u00e0 9,1\u00a0% de moyenne) et le retour sur <a href=\"https:\/\/www.20minutes.fr\/dossier\/bilbao\" class=\"c-link c-link--is-underlined\" rel=\"nofollow noopener\" target=\"_blank\">Bilbao<\/a>. En\u00a02022, c\u2019est Marc Soler qui avait lev\u00e9 les bras dans cette ville.<\/p>\n<p>Le Top 10 au classement g\u00e9n\u00e9ral avant la 11e \u00e9tape de la Vuelta 2025<\/p>\n<ol>\n<li>Jonas Vingegaard &#8211; Visma Lease a Bike 37h33&rsquo;52\u00a0\u00bb<\/li>\n<li>Torstein Traeen Bahrain Victorious \u00e0 26\u00a0\u00bb<\/li>\n<li>Jo\u00e3o Almeida &#8211; <a href=\"https:\/\/www.20minutes.fr\/dossier\/uae\" class=\"c-link c-link--is-underlined\" rel=\"nofollow noopener\" target=\"_blank\">UAE<\/a> Team Emirates \u00e0 38\u00a0\u00bb<\/li>\n<li>Thomas Pidcock &#8211; Q36.5 \u00e0 58\u00a0\u00bb<\/li>\n<li>Felix Gall &#8211; Decathlon <a href=\"https:\/\/www.20minutes.fr\/dossier\/ag2r\" class=\"c-link c-link--is-underlined\" rel=\"nofollow noopener\" target=\"_blank\">AG2R<\/a> La Mondiale \u00e0 02&rsquo;03\u00a0\u00bb<\/li>\n<li>Giulio Ciccone &#8211; <a href=\"https:\/\/www.20minutes.fr\/economie\/lidl\/\" class=\"c-link c-link--is-underlined\" rel=\"nofollow noopener\" target=\"_blank\">Lidl<\/a> &#8211; Trek \u00e0 02&rsquo;05\u00a0\u00bb<\/li>\n<li>Matteo Jorgenson &#8211; Visma Lease a Bike \u00e0 02&rsquo;12\u00a0\u00bb<\/li>\n<li>Jai Hindley &#8211; RedBull &#8211; Bora-Hansgrohe \u00e0 02&rsquo;16\u00a0\u00bb<\/li>\n<li>Giulio Pellizzari &#8211; RedBull &#8211; Bora-Hansgrohe \u00e0 02&rsquo;16\u00a0\u00bb<\/li>\n<li>Matthew Riccitello &#8211; Israel &#8211; Premier Tech \u00e0 02&rsquo;43\u00a0\u00bb<\/li>\n<\/ol>\n<p>Les favoris de la 11e \u00e9tape<\/p>\n<p>Thomas Pidcock conna\u00eet bien les lieux apr\u00e8s avoir remport\u00e9 la derni\u00e8re Cl\u00e1sica San Sebasti\u00e1n. \u00c9videmment Giulio Ciccone et Jonas Vingegaard seront parmi les protagonistes si l&rsquo;on en croit leur forme du moment. Jai Hindley, Juan Ayuso et Joao Almeida voudront \u00e0 nouveau se montrer, \u00e0 n\u2019en pas douter.<\/p>\n","protected":false},"excerpt":{"rendered":"Mercredi, la 11e \u00e9tape du Tour d\u2019Espagne se d\u00e9roule \u00e0 Bilbao, au Pays basque espagnol, sur 167 kilom\u00e8tres.&hellip;\n","protected":false},"author":2,"featured_media":362601,"comment_status":"","ping_status":"","sticky":false,"template":"","format":"standard","meta":{"footnotes":""},"categories":[1411],"tags":[1154,207,34966,1011,27,27884,517,60,47885],"class_list":{"0":"post-362600","1":"post","2":"type-post","3":"status-publish","4":"format-standard","5":"has-post-thumbnail","7":"category-cyclisme","8":"tag-cycling","9":"tag-cyclisme","10":"tag-david-gaudu","11":"tag-fr","12":"tag-france","13":"tag-jonas-vingegaard","14":"tag-sport","15":"tag-sports","16":"tag-vuelta"},"share_on_mastodon":{"url":"https:\/\/pubeurope.com\/@fr\/115138942123915990","error":""},"_links":{"self":[{"href":"https:\/\/www.europesays.com\/fr\/wp-json\/wp\/v2\/posts\/362600","targetHints":{"allow":["GET"]}}],"collection":[{"href":"https:\/\/www.europesays.com\/fr\/wp-json\/wp\/v2\/posts"}],"about":[{"href":"https:\/\/www.europesays.com\/fr\/wp-json\/wp\/v2\/types\/post"}],"author":[{"embeddable":true,"href":"https:\/\/www.europesays.com\/fr\/wp-json\/wp\/v2\/users\/2"}],"replies":[{"embeddable":true,"href":"https:\/\/www.europesays.com\/fr\/wp-json\/wp\/v2\/comments?post=362600"}],"version-history":[{"count":0,"href":"https:\/\/www.europesays.com\/fr\/wp-json\/wp\/v2\/posts\/362600\/revisions"}],"wp:featuredmedia":[{"embeddable":true,"href":"https:\/\/www.europesays.com\/fr\/wp-json\/wp\/v2\/media\/362601"}],"wp:attachment":[{"href":"https:\/\/www.europesays.com\/fr\/wp-json\/wp\/v2\/media?parent=362600"}],"wp:term":[{"taxonomy":"category","embeddable":true,"href":"https:\/\/www.europesays.com\/fr\/wp-json\/wp\/v2\/categories?post=362600"},{"taxonomy":"post_tag","embeddable":true,"href":"https:\/\/www.europesays.com\/fr\/wp-json\/wp\/v2\/tags?post=362600"}],"curies":[{"name":"wp","href":"https:\/\/api.w.org\/{rel}","templated":true}]}}