{"id":362604,"date":"2025-09-03T06:27:12","date_gmt":"2025-09-03T06:27:12","guid":{"rendered":"https:\/\/www.europesays.com\/fr\/362604\/"},"modified":"2025-09-03T06:27:12","modified_gmt":"2025-09-03T06:27:12","slug":"france-3-a-choisi-stephane-bern-pour-remplacer-cyril-feraud-a-la-presentation-de-la-carte-aux-tresors","status":"publish","type":"post","link":"https:\/\/www.europesays.com\/fr\/362604\/","title":{"rendered":"France 3 a choisi St\u00e9phane Bern pour remplacer Cyril F\u00e9raud \u00e0 la pr\u00e9sentation de \u00ab La Carte aux tr\u00e9sors \u00bb"},"content":{"rendered":"<p class=\"mb-4 text-lg md:leading-8 break-words\"><a data-i13n=\"cpos:1;pos:1\" href=\"https:\/\/www.huffingtonpost.fr\/medias\/article\/la-carte-aux-tresors-pourquoi-vous-verrez-moins-les-helico-cette-annee_198111.html\" rel=\"nofollow noopener\" target=\"_blank\" data-ylk=\"slk:\u00ab La Carte aux tr\u00e9sors \u00bb;cpos:1;pos:1;elm:context_link;itc:0;sec:content-canvas\" class=\"link \">\u00ab La Carte aux tr\u00e9sors \u00bb <\/a>a un nouveau visage. L\u2019animateur Cyril F\u00e9raud, qui pr\u00e9sentait l\u2019\u00e9mission sur France 3 depuis 2018, a d\u00e9cid\u00e9 de laisser sa place et pas \u00e0 n\u2019importe qui : <a data-i13n=\"cpos:2;pos:1\" href=\"https:\/\/fr.news.yahoo.com\/st%C3%A9phane-bern-quitte-bien-europe-071848130.html\" data-ylk=\"slk:c\u2019est St\u00e9phane Bern;cpos:2;pos:1;elm:context_link;itc:0;sec:content-canvas;outcm:mb_qualified_link;_E:mb_qualified_link;ct:story;\" class=\"link  yahoo-link\" rel=\"nofollow noopener\" target=\"_blank\">c\u2019est St\u00e9phane Bern<\/a> qui prendra la rel\u00e8ve. Dans un message sur X, il a f\u00e9licit\u00e9 son successeur et remerci\u00e9 les fid\u00e8les de l\u2019aventure.<\/p>\n<p class=\"mb-4 text-lg md:leading-8 break-words\">\u00ab Tout le bonheur pour toi <a data-i13n=\"cpos:3;pos:1\" href=\"https:\/\/fr.news.yahoo.com\/st%C3%A9phane-bern-%C3%A9lu-conseiller-municipal-200303636.html\" data-ylk=\"slk:mon cher St\u00e9phane Bern;cpos:3;pos:1;elm:context_link;itc:0;sec:content-canvas;outcm:mb_qualified_link;_E:mb_qualified_link;ct:story;\" class=\"link  yahoo-link\" rel=\"nofollow noopener\" target=\"_blank\">mon cher St\u00e9phane Bern <\/a>dans cette merveilleuse aventure Longue vie \u00e0<a data-i13n=\"cpos:4;pos:1\" href=\"https:\/\/www.huffingtonpost.fr\/culture\/article\/sans-la-chasse-au-tresor-fort-boyard-n-aurait-jamais-vu-le-jour_143651.html\" rel=\"nofollow noopener\" target=\"_blank\" data-ylk=\"slk:La Carte aux tr\u00e9sors;cpos:4;pos:1;elm:context_link;itc:0;sec:content-canvas\" class=\"link \"> La Carte aux tr\u00e9sors <\/a>! Et merci aux fid\u00e8les t\u00e9l\u00e9spectateurs et \u00e0 la formidable \u00e9quipe de l\u2019\u00e9mission pour ces 8 saisons inoubliables \u00bb, a \u00e9crit Cyril F\u00e9raud sur le r\u00e9seau social.<\/p>\n<p class=\"mb-4 text-lg md:leading-8 break-words\"><a data-i13n=\"cpos:5;pos:1\" href=\"https:\/\/fr.news.yahoo.com\/sites-loto-patrimoine-2025-carbets-092822209.html\" data-ylk=\"slk:Voici les sites du Loto du Patrimoine 2025, des Carbets de Guyane \u00e0 la Halle Baltard;cpos:5;pos:1;elm:context_link;itc:0;sec:content-canvas;outcm:mb_qualified_link;_E:mb_qualified_link;ct:story;\" class=\"link  yahoo-link\" rel=\"nofollow noopener\" target=\"_blank\"> Voici les sites du Loto du Patrimoine 2025, des Carbets de Guyane \u00e0 la Halle Baltard <\/a><\/p>\n<p class=\"mb-4 text-lg md:leading-8 break-words\">Ce dernier avait annonc\u00e9 fin ao\u00fbt qu\u2019il ne souhaitait pas continuer la pr\u00e9sentation de l\u2019\u00e9mission <a data-i13n=\"cpos:6;pos:1\" href=\"https:\/\/fr.news.yahoo.com\/cyril-f%C3%A9raud-annonce-qu-devenu-150018711.html\" data-ylk=\"slk:\u00e0 cause d\u2019un agenda trop charg\u00e9;cpos:6;pos:1;elm:context_link;itc:0;sec:content-canvas;outcm:mb_qualified_link;_E:mb_qualified_link;ct:story;\" class=\"link  yahoo-link\" rel=\"nofollow noopener\" target=\"_blank\">\u00e0 cause d\u2019un agenda trop charg\u00e9<\/a>. Il faut dire qu\u2019il s\u2019occupe d\u00e9j\u00e0 de Tout le monde veut prendre sa place, 100 % Logique, Duels en famille ou encore The Floor. Et pour couronner le tout, il animera \u00e9galement d\u00e8s le 13 septembre prochain le nouveau jeu de France 2 Intuition.<\/p>\n<p class=\"mb-4 text-lg md:leading-8 break-words\">\u00ab Merci chef Cyril F\u00e9raud, et je m\u2019efforcerai de faire aussi bien que toi, avec le bonheur de d\u00e9fendre le patrimoine de nos belles r\u00e9gions fran\u00e7aises \u00bb, a r\u00e9pondu l\u2019int\u00e9ress\u00e9 sur X.<\/p>\n<p>Un choix \u00ab logique \u00bb<\/p>\n<p class=\"mb-4 text-lg md:leading-8 break-words\">De son c\u00f4t\u00e9, St\u00e9phane Bern anime notamment Mission Patrimoine, le Village pr\u00e9f\u00e9r\u00e9 des Fran\u00e7ais et Secrets d\u2019histoire. Aupr\u00e8s de <a data-i13n=\"cpos:7;pos:1\" href=\"https:\/\/www.ouest-france.fr\/medias\/television\/stephane-bern\/info-ouest-france-la-carte-aux-tresors-stephane-bern-remplace-cyril-feraud-sur-france-3-45c23388-87d6-11f0-86eb-dac26b435301\" rel=\"nofollow noopener\" target=\"_blank\" data-ylk=\"slk:Ouest France;cpos:7;pos:1;elm:context_link;itc:0;sec:content-canvas\" class=\"link \">Ouest France<\/a>, Alexandra Redde-Amiel, directrice des divertissements \u00e0 France T\u00e9l\u00e9visions, \u00e9voque un choix \u00ab logique \u00bb.<\/p>\n<p class=\"mb-4 text-lg md:leading-8 break-words\">\u00ab St\u00e9phane Bern est la figure du patrimoine, le fin connaisseur des territoires. On a beaucoup \u00e9chang\u00e9 avec lui, il adore cette \u00e9mission et en avait tr\u00e8s envie \u00bb, a-t-elle expliqu\u00e9 au m\u00e9dia.<\/p>\n<p class=\"mb-4 text-lg md:leading-8 break-words\">\u00ab Il est passionn\u00e9 de la France et tr\u00e8s populaire, comme Cyril, qu\u2019on remercie particuli\u00e8rement pour ces huit ans sur cette \u00e9mission qui lui tenait \u00e0 c\u0153ur et qu\u2019il a fait grandir avec talent. \u00bb, a-t-elle ajout\u00e9.<\/p>\n<p>Une \u00ab touche personnelle \u00bb \u00e0 la Bern<\/p>\n<p class=\"mb-4 text-lg md:leading-8 break-words\">Pour ce qui est de La Carte aux tr\u00e9sors, trois num\u00e9ros sont d\u00e9j\u00e0 en cours de pr\u00e9paration. Et des petits changements sont visiblement \u00e0 pr\u00e9voir. \u00ab On va adapter l\u2019\u00e9mission pour St\u00e9phane Bern. Il a envie de jouer mais aussi d\u2019apporter sa touche personnelle \u00bb, a expliqu\u00e9 \u00e0 Ouest France Pierre-Antoine Boucly, producteur de l\u2019\u00e9mission.<\/p>\n<p class=\"mb-4 text-lg md:leading-8 break-words\">\u00ab Je suis tr\u00e8s heureux que France T\u00e9l\u00e9visions me renouvelle sa confiance. J\u2019ai beaucoup parl\u00e9 avec Cyril F\u00e9raud, c\u2019est super ce qu\u2019il a apport\u00e9. Je vais essayer d\u2019apporter ma touche personnelle : toujours plus de patrimoine, et de contact avec les Fran\u00e7ais que j\u2019ai eu avec Le Village pr\u00e9f\u00e9r\u00e9 et Le Monument pr\u00e9f\u00e9r\u00e9 des Fran\u00e7ais \u00bb, a confi\u00e9 St\u00e9phane Bern au m\u00e9dia.<\/p>\n<p class=\"mb-4 text-lg md:leading-8 break-words\">Pour lui, cette aventure fait \u00ab partie des \u00e9missions qui font du bien, embl\u00e9matiques pour montrer les tr\u00e9sors et les beaut\u00e9s de la France \u00bb et surtout, pour lui qui se dit fan d\u2019escape game, ce jeu lui \u00ab correspond assez bien \u00bb.<\/p>\n<p class=\"mb-4 text-lg md:leading-8 break-words\"><a data-i13n=\"cpos:8;pos:1\" href=\"https:\/\/fr.news.yahoo.com\/village-pr%C3%A9f%C3%A9r%C3%A9-fran%C3%A7ais-2024-trouve-140542317.html\" data-ylk=\"slk:Le village pr\u00e9f\u00e9r\u00e9 des Fran\u00e7ais en 2024 se trouve parmi ces 14 villages en comp\u00e9tition;cpos:8;pos:1;elm:context_link;itc:0;sec:content-canvas;outcm:mb_qualified_link;_E:mb_qualified_link;ct:story;\" class=\"link  yahoo-link\" rel=\"nofollow noopener\" target=\"_blank\"> Le village pr\u00e9f\u00e9r\u00e9 des Fran\u00e7ais en 2024 se trouve parmi ces 14 villages en comp\u00e9tition <\/a><\/p>\n<p class=\"mb-4 text-lg md:leading-8 break-words\"><a data-i13n=\"cpos:9;pos:1\" href=\"https:\/\/fr.news.yahoo.com\/st%C3%A9phane-bern-critique-d%C3%A9cision-d-164249136.html\" data-ylk=\"slk:St\u00e9phane Bern critique la d\u00e9cision d\u2019Emmanuel Macron d\u2019installer de nouveaux vitraux \u00e0 Notre-Dame;cpos:9;pos:1;elm:context_link;itc:0;sec:content-canvas;outcm:mb_qualified_link;_E:mb_qualified_link;ct:story;\" class=\"link  yahoo-link\" rel=\"nofollow noopener\" target=\"_blank\"> St\u00e9phane Bern critique la d\u00e9cision d\u2019Emmanuel Macron d\u2019installer de nouveaux vitraux \u00e0 Notre-Dame <\/a><\/p>\n","protected":false},"excerpt":{"rendered":"\u00ab La Carte aux tr\u00e9sors \u00bb a un nouveau visage. L\u2019animateur Cyril F\u00e9raud, qui pr\u00e9sentait l\u2019\u00e9mission sur France&hellip;\n","protected":false},"author":2,"featured_media":362605,"comment_status":"","ping_status":"","sticky":false,"template":"","format":"standard","meta":{"footnotes":""},"categories":[1359],"tags":[49763,4642,58,59,1011,27,876,47257,973,18875],"class_list":{"0":"post-362604","1":"post","2":"type-post","3":"status-publish","4":"format-standard","5":"has-post-thumbnail","7":"category-people","8":"tag-carte-aux-tresors","9":"tag-cyril-feraud","10":"tag-divertissement","11":"tag-entertainment","12":"tag-fr","13":"tag-france","14":"tag-france-3","15":"tag-la-carte","16":"tag-people","17":"tag-stephane-bern"},"share_on_mastodon":{"url":"https:\/\/pubeurope.com\/@fr\/115138949577818724","error":""},"_links":{"self":[{"href":"https:\/\/www.europesays.com\/fr\/wp-json\/wp\/v2\/posts\/362604","targetHints":{"allow":["GET"]}}],"collection":[{"href":"https:\/\/www.europesays.com\/fr\/wp-json\/wp\/v2\/posts"}],"about":[{"href":"https:\/\/www.europesays.com\/fr\/wp-json\/wp\/v2\/types\/post"}],"author":[{"embeddable":true,"href":"https:\/\/www.europesays.com\/fr\/wp-json\/wp\/v2\/users\/2"}],"replies":[{"embeddable":true,"href":"https:\/\/www.europesays.com\/fr\/wp-json\/wp\/v2\/comments?post=362604"}],"version-history":[{"count":0,"href":"https:\/\/www.europesays.com\/fr\/wp-json\/wp\/v2\/posts\/362604\/revisions"}],"wp:featuredmedia":[{"embeddable":true,"href":"https:\/\/www.europesays.com\/fr\/wp-json\/wp\/v2\/media\/362605"}],"wp:attachment":[{"href":"https:\/\/www.europesays.com\/fr\/wp-json\/wp\/v2\/media?parent=362604"}],"wp:term":[{"taxonomy":"category","embeddable":true,"href":"https:\/\/www.europesays.com\/fr\/wp-json\/wp\/v2\/categories?post=362604"},{"taxonomy":"post_tag","embeddable":true,"href":"https:\/\/www.europesays.com\/fr\/wp-json\/wp\/v2\/tags?post=362604"}],"curies":[{"name":"wp","href":"https:\/\/api.w.org\/{rel}","templated":true}]}}