{"id":362608,"date":"2025-09-03T06:29:12","date_gmt":"2025-09-03T06:29:12","guid":{"rendered":"https:\/\/www.europesays.com\/fr\/362608\/"},"modified":"2025-09-03T06:29:12","modified_gmt":"2025-09-03T06:29:12","slug":"la-nuit-au-coeur-de-nathacha-appanah-les-femmes-derriere-les-heures-noires","status":"publish","type":"post","link":"https:\/\/www.europesays.com\/fr\/362608\/","title":{"rendered":"\u00ab La nuit au c\u0153ur \u00bb de Nathacha Appanah : les femmes derri\u00e8re les heures noires"},"content":{"rendered":"<p>Nathacha Appanah raconte trois histoires d\u2019emprise, dont la sienne, dans La nuit au coeur. Cela donne un texte poignant et plein de sinc\u00e9rit\u00e9, qui part aussi de son v\u00e9cu et dans lequel chaque mot est choisi avec pr\u00e9caution.<br \/>\n<img fetchpriority=\"high\" decoding=\"async\" class=\"size-full wp-image-177309 lazyload\" alt=\"Nathacha Appanah\" width=\"800\" height=\"507\" src=\"https:\/\/www.europesays.com\/fr\/wp-content\/uploads\/2025\/09\/APPANAH_Nathacha.jpg\"  data- data-eio-rwidth=\"800\" data-eio-rheight=\"507\"\/>Francesca Mantovani \u00a9 Gallimard<\/p>\n<p>Une grande partie de ce livre \u00e9merge lorsque <strong>Nathacha Appanah<\/strong> d\u00e9couvre le f\u00e9minicide de <strong>Chahinez Daoud<\/strong> en mai 2021 non loin de Bordeaux. Elle se rend compte que cet \u00e9v\u00e9nement fait ressortir chez elle une relation pass\u00e9e d\u2019emprise, une relation qui fait \u00e9cho au drame. L\u2019assassinat de <strong>Chahinez Daoud<\/strong> se passe non loin de chez elle et renforce les liens qu\u2019elle commence \u00e0 cr\u00e9er avec cet \u00e9v\u00e8nement. Un second f\u00e9minicide resurgit aussi lorsque l\u2019autrice repense \u00e0 son pass\u00e9. Il s\u2019agit de celui de sa cousine Emma.<\/p>\n<p><img loading=\"lazy\" decoding=\"async\" class=\"size-full wp-image-176604 alignleft lazyload\" alt=\"La nuit au c\u0153ur de Nathacha Appanah\" width=\"350\" height=\"512\" src=\"https:\/\/www.europesays.com\/fr\/wp-content\/uploads\/2025\/09\/La-nuit-au-coeur-de-Nathacha-Appanah-e1754931450759.webp.webp\" data-eio-rwidth=\"350\" data-eio-rheight=\"512\"\/><\/p>\n<p>En partant de ces trois histoires, dont la sienne, <strong>Nathacha Appanah<\/strong> \u00e9crit un texte fort sur les violences faites aux femmes et tous les m\u00e9canismes qui dans la soci\u00e9t\u00e9 ne permettent pas qu\u2019elles soient prot\u00e9g\u00e9es ou entendues malgr\u00e9 les plaintes d\u00e9pos\u00e9es notamment. Elle d\u00e9cortique avec beaucoup de justesse le ph\u00e9nom\u00e8ne d\u2019emprise dans le couple et les raisons pour lesquelles il est si difficile pour une femme de s\u2019en extraire. Il ne suffit pas de porter un regard ext\u00e9rieur en disant simplement que la personne doit oublier, partir ou aller \u00e0 la police. Les m\u00e9canismes sont bien plus pernicieux. C\u2019est la condition de ces femmes qui est mise en \u00e9vidence, leurs solitudes face \u00e0 cette emprise et c\u2019est toute la force de La nuit au c\u0153ur de rendre tout cela visible. Les six ann\u00e9es d\u2019emprise ont \u00e9t\u00e9 une \u00e9preuve pour l\u2019autrice qui ressent avec encore plus d\u2019acuit\u00e9 ce qu\u2019aurait pu ressentir Chahinez ou Emma sa cousine.<\/p>\n<p>Il est aussi question en sous texte du sens que cela repr\u00e9sente pour elle de prendre la plume pour \u00e9crire sur ces sujets. Pour quelle raison \u00e9crire ? Pour redonner du sens \u00e0 ce qu\u2019il s\u2019est pass\u00e9, pour retisser la vie de ces femmes sans les r\u00e9sumer au drame. La romanci\u00e8re \u00e9bauche des r\u00e9ponses sans donner de r\u00e9ponse toute faite. L\u2019\u00e9criture brasse de nombreuses questions.<\/p>\n<p>Il y a comme un sentiment d\u2019urgence dans ce livre qui une fois que la romanci\u00e8re l\u2019a d\u00e9but\u00e9, se d\u00e9roule sur les pages. C\u2019est difficile pour elle mais c\u2019est une n\u00e9cessit\u00e9, elle l\u2019explique tr\u00e8s bien. L\u2019\u00e9criture permet d\u2019\u00eatre au plus pr\u00e8s du f\u00e9minicide en restituant ce qu\u2019il s\u2019est pass\u00e9 sans d\u00e9tour, sans omettre les derniers instants de vie de ces femmes. Une autre fa\u00e7on pour l\u2019autrice de leur restituer une humanit\u00e9 que les m\u00e9dias (entre autres) gomment. Emma avait une vie de famille et des projets, Chahinez avait construit son foyer dans la r\u00e9gion bordelaise et avait apport\u00e9 un soin tout particulier \u00e0 l\u2019emm\u00e9nagement de son logement pour que ses enfants se sentent bien. Tout cela malgr\u00e9 l\u2019emprise, tout cela malgr\u00e9 les violences et les intimidations silencieuses de leurs conjoints au quotidien.<\/p>\n<p>On retrouve des th\u00e8mes qui lui sont ch\u00e8res comme lorsqu\u2019elle \u00e9voque ses fant\u00f4mes ou des passages autour de la m\u00e9moire et de la transmission. Avec La nuit au c\u0153ur, <strong>Nathacha Appanah<\/strong> livre un texte en grande partie autobiographique. Elle est directement concern\u00e9e dans un de ses r\u00e9cits d\u2019emprise ce qui lui permet de tisser une r\u00e9flexion dense en partant de son v\u00e9cu. Difficile d\u2019ailleurs de trouver les mots justes pour restituer toutes les nuances d\u2019un tel texte. Poignant.<\/p>\n<p><img loading=\"lazy\" decoding=\"async\" class=\"alignnone lazyload\" alt=\"\" width=\"75\" height=\"14\" src=\"https:\/\/www.europesays.com\/fr\/wp-content\/uploads\/2025\/08\/5.gif\" data-eio-rwidth=\"200\" data-eio-rheight=\"40\"\/><\/p>\n<p>S\u00e9bastien Paley<\/p>\n<p>La nuit au c\u0153ur<br \/>roman de Nathacha Appanah<br \/>Editeur : Gallimard<br \/>288 pages \u2013 21 euros<br \/>Date de parution\u00a0: 21 ao\u00fbt 2025<\/p>\n","protected":false},"excerpt":{"rendered":"Nathacha Appanah raconte trois histoires d\u2019emprise, dont la sienne, dans La nuit au coeur. Cela donne un texte&hellip;\n","protected":false},"author":2,"featured_media":362609,"comment_status":"","ping_status":"","sticky":false,"template":"","format":"standard","meta":{"footnotes":""},"categories":[1357],"tags":[1379,58,59,1011,27,1380],"class_list":{"0":"post-362608","1":"post","2":"type-post","3":"status-publish","4":"format-standard","5":"has-post-thumbnail","7":"category-livres","8":"tag-books","9":"tag-divertissement","10":"tag-entertainment","11":"tag-fr","12":"tag-france","13":"tag-livres"},"share_on_mastodon":{"url":"https:\/\/pubeurope.com\/@fr\/115138957680086440","error":""},"_links":{"self":[{"href":"https:\/\/www.europesays.com\/fr\/wp-json\/wp\/v2\/posts\/362608","targetHints":{"allow":["GET"]}}],"collection":[{"href":"https:\/\/www.europesays.com\/fr\/wp-json\/wp\/v2\/posts"}],"about":[{"href":"https:\/\/www.europesays.com\/fr\/wp-json\/wp\/v2\/types\/post"}],"author":[{"embeddable":true,"href":"https:\/\/www.europesays.com\/fr\/wp-json\/wp\/v2\/users\/2"}],"replies":[{"embeddable":true,"href":"https:\/\/www.europesays.com\/fr\/wp-json\/wp\/v2\/comments?post=362608"}],"version-history":[{"count":0,"href":"https:\/\/www.europesays.com\/fr\/wp-json\/wp\/v2\/posts\/362608\/revisions"}],"wp:featuredmedia":[{"embeddable":true,"href":"https:\/\/www.europesays.com\/fr\/wp-json\/wp\/v2\/media\/362609"}],"wp:attachment":[{"href":"https:\/\/www.europesays.com\/fr\/wp-json\/wp\/v2\/media?parent=362608"}],"wp:term":[{"taxonomy":"category","embeddable":true,"href":"https:\/\/www.europesays.com\/fr\/wp-json\/wp\/v2\/categories?post=362608"},{"taxonomy":"post_tag","embeddable":true,"href":"https:\/\/www.europesays.com\/fr\/wp-json\/wp\/v2\/tags?post=362608"}],"curies":[{"name":"wp","href":"https:\/\/api.w.org\/{rel}","templated":true}]}}