{"id":362610,"date":"2025-09-03T06:30:13","date_gmt":"2025-09-03T06:30:13","guid":{"rendered":"https:\/\/www.europesays.com\/fr\/362610\/"},"modified":"2025-09-03T06:30:13","modified_gmt":"2025-09-03T06:30:13","slug":"surface-sur-france-2-a-battu-lamour-est-dans-le-pre-pourquoi-la-serie-avec-laura-smet-cartonne","status":"publish","type":"post","link":"https:\/\/www.europesays.com\/fr\/362610\/","title":{"rendered":"\u00ab\u00a0Surface\u00a0\u00bb sur France\u00a02\u00a0a battu \u00ab\u00a0L\u2019amour est dans le pr\u00e9\u00a0\u00bb\u00a0: pourquoi la s\u00e9rie avec Laura Smet cartonne"},"content":{"rendered":"<p class=\"paragraph text_align_left lp-f-body-02\">Les compteurs s\u2019affolent sur la plate-forme gratuite de France T\u00e9l\u00e9visions. Depuis sa mise en ligne sur France.tv le 21\u00a0ao\u00fbt, la s\u00e9rie <a href=\"https:\/\/www.leparisien.fr\/culture-loisirs\/series\/une-laura-smet-surprenante-des-scenes-sous-marines-oniriques-cinq-raisons-de-plonger-dans-la-serie-surface-31-08-2025-IZGYLG6OQJFLHJBSRX47NPSY6A.php\" target=\"_blank\" rel=\"noreferrer nofollow noopener\">\u00ab\u00a0Surface\u00a0\u00bb<\/a>, avec <a href=\"https:\/\/www.leparisien.fr\/culture-loisirs\/series\/tournage-de-surface-sur-france-2-avec-laura-smet-defiguree-je-suis-obligee-de-repousser-des-peurs-20-07-2024-7HM4HUNOHNERVMTV5JNK5FM2A4.php\" target=\"_blank\" rel=\"noreferrer nofollow noopener\">Laura Smet<\/a> dans la peau d\u2019une flic d\u00e9figur\u00e9e mut\u00e9e pour sa convalescence dans un village d\u2019Occitanie, r\u00e9alise des records.<\/p>\n<p class=\"paragraph text_align_left lp-f-body-02\">Les six \u00e9pisodes <a href=\"https:\/\/www.leparisien.fr\/culture-loisirs\/tv\/dense-prenante-saisissante-on-a-adore-surface-la-serie-avec-laura-smet-et-tomer-sisley-21-08-2025-KKMVIPYOWFHUDCDEY5WL3JSMZI.php\" target=\"_blank\" rel=\"noreferrer nofollow noopener\">de l\u2019adaptation du polar d\u2019Olivier Norek<\/a> autour de la capitaine No\u00e9mie Chastain rattrap\u00e9e par une affaire de squelettes d\u2019enfants, disparus 23\u00a0ans auparavant et retrouv\u00e9s au fond d\u2019un lac, ont d\u00e9j\u00e0 cumul\u00e9 4,6\u00a0millions de vues en douze jours. Deux fois plus que \u00ab\u00a0Rivages\u00a0\u00bb (diffus\u00e9 d\u00e9but 2025) qui d\u00e9tenait jusqu\u2019alors le record (2,4\u00a0millions de visionnages) et le meilleur d\u00e9marrage en avant-premi\u00e8re pour ce type de format sur le site du groupe public. \u00ab\u00a0On a franchi un cap\u00a0!\u00a0\u00bb, se f\u00e9licite Anne Holmes, directrice de la fiction de France T\u00e9l\u00e9visions. \u00ab\u00a0Notre plate-forme est notre premi\u00e8re cha\u00eene avec un public plus jeune (entre 55 et 57 ans)\u00a0\u00bb.<\/p>\n<p>\u00ab\u00a0Cercle vertueux\u00a0\u00bb<\/p>\n<p class=\"paragraph text_align_left lp-f-body-02\">Mieux, la curiosit\u00e9 des t\u00e9l\u00e9spectateurs, qui ont pu d\u00e9couvrir \u00ab\u00a0Surface\u00a0\u00bb en prime time sur France\u00a02 ce lundi 1er\u00a0septembre, n\u2019a pas \u00e9t\u00e9 alt\u00e9r\u00e9e. Les deux premiers in\u00e9dits ont ainsi embarqu\u00e9 3,41\u00a0millions d\u2019amateurs (18,4\u00a0% de PDA), coiffant la suite de la saison\u00a020 de <a href=\"https:\/\/www.leparisien.fr\/culture-loisirs\/tv\/lamour-est-dans-le-pre-les-confessions-intimes-de-gilles-le-retour-surprise-dune-pretendante-02-09-2025-XWEUJCDE6VHKNGSOPHDCNVGANM.php\" rel=\"nofollow noopener\" target=\"_blank\">\u00ab\u00a0L\u2019Amour est dans le pr\u00e9\u00a0\u00bb<\/a> sur M 6 (3,23\u00a0millions, 18,5\u00a0% de PDA) et celle de \u00ab\u00a0Rien ne t\u2019efface\u00a0\u00bb, la cr\u00e9ation adapt\u00e9e d\u2019un roman de Michel Bussi de TF1 (2,97\u00a0millions). Ils ont captiv\u00e9 notamment les jeunes retrait\u00e9s et les actifs de +\u00a0de 50\u00a0ans.<\/p>\n<p class=\"paragraph text_align_left lp-f-body-02\">\u00ab\u00a0Il y a un vrai changement d\u2019habitudes de consommation et un cercle vertueux. Les gens qui ont vu Surface en avant-premi\u00e8re sur France.tv en ont parl\u00e9 autour d\u2019eux et cela a engendr\u00e9 un app\u00e9tit pour sa diffusion \u00e0 l\u2019antenne\u00a0\u00bb, se r\u00e9jouit la productrice Iris Bucher (Quad Drama).<\/p>\n<p class=\"paragraph text_align_left lp-f-body-02\">La recette miracle de ce thriller teint\u00e9 de psychologie autour d\u2019un \u00ab\u00a0cold case\u00a0\u00bb\u00a0? \u00ab\u00a0Apr\u00e8s les rediffusions de l\u2019\u00e9t\u00e9, programmer une s\u00e9rie de qualit\u00e9 in\u00e9dite fait du bien. Et tout y est r\u00e9uni\u00a0: le myst\u00e8re, le lac, une h\u00e9ro\u00efne avec une f\u00ealure visible, analyse <a href=\"https:\/\/www.leparisien.fr\/culture-loisirs\/tv\/anne-holmes-patronne-de-la-fiction-de-france-televisions-notre-plate-forme-doit-etre-la-premiere-chaine-30-06-2025-WTITN4Q24JG2HGSWR43PUTSIEE.php\" target=\"_blank\" rel=\"noreferrer nofollow noopener\">Anne Holmes<\/a>. Et, dans ce monde o\u00f9 il se passe quelque chose toutes les 30 secondes, opter pour une intrigue qui prend son temps \u00e9tait un pari. Mais les plates-formes ont ouvert la voie\u00a0: le public a besoin d\u2019offres diff\u00e9rentes\u00a0\u00bb.<\/p>\n<p>\u00ab\u00a0Fort potentiel addictif\u00a0\u00bb<\/p>\n<p class=\"paragraph text_align_left lp-f-body-02\">\u00ab\u00a0Il y a la force du tr\u00e8s beau r\u00e9cit d\u2019Olivier Norek, dont nos sc\u00e9naristes se sont empar\u00e9s. On avait tr\u00e8s envie aussi de faire d\u00e9couvrir de nouveaux visages, notamment parmi les com\u00e9diens qui incarnent les membres de l\u2019\u00e9quipe du commissariat. Cela apporte une fra\u00eecheur, rench\u00e9rit la productrice pour expliquer l\u2019engouement. Et chaque talent s\u2019est investi avec la m\u00eame exigence autour de cette belle histoire, de l\u2019\u00e9criture au r\u00e9alisateur Slimane-Baptiste Berhoun, des acteurs \u00e0 l\u2019\u00e9quipe de maquillage. Les plans sous-marins sortent du d\u00e9j\u00e0-vu et les t\u00e9l\u00e9spectateurs ne s\u2019y trompent pas. On a r\u00e9ussi \u00e9galement \u00e0 donner \u00e0 chaque fin d\u2019\u00e9pisode un fort potentiel addictif. Et si la cicatrice que porte Laura Smet sur son visage avait \u00e9t\u00e9 rat\u00e9e, la s\u00e9rie l\u2019aurait \u00e9t\u00e9 aussi\u00a0\u00bb.<\/p>\n<p>Laura Smet, un \u00ab\u00a0effet de curiosit\u00e9\u00a0\u00bb<\/p>\n<p class=\"paragraph text_align_left lp-f-body-02\">La pr\u00e9sence de l\u2019actrice, accompagn\u00e9e par Tomer Sisley, constitue l\u2019atout de poids. \u00ab\u00a0Les acteurs et actrices sont tous \u00e9patants, avec une mention pour <a href=\"https:\/\/www.leparisien.fr\/culture-loisirs\/laura-smet-debute-au-theatre-cest-pour-mon-fils-que-je-le-fais-16-09-2022-NWSCFCVKJRBF3JC5ZSVBH7PQRU.php\" target=\"_blank\" rel=\"noreferrer nofollow noopener\">Laura Smet <\/a>bluffante de naturel\u00a0\u00bb, \u00e9crit Claude, un internaute. \u00ab\u00a0Elle cr\u00e8ve l\u2019\u00e9cran\u00a0\u00bb, remarque une autre t\u00e9l\u00e9spectatrice enthousiaste. \u00ab\u00a0Laura \u00e9tait discr\u00e8te ces derniers temps et elle est ch\u00e8re au c\u0153ur des Fran\u00e7ais, d\u00e9crypte Iris Bucher. Beaucoup ont de la tendresse pour elle. Ici, ce que le personnage de No\u00e9mie d\u00e9gage correspond parfaitement avec ce que Laura d\u00e9gage dans la vie\u00a0\u00bb.<\/p>\n<p class=\"paragraph text_align_left lp-f-body-02\">\u00ab\u00a0Il y a une app\u00e9tence, un effet de curiosit\u00e9 autour d\u2019elle et de Tomer Sisley (qui incarne un plongeur de la Fluviale charg\u00e9 de sonder le lac)\u00a0\u00bb, confirme de son c\u00f4t\u00e9 la patronne de la fiction de France T\u00e9l\u00e9visions. Avec un espoir\u00a0: que les chiffres du rattrapage, pour ceux qui regarderont cette production en d\u00e9cal\u00e9, fassent encore grimper les audiences.<\/p>\n","protected":false},"excerpt":{"rendered":"Les compteurs s\u2019affolent sur la plate-forme gratuite de France T\u00e9l\u00e9visions. Depuis sa mise en ligne sur France.tv le&hellip;\n","protected":false},"author":2,"featured_media":362611,"comment_status":"","ping_status":"","sticky":false,"template":"","format":"standard","meta":{"footnotes":""},"categories":[1356],"tags":[872,58,59,1011,27,252,2205,1364],"class_list":{"0":"post-362610","1":"post","2":"type-post","3":"status-publish","4":"format-standard","5":"has-post-thumbnail","7":"category-television","8":"tag-culture-et-loisirs","9":"tag-divertissement","10":"tag-entertainment","11":"tag-fr","12":"tag-france","13":"tag-television","14":"tag-television-medias","15":"tag-tv"},"share_on_mastodon":{"url":"https:\/\/pubeurope.com\/@fr\/115138961369238206","error":""},"_links":{"self":[{"href":"https:\/\/www.europesays.com\/fr\/wp-json\/wp\/v2\/posts\/362610","targetHints":{"allow":["GET"]}}],"collection":[{"href":"https:\/\/www.europesays.com\/fr\/wp-json\/wp\/v2\/posts"}],"about":[{"href":"https:\/\/www.europesays.com\/fr\/wp-json\/wp\/v2\/types\/post"}],"author":[{"embeddable":true,"href":"https:\/\/www.europesays.com\/fr\/wp-json\/wp\/v2\/users\/2"}],"replies":[{"embeddable":true,"href":"https:\/\/www.europesays.com\/fr\/wp-json\/wp\/v2\/comments?post=362610"}],"version-history":[{"count":0,"href":"https:\/\/www.europesays.com\/fr\/wp-json\/wp\/v2\/posts\/362610\/revisions"}],"wp:featuredmedia":[{"embeddable":true,"href":"https:\/\/www.europesays.com\/fr\/wp-json\/wp\/v2\/media\/362611"}],"wp:attachment":[{"href":"https:\/\/www.europesays.com\/fr\/wp-json\/wp\/v2\/media?parent=362610"}],"wp:term":[{"taxonomy":"category","embeddable":true,"href":"https:\/\/www.europesays.com\/fr\/wp-json\/wp\/v2\/categories?post=362610"},{"taxonomy":"post_tag","embeddable":true,"href":"https:\/\/www.europesays.com\/fr\/wp-json\/wp\/v2\/tags?post=362610"}],"curies":[{"name":"wp","href":"https:\/\/api.w.org\/{rel}","templated":true}]}}